{"id":6324,"date":"2026-03-11T08:11:28","date_gmt":"2026-03-11T12:11:28","guid":{"rendered":"https:\/\/infobo.digital\/?p=6324"},"modified":"2026-03-11T08:11:31","modified_gmt":"2026-03-11T12:11:31","slug":"felipe-vi-llega-a-bolivia-y-sostendra-reuniones","status":"publish","type":"post","link":"https:\/\/infobo.digital\/?p=6324","title":{"rendered":"Felipe VI llega a Bolivia y sostendr\u00e1 reuniones con el presidente Rodrigo Paz y empresarios"},"content":{"rendered":"\n<p><em>El rey de Espa\u00f1a, Felipe VI, arribar\u00e1 este mi\u00e9rcoles a Bolivia tras asistir a la investidura del presidente de Chile, Jos\u00e9 Antonio Kast. Durante su visita en La Paz, el monarca tiene previsto reunirse con el presidente boliviano, Rodrigo Paz, y participar en encuentros con representantes del sector empresarial.<\/em>\u200e\u200e<\/p>\n\n\n\n<p><strong>La Paz, 11 de marzo de 2026 .\u2013<\/strong> El canciller de Bolivia, Fernando Aramayo, inform\u00f3 en conferencia de prensa que el monarca llegar\u00e1 al pa\u00eds despu\u00e9s de participar en la ceremonia de investidura de Kast en Chile, evento al que tambi\u00e9n asiste el presidente Paz.\u200e\u200e<\/p>\n\n\n\n<p>Seg\u00fan la Canciller\u00eda, la agenda del rey incluye una recepci\u00f3n con residentes espa\u00f1oles en Bolivia. Adem\u00e1s, el jueves 12 de marzo por la ma\u00f1ana sostendr\u00e1 un encuentro con representantes del sector empresarial espa\u00f1ol y boliviano.\u200e\u200e<\/p>\n\n\n\n<p>Posteriormente, Felipe VI ser\u00e1 recibido en el antiguo Palacio de Gobierno en La Paz por el presidente Rodrigo Paz, junto a miembros de su gabinete y a los altos mandos de las Fuerzas Armadas y de la Polic\u00eda. Tras el acto protocolar est\u00e1 previsto un almuerzo de trabajo entre ambas delegaciones.<\/p>\n\n\n\n<p>\u200e\u200eDe acuerdo con Aramayo, la visita permitir\u00e1 abordar diversos temas bilaterales, entre ellos la preparaci\u00f3n de la agenda de un eventual viaje del presidente boliviano a Europa que el Gobierno espera concretar en el corto plazo.\u200e\u200e<\/p>\n\n\n\n<p>En declaraciones previas, Paz se\u00f1al\u00f3 que mantiene una relaci\u00f3n personal con el monarca desde su juventud y expres\u00f3 que la visita podr\u00eda contribuir a fortalecer los v\u00ednculos con inversiones espa\u00f1olas en Bolivia.\u200e\u200e<\/p>\n\n\n\n<p>El presidente boliviano naci\u00f3 en Santiago de Compostela en 1967 y es hijo del expresidente Jaime Paz Zamora y de Carmen Pereira. Durante su infancia residi\u00f3 en varios pa\u00edses debido a la situaci\u00f3n pol\u00edtica en Bolivia durante los gobiernos militares.<\/p>\n","protected":false},"excerpt":{"rendered":"<p>El canciller de Bolivia, inform\u00f3 que el monarca llegar\u00e1 al pa\u00eds despu\u00e9s de participar en la ceremonia de investidura de Kast en Chile<\/p>\n","protected":false},"author":8,"featured_media":6325,"comment_status":"closed","ping_status":"closed","sticky":false,"template":"","format":"standard","meta":{"jetpack_post_was_ever_published":false,"_jetpack_newsletter_access":"","_jetpack_dont_email_post_to_subs":false,"_jetpack_newsletter_tier_id":0,"_jetpack_memberships_contains_paywalled_content":false,"_jetpack_memberships_contains_paid_content":false,"footnotes":""},"categories":[10],"tags":[56,1117,2633],"class_list":["post-6324","post","type-post","status-publish","format-standard","has-post-thumbnail","hentry","category-politica","tag-bolivia","tag-reunion","tag-rey-felipe"],"yoast_head":"<!-- This site is optimized with the Yoast SEO plugin v26.7 - https:\/\/yoast.com\/wordpress\/plugins\/seo\/ -->\n<title>Felipe VI llega a Bolivia y sostendr\u00e1 reuniones<\/title>\n<meta name=\"description\" content=\"El canciller de Bolivia, inform\u00f3 que el monarca llegar\u00e1 al pa\u00eds despu\u00e9s de participar en la ceremonia de investidura de Kast en Chile\" \/>\n<meta name=\"robots\" content=\"index, follow, max-snippet:-1, max-image-preview:large, max-video-preview:-1\" \/>\n<link rel=\"canonical\" href=\"https:\/\/infobo.digital\/?p=6324\" \/>\n<meta property=\"og:locale\" content=\"es_ES\" \/>\n<meta property=\"og:type\" content=\"article\" \/>\n<meta property=\"og:title\" content=\"Felipe VI llega a Bolivia y sostendr\u00e1 reuniones\" \/>\n<meta property=\"og:description\" content=\"El canciller de Bolivia, inform\u00f3 que el monarca llegar\u00e1 al pa\u00eds despu\u00e9s de participar en la ceremonia de investidura de Kast en Chile\" \/>\n<meta property=\"og:url\" content=\"https:\/\/infobo.digital\/?p=6324\" \/>\n<meta property=\"article:publisher\" content=\"https:\/\/www.facebook.com\/profile.php?id=61560121555099&amp;mibextid=qi2Omg&amp;rdid=j3LLjPu1LdtSYmlZ\" \/>\n<meta property=\"article:published_time\" content=\"2026-03-11T12:11:28+00:00\" \/>\n<meta property=\"article:modified_time\" content=\"2026-03-11T12:11:31+00:00\" \/>\n<meta property=\"og:image\" content=\"https:\/\/infobo.digital\/wp-content\/uploads\/2026\/03\/273b80675a63a0307f2d50607e17ebd50084_101-14722055_20260311005833.webp\" \/>\n\t<meta property=\"og:image:width\" content=\"420\" \/>\n\t<meta property=\"og:image:height\" content=\"280\" \/>\n\t<meta property=\"og:image:type\" content=\"image\/webp\" \/>\n<meta name=\"author\" content=\"Redacci\u00f3n General\" \/>\n<meta name=\"twitter:card\" content=\"summary_large_image\" \/>\n<meta name=\"twitter:title\" content=\"Felipe VI llega a Bolivia y sostendr\u00e1 reuniones\" \/>\n<meta name=\"twitter:description\" content=\"El canciller de Bolivia, inform\u00f3 que el monarca llegar\u00e1 al pa\u00eds despu\u00e9s de participar en la ceremonia de investidura de Kast en Chile\" \/>\n<meta name=\"twitter:image\" content=\"https:\/\/infobo.digital\/wp-content\/uploads\/2026\/03\/273b80675a63a0307f2d50607e17ebd50084_101-14722055_20260311005833.webp\" \/>\n<meta name=\"twitter:label1\" content=\"Escrito por\" \/>\n\t<meta name=\"twitter:data1\" content=\"Redacci\u00f3n General\" \/>\n\t<meta name=\"twitter:label2\" content=\"Tiempo de lectura\" \/>\n\t<meta name=\"twitter:data2\" content=\"2 minutos\" \/>\n<script type=\"application\/ld+json\" class=\"yoast-schema-graph\">{\"@context\":\"https:\/\/schema.org\",\"@graph\":[{\"@type\":\"Article\",\"@id\":\"https:\/\/infobo.digital\/?p=6324#article\",\"isPartOf\":{\"@id\":\"https:\/\/infobo.digital\/?p=6324\"},\"author\":{\"name\":\"Redacci\u00f3n General\",\"@id\":\"https:\/\/infobo.digital\/#\/schema\/person\/ecf650d5ce7363a55760f67687117a7a\"},\"headline\":\"Felipe VI llega a Bolivia y sostendr\u00e1 reuniones con el presidente Rodrigo Paz y empresarios\",\"datePublished\":\"2026-03-11T12:11:28+00:00\",\"dateModified\":\"2026-03-11T12:11:31+00:00\",\"mainEntityOfPage\":{\"@id\":\"https:\/\/infobo.digital\/?p=6324\"},\"wordCount\":320,\"publisher\":{\"@id\":\"https:\/\/infobo.digital\/#organization\"},\"image\":{\"@id\":\"https:\/\/infobo.digital\/?p=6324#primaryimage\"},\"thumbnailUrl\":\"https:\/\/infobo.digital\/wp-content\/uploads\/2026\/03\/273b80675a63a0307f2d50607e17ebd50084_101-14722055_20260311005833.webp\",\"keywords\":[\"Bolivia\",\"reuni\u00f3n\",\"Rey Felipe\"],\"articleSection\":[\"Pol\u00edtica\"],\"inLanguage\":\"es\"},{\"@type\":\"WebPage\",\"@id\":\"https:\/\/infobo.digital\/?p=6324\",\"url\":\"https:\/\/infobo.digital\/?p=6324\",\"name\":\"Felipe VI llega a Bolivia y sostendr\u00e1 reuniones\",\"isPartOf\":{\"@id\":\"https:\/\/infobo.digital\/#website\"},\"primaryImageOfPage\":{\"@id\":\"https:\/\/infobo.digital\/?p=6324#primaryimage\"},\"image\":{\"@id\":\"https:\/\/infobo.digital\/?p=6324#primaryimage\"},\"thumbnailUrl\":\"https:\/\/infobo.digital\/wp-content\/uploads\/2026\/03\/273b80675a63a0307f2d50607e17ebd50084_101-14722055_20260311005833.webp\",\"datePublished\":\"2026-03-11T12:11:28+00:00\",\"dateModified\":\"2026-03-11T12:11:31+00:00\",\"description\":\"El canciller de Bolivia, inform\u00f3 que el monarca llegar\u00e1 al pa\u00eds despu\u00e9s de participar en la ceremonia de investidura de Kast en Chile\",\"breadcrumb\":{\"@id\":\"https:\/\/infobo.digital\/?p=6324#breadcrumb\"},\"inLanguage\":\"es\",\"potentialAction\":[{\"@type\":\"ReadAction\",\"target\":[\"https:\/\/infobo.digital\/?p=6324\"]}]},{\"@type\":\"ImageObject\",\"inLanguage\":\"es\",\"@id\":\"https:\/\/infobo.digital\/?p=6324#primaryimage\",\"url\":\"https:\/\/infobo.digital\/wp-content\/uploads\/2026\/03\/273b80675a63a0307f2d50607e17ebd50084_101-14722055_20260311005833.webp\",\"contentUrl\":\"https:\/\/infobo.digital\/wp-content\/uploads\/2026\/03\/273b80675a63a0307f2d50607e17ebd50084_101-14722055_20260311005833.webp\",\"width\":420,\"height\":280},{\"@type\":\"BreadcrumbList\",\"@id\":\"https:\/\/infobo.digital\/?p=6324#breadcrumb\",\"itemListElement\":[{\"@type\":\"ListItem\",\"position\":1,\"name\":\"Portada\",\"item\":\"https:\/\/infobo.digital\/\"},{\"@type\":\"ListItem\",\"position\":2,\"name\":\"Felipe VI llega a Bolivia y sostendr\u00e1 reuniones con el presidente Rodrigo Paz y empresarios\"}]},{\"@type\":\"WebSite\",\"@id\":\"https:\/\/infobo.digital\/#website\",\"url\":\"https:\/\/infobo.digital\/\",\"name\":\"Info Bolivia Digital\",\"description\":\"\",\"publisher\":{\"@id\":\"https:\/\/infobo.digital\/#organization\"},\"potentialAction\":[{\"@type\":\"SearchAction\",\"target\":{\"@type\":\"EntryPoint\",\"urlTemplate\":\"https:\/\/infobo.digital\/?s={search_term_string}\"},\"query-input\":{\"@type\":\"PropertyValueSpecification\",\"valueRequired\":true,\"valueName\":\"search_term_string\"}}],\"inLanguage\":\"es\"},{\"@type\":\"Organization\",\"@id\":\"https:\/\/infobo.digital\/#organization\",\"name\":\"Info Bolivia Digital\",\"alternateName\":\"Info Bolivia Digital\",\"url\":\"https:\/\/infobo.digital\/\",\"logo\":{\"@type\":\"ImageObject\",\"inLanguage\":\"es\",\"@id\":\"https:\/\/infobo.digital\/#\/schema\/logo\/image\/\",\"url\":\"https:\/\/infobo.digital\/wp-content\/uploads\/2024\/05\/cropped-logo-1.png\",\"contentUrl\":\"https:\/\/infobo.digital\/wp-content\/uploads\/2024\/05\/cropped-logo-1.png\",\"width\":3000,\"height\":999,\"caption\":\"Info Bolivia Digital\"},\"image\":{\"@id\":\"https:\/\/infobo.digital\/#\/schema\/logo\/image\/\"},\"sameAs\":[\"https:\/\/www.facebook.com\/profile.php?id=61560121555099&mibextid=qi2Omg&rdid=j3LLjPu1LdtSYmlZ\",\"https:\/\/www.tiktok.com\/@infodigital.bo?_t=8od23EgGmH8&_r=1\"]},{\"@type\":\"Person\",\"@id\":\"https:\/\/infobo.digital\/#\/schema\/person\/ecf650d5ce7363a55760f67687117a7a\",\"name\":\"Redacci\u00f3n General\",\"image\":{\"@type\":\"ImageObject\",\"inLanguage\":\"es\",\"@id\":\"https:\/\/infobo.digital\/#\/schema\/person\/image\/\",\"url\":\"https:\/\/secure.gravatar.com\/avatar\/97bd61f1308a28696179d42a05cfb514987ef11bd51bb8c6ad7056f2a513d186?s=96&d=mm&r=g\",\"contentUrl\":\"https:\/\/secure.gravatar.com\/avatar\/97bd61f1308a28696179d42a05cfb514987ef11bd51bb8c6ad7056f2a513d186?s=96&d=mm&r=g\",\"caption\":\"Redacci\u00f3n General\"},\"sameAs\":[\"https:\/\/infobo.digital\/\"]}]}<\/script>\n<!-- \/ Yoast SEO plugin. -->","yoast_head_json":{"title":"Felipe VI llega a Bolivia y sostendr\u00e1 reuniones","description":"El canciller de Bolivia, inform\u00f3 que el monarca llegar\u00e1 al pa\u00eds despu\u00e9s de participar en la ceremonia de investidura de Kast en Chile","robots":{"index":"index","follow":"follow","max-snippet":"max-snippet:-1","max-image-preview":"max-image-preview:large","max-video-preview":"max-video-preview:-1"},"canonical":"https:\/\/infobo.digital\/?p=6324","og_locale":"es_ES","og_type":"article","og_title":"Felipe VI llega a Bolivia y sostendr\u00e1 reuniones","og_description":"El canciller de Bolivia, inform\u00f3 que el monarca llegar\u00e1 al pa\u00eds despu\u00e9s de participar en la ceremonia de investidura de Kast en Chile","og_url":"https:\/\/infobo.digital\/?p=6324","article_publisher":"https:\/\/www.facebook.com\/profile.php?id=61560121555099&mibextid=qi2Omg&rdid=j3LLjPu1LdtSYmlZ","article_published_time":"2026-03-11T12:11:28+00:00","article_modified_time":"2026-03-11T12:11:31+00:00","og_image":[{"width":420,"height":280,"url":"https:\/\/infobo.digital\/wp-content\/uploads\/2026\/03\/273b80675a63a0307f2d50607e17ebd50084_101-14722055_20260311005833.webp","type":"image\/webp"}],"author":"Redacci\u00f3n General","twitter_card":"summary_large_image","twitter_title":"Felipe VI llega a Bolivia y sostendr\u00e1 reuniones","twitter_description":"El canciller de Bolivia, inform\u00f3 que el monarca llegar\u00e1 al pa\u00eds despu\u00e9s de participar en la ceremonia de investidura de Kast en Chile","twitter_image":"https:\/\/infobo.digital\/wp-content\/uploads\/2026\/03\/273b80675a63a0307f2d50607e17ebd50084_101-14722055_20260311005833.webp","twitter_misc":{"Escrito por":"Redacci\u00f3n General","Tiempo de lectura":"2 minutos"},"schema":{"@context":"https:\/\/schema.org","@graph":[{"@type":"Article","@id":"https:\/\/infobo.digital\/?p=6324#article","isPartOf":{"@id":"https:\/\/infobo.digital\/?p=6324"},"author":{"name":"Redacci\u00f3n General","@id":"https:\/\/infobo.digital\/#\/schema\/person\/ecf650d5ce7363a55760f67687117a7a"},"headline":"Felipe VI llega a Bolivia y sostendr\u00e1 reuniones con el presidente Rodrigo Paz y empresarios","datePublished":"2026-03-11T12:11:28+00:00","dateModified":"2026-03-11T12:11:31+00:00","mainEntityOfPage":{"@id":"https:\/\/infobo.digital\/?p=6324"},"wordCount":320,"publisher":{"@id":"https:\/\/infobo.digital\/#organization"},"image":{"@id":"https:\/\/infobo.digital\/?p=6324#primaryimage"},"thumbnailUrl":"https:\/\/infobo.digital\/wp-content\/uploads\/2026\/03\/273b80675a63a0307f2d50607e17ebd50084_101-14722055_20260311005833.webp","keywords":["Bolivia","reuni\u00f3n","Rey Felipe"],"articleSection":["Pol\u00edtica"],"inLanguage":"es"},{"@type":"WebPage","@id":"https:\/\/infobo.digital\/?p=6324","url":"https:\/\/infobo.digital\/?p=6324","name":"Felipe VI llega a Bolivia y sostendr\u00e1 reuniones","isPartOf":{"@id":"https:\/\/infobo.digital\/#website"},"primaryImageOfPage":{"@id":"https:\/\/infobo.digital\/?p=6324#primaryimage"},"image":{"@id":"https:\/\/infobo.digital\/?p=6324#primaryimage"},"thumbnailUrl":"https:\/\/infobo.digital\/wp-content\/uploads\/2026\/03\/273b80675a63a0307f2d50607e17ebd50084_101-14722055_20260311005833.webp","datePublished":"2026-03-11T12:11:28+00:00","dateModified":"2026-03-11T12:11:31+00:00","description":"El canciller de Bolivia, inform\u00f3 que el monarca llegar\u00e1 al pa\u00eds despu\u00e9s de participar en la ceremonia de investidura de Kast en Chile","breadcrumb":{"@id":"https:\/\/infobo.digital\/?p=6324#breadcrumb"},"inLanguage":"es","potentialAction":[{"@type":"ReadAction","target":["https:\/\/infobo.digital\/?p=6324"]}]},{"@type":"ImageObject","inLanguage":"es","@id":"https:\/\/infobo.digital\/?p=6324#primaryimage","url":"https:\/\/infobo.digital\/wp-content\/uploads\/2026\/03\/273b80675a63a0307f2d50607e17ebd50084_101-14722055_20260311005833.webp","contentUrl":"https:\/\/infobo.digital\/wp-content\/uploads\/2026\/03\/273b80675a63a0307f2d50607e17ebd50084_101-14722055_20260311005833.webp","width":420,"height":280},{"@type":"BreadcrumbList","@id":"https:\/\/infobo.digital\/?p=6324#breadcrumb","itemListElement":[{"@type":"ListItem","position":1,"name":"Portada","item":"https:\/\/infobo.digital\/"},{"@type":"ListItem","position":2,"name":"Felipe VI llega a Bolivia y sostendr\u00e1 reuniones con el presidente Rodrigo Paz y empresarios"}]},{"@type":"WebSite","@id":"https:\/\/infobo.digital\/#website","url":"https:\/\/infobo.digital\/","name":"Info Bolivia Digital","description":"","publisher":{"@id":"https:\/\/infobo.digital\/#organization"},"potentialAction":[{"@type":"SearchAction","target":{"@type":"EntryPoint","urlTemplate":"https:\/\/infobo.digital\/?s={search_term_string}"},"query-input":{"@type":"PropertyValueSpecification","valueRequired":true,"valueName":"search_term_string"}}],"inLanguage":"es"},{"@type":"Organization","@id":"https:\/\/infobo.digital\/#organization","name":"Info Bolivia Digital","alternateName":"Info Bolivia Digital","url":"https:\/\/infobo.digital\/","logo":{"@type":"ImageObject","inLanguage":"es","@id":"https:\/\/infobo.digital\/#\/schema\/logo\/image\/","url":"https:\/\/infobo.digital\/wp-content\/uploads\/2024\/05\/cropped-logo-1.png","contentUrl":"https:\/\/infobo.digital\/wp-content\/uploads\/2024\/05\/cropped-logo-1.png","width":3000,"height":999,"caption":"Info Bolivia Digital"},"image":{"@id":"https:\/\/infobo.digital\/#\/schema\/logo\/image\/"},"sameAs":["https:\/\/www.facebook.com\/profile.php?id=61560121555099&mibextid=qi2Omg&rdid=j3LLjPu1LdtSYmlZ","https:\/\/www.tiktok.com\/@infodigital.bo?_t=8od23EgGmH8&_r=1"]},{"@type":"Person","@id":"https:\/\/infobo.digital\/#\/schema\/person\/ecf650d5ce7363a55760f67687117a7a","name":"Redacci\u00f3n General","image":{"@type":"ImageObject","inLanguage":"es","@id":"https:\/\/infobo.digital\/#\/schema\/person\/image\/","url":"https:\/\/secure.gravatar.com\/avatar\/97bd61f1308a28696179d42a05cfb514987ef11bd51bb8c6ad7056f2a513d186?s=96&d=mm&r=g","contentUrl":"https:\/\/secure.gravatar.com\/avatar\/97bd61f1308a28696179d42a05cfb514987ef11bd51bb8c6ad7056f2a513d186?s=96&d=mm&r=g","caption":"Redacci\u00f3n General"},"sameAs":["https:\/\/infobo.digital\/"]}]}},"jetpack_featured_media_url":"https:\/\/infobo.digital\/wp-content\/uploads\/2026\/03\/273b80675a63a0307f2d50607e17ebd50084_101-14722055_20260311005833.webp","jetpack_sharing_enabled":true,"_links":{"self":[{"href":"https:\/\/infobo.digital\/index.php?rest_route=\/wp\/v2\/posts\/6324","targetHints":{"allow":["GET"]}}],"collection":[{"href":"https:\/\/infobo.digital\/index.php?rest_route=\/wp\/v2\/posts"}],"about":[{"href":"https:\/\/infobo.digital\/index.php?rest_route=\/wp\/v2\/types\/post"}],"author":[{"embeddable":true,"href":"https:\/\/infobo.digital\/index.php?rest_route=\/wp\/v2\/users\/8"}],"replies":[{"embeddable":true,"href":"https:\/\/infobo.digital\/index.php?rest_route=%2Fwp%2Fv2%2Fcomments&post=6324"}],"version-history":[{"count":2,"href":"https:\/\/infobo.digital\/index.php?rest_route=\/wp\/v2\/posts\/6324\/revisions"}],"predecessor-version":[{"id":6327,"href":"https:\/\/infobo.digital\/index.php?rest_route=\/wp\/v2\/posts\/6324\/revisions\/6327"}],"wp:featuredmedia":[{"embeddable":true,"href":"https:\/\/infobo.digital\/index.php?rest_route=\/wp\/v2\/media\/6325"}],"wp:attachment":[{"href":"https:\/\/infobo.digital\/index.php?rest_route=%2Fwp%2Fv2%2Fmedia&parent=6324"}],"wp:term":[{"taxonomy":"category","embeddable":true,"href":"https:\/\/infobo.digital\/index.php?rest_route=%2Fwp%2Fv2%2Fcategories&post=6324"},{"taxonomy":"post_tag","embeddable":true,"href":"https:\/\/infobo.digital\/index.php?rest_route=%2Fwp%2Fv2%2Ftags&post=6324"}],"curies":[{"name":"wp","href":"https:\/\/api.w.org\/{rel}","templated":true}]}}