{"id":6328,"date":"2026-03-11T11:30:00","date_gmt":"2026-03-11T15:30:00","guid":{"rendered":"https:\/\/infobo.digital\/?p=6328"},"modified":"2026-03-11T08:28:43","modified_gmt":"2026-03-11T12:28:43","slug":"ministerio-de-salud-reporta-5-371-casos-de-chikungunya","status":"publish","type":"post","link":"https:\/\/infobo.digital\/?p=6328","title":{"rendered":"Ministerio de Salud reporta 5.371 casos de chikungunya y declara alerta roja en La Paz"},"content":{"rendered":"\n<p><em>El Ministerio de Salud inform\u00f3 este martes que en Bolivia se registraron 5.371 casos de chikungunya, con mayor concentraci\u00f3n en el departamento de Santa Cruz. Ante la presencia de contagios en La Paz, se declar\u00f3 alerta roja para reforzar las medidas de prevenci\u00f3n y control del vector. De manera paralela, contin\u00faa la campa\u00f1a nacional de vacunaci\u00f3n contra el sarampi\u00f3n dirigida a personas de seis meses a 19 a\u00f1os.\u200e\u200e<\/em><\/p>\n\n\n\n<p><strong>La Paz, 11 de marzo de 2026 .\u2013<\/strong> La viceministra de Promoci\u00f3n, Vigilancia Epidemiol\u00f3gica y Medicina Tradicional, Roxana Salamanca, report\u00f3 que del total de casos registrados en el pa\u00eds, 4.500 corresponden al departamento de Santa Cruz. Tarija registra 332 casos, Cochabamba 303, Chuquisaca 81 y La Paz 68.\u200e\u200e<\/p>\n\n\n\n<p>De acuerdo con la autoridad, en la ciudad de Santa Cruz de la Sierra se observa una disminuci\u00f3n en los reportes recientes de contagios. No obstante, brigadas sanitarias mantienen acciones de control del mosquito transmisor mediante la eliminaci\u00f3n de criaderos y fumigaci\u00f3n, en coordinaci\u00f3n con autoridades locales.\u200e\u200e<\/p>\n\n\n\n<p>En relaci\u00f3n con un fallecimiento reportado recientemente en la capital cruce\u00f1a, Salamanca indic\u00f3 que el caso se encuentra en proceso de investigaci\u00f3n para establecer las causas.\u200e\u200e<\/p>\n\n\n\n<p>En el departamento de La Paz, el Ministerio de Salud declar\u00f3 alerta roja ante la presencia de casos confirmados. Como parte de las acciones de respuesta, la instituci\u00f3n dispuso la entrega de biolarvicidas e insecticidas para apoyar las tareas de prevenci\u00f3n y control que ejecutan las autoridades departamentales y municipales.<\/p>\n\n\n\n<p>\u200e\u200eDe manera paralela, el Ministerio mantiene activa la campa\u00f1a de vacunaci\u00f3n contra el sarampi\u00f3n dirigida a la poblaci\u00f3n de seis meses a 19 a\u00f1os. La estrategia prioriza el departamento de Santa Cruz, donde se concentra la mayor cantidad de casos de esa enfermedad.\u200e\u200e<\/p>\n\n\n\n<p>La viceministra reiter\u00f3 el llamado a la poblaci\u00f3n a acudir a los centros de salud para completar los esquemas de vacunaci\u00f3n y a colaborar con las acciones de prevenci\u00f3n mediante la eliminaci\u00f3n de recipientes con agua estancada que puedan convertirse en criaderos de mosquitos.<\/p>\n","protected":false},"excerpt":{"rendered":"<p>Ministerio de Salud inform\u00f3 que en Bolivia se registraron 5.371 casos de chikungunya y se declara alerta roja en La Paz<\/p>\n","protected":false},"author":8,"featured_media":6329,"comment_status":"closed","ping_status":"closed","sticky":false,"template":"","format":"standard","meta":{"jetpack_post_was_ever_published":false,"_jetpack_newsletter_access":"","_jetpack_dont_email_post_to_subs":false,"_jetpack_newsletter_tier_id":0,"_jetpack_memberships_contains_paywalled_content":false,"_jetpack_memberships_contains_paid_content":false,"footnotes":""},"categories":[7],"tags":[1396,2187,108,83],"class_list":["post-6328","post","type-post","status-publish","format-standard","has-post-thumbnail","hentry","category-salud","tag-alerta-roja","tag-chikungunya","tag-la-paz","tag-santa-cruz"],"yoast_head":"<!-- This site is optimized with the Yoast SEO plugin v26.7 - https:\/\/yoast.com\/wordpress\/plugins\/seo\/ -->\n<title>Ministerio de Salud reporta 5.371 casos de chikungunya<\/title>\n<meta name=\"description\" content=\"Ministerio de Salud inform\u00f3 que en Bolivia se registraron 5.371 casos de chikungunya y se declara alerta roja en La Paz\" \/>\n<meta name=\"robots\" content=\"index, follow, max-snippet:-1, max-image-preview:large, max-video-preview:-1\" \/>\n<link rel=\"canonical\" href=\"https:\/\/infobo.digital\/?p=6328\" \/>\n<meta property=\"og:locale\" content=\"es_ES\" \/>\n<meta property=\"og:type\" content=\"article\" \/>\n<meta property=\"og:title\" content=\"Ministerio de Salud reporta 5.371 casos de chikungunya\" \/>\n<meta property=\"og:description\" content=\"Ministerio de Salud inform\u00f3 que en Bolivia se registraron 5.371 casos de chikungunya y se declara alerta roja en La Paz\" \/>\n<meta property=\"og:url\" content=\"https:\/\/infobo.digital\/?p=6328\" \/>\n<meta property=\"article:publisher\" content=\"https:\/\/www.facebook.com\/profile.php?id=61560121555099&amp;mibextid=qi2Omg&amp;rdid=j3LLjPu1LdtSYmlZ\" \/>\n<meta property=\"article:published_time\" content=\"2026-03-11T15:30:00+00:00\" \/>\n<meta property=\"og:image\" content=\"https:\/\/infobo.digital\/wp-content\/uploads\/2026\/03\/suben-los-casos-de-chikungunya-en-sa_101-14724323_20260311105116.webp\" \/>\n\t<meta property=\"og:image:width\" content=\"420\" \/>\n\t<meta property=\"og:image:height\" content=\"280\" \/>\n\t<meta property=\"og:image:type\" content=\"image\/webp\" \/>\n<meta name=\"author\" content=\"Redacci\u00f3n General\" \/>\n<meta name=\"twitter:card\" content=\"summary_large_image\" \/>\n<meta name=\"twitter:title\" content=\"Ministerio de Salud reporta 5.371 casos de chikungunya\" \/>\n<meta name=\"twitter:description\" content=\"Ministerio de Salud inform\u00f3 que en Bolivia se registraron 5.371 casos de chikungunya y se declara alerta roja en La Paz\" \/>\n<meta name=\"twitter:image\" content=\"https:\/\/infobo.digital\/wp-content\/uploads\/2026\/03\/suben-los-casos-de-chikungunya-en-sa_101-14724323_20260311105116.webp\" \/>\n<meta name=\"twitter:label1\" content=\"Escrito por\" \/>\n\t<meta name=\"twitter:data1\" content=\"Redacci\u00f3n General\" \/>\n\t<meta name=\"twitter:label2\" content=\"Tiempo de lectura\" \/>\n\t<meta name=\"twitter:data2\" content=\"2 minutos\" \/>\n<script type=\"application\/ld+json\" class=\"yoast-schema-graph\">{\"@context\":\"https:\/\/schema.org\",\"@graph\":[{\"@type\":\"Article\",\"@id\":\"https:\/\/infobo.digital\/?p=6328#article\",\"isPartOf\":{\"@id\":\"https:\/\/infobo.digital\/?p=6328\"},\"author\":{\"name\":\"Redacci\u00f3n General\",\"@id\":\"https:\/\/infobo.digital\/#\/schema\/person\/ecf650d5ce7363a55760f67687117a7a\"},\"headline\":\"Ministerio de Salud reporta 5.371 casos de chikungunya y declara alerta roja en La Paz\",\"datePublished\":\"2026-03-11T15:30:00+00:00\",\"mainEntityOfPage\":{\"@id\":\"https:\/\/infobo.digital\/?p=6328\"},\"wordCount\":357,\"publisher\":{\"@id\":\"https:\/\/infobo.digital\/#organization\"},\"image\":{\"@id\":\"https:\/\/infobo.digital\/?p=6328#primaryimage\"},\"thumbnailUrl\":\"https:\/\/infobo.digital\/wp-content\/uploads\/2026\/03\/suben-los-casos-de-chikungunya-en-sa_101-14724323_20260311105116.webp\",\"keywords\":[\"alerta roja\",\"chikungunya\",\"La Paz\",\"Santa Cruz\"],\"articleSection\":[\"Salud\"],\"inLanguage\":\"es\"},{\"@type\":\"WebPage\",\"@id\":\"https:\/\/infobo.digital\/?p=6328\",\"url\":\"https:\/\/infobo.digital\/?p=6328\",\"name\":\"Ministerio de Salud reporta 5.371 casos de chikungunya\",\"isPartOf\":{\"@id\":\"https:\/\/infobo.digital\/#website\"},\"primaryImageOfPage\":{\"@id\":\"https:\/\/infobo.digital\/?p=6328#primaryimage\"},\"image\":{\"@id\":\"https:\/\/infobo.digital\/?p=6328#primaryimage\"},\"thumbnailUrl\":\"https:\/\/infobo.digital\/wp-content\/uploads\/2026\/03\/suben-los-casos-de-chikungunya-en-sa_101-14724323_20260311105116.webp\",\"datePublished\":\"2026-03-11T15:30:00+00:00\",\"description\":\"Ministerio de Salud inform\u00f3 que en Bolivia se registraron 5.371 casos de chikungunya y se declara alerta roja en La Paz\",\"breadcrumb\":{\"@id\":\"https:\/\/infobo.digital\/?p=6328#breadcrumb\"},\"inLanguage\":\"es\",\"potentialAction\":[{\"@type\":\"ReadAction\",\"target\":[\"https:\/\/infobo.digital\/?p=6328\"]}]},{\"@type\":\"ImageObject\",\"inLanguage\":\"es\",\"@id\":\"https:\/\/infobo.digital\/?p=6328#primaryimage\",\"url\":\"https:\/\/infobo.digital\/wp-content\/uploads\/2026\/03\/suben-los-casos-de-chikungunya-en-sa_101-14724323_20260311105116.webp\",\"contentUrl\":\"https:\/\/infobo.digital\/wp-content\/uploads\/2026\/03\/suben-los-casos-de-chikungunya-en-sa_101-14724323_20260311105116.webp\",\"width\":420,\"height\":280},{\"@type\":\"BreadcrumbList\",\"@id\":\"https:\/\/infobo.digital\/?p=6328#breadcrumb\",\"itemListElement\":[{\"@type\":\"ListItem\",\"position\":1,\"name\":\"Portada\",\"item\":\"https:\/\/infobo.digital\/\"},{\"@type\":\"ListItem\",\"position\":2,\"name\":\"Ministerio de Salud reporta 5.371 casos de chikungunya y declara alerta roja en La Paz\"}]},{\"@type\":\"WebSite\",\"@id\":\"https:\/\/infobo.digital\/#website\",\"url\":\"https:\/\/infobo.digital\/\",\"name\":\"Info Bolivia Digital\",\"description\":\"\",\"publisher\":{\"@id\":\"https:\/\/infobo.digital\/#organization\"},\"potentialAction\":[{\"@type\":\"SearchAction\",\"target\":{\"@type\":\"EntryPoint\",\"urlTemplate\":\"https:\/\/infobo.digital\/?s={search_term_string}\"},\"query-input\":{\"@type\":\"PropertyValueSpecification\",\"valueRequired\":true,\"valueName\":\"search_term_string\"}}],\"inLanguage\":\"es\"},{\"@type\":\"Organization\",\"@id\":\"https:\/\/infobo.digital\/#organization\",\"name\":\"Info Bolivia Digital\",\"alternateName\":\"Info Bolivia Digital\",\"url\":\"https:\/\/infobo.digital\/\",\"logo\":{\"@type\":\"ImageObject\",\"inLanguage\":\"es\",\"@id\":\"https:\/\/infobo.digital\/#\/schema\/logo\/image\/\",\"url\":\"https:\/\/infobo.digital\/wp-content\/uploads\/2024\/05\/cropped-logo-1.png\",\"contentUrl\":\"https:\/\/infobo.digital\/wp-content\/uploads\/2024\/05\/cropped-logo-1.png\",\"width\":3000,\"height\":999,\"caption\":\"Info Bolivia Digital\"},\"image\":{\"@id\":\"https:\/\/infobo.digital\/#\/schema\/logo\/image\/\"},\"sameAs\":[\"https:\/\/www.facebook.com\/profile.php?id=61560121555099&mibextid=qi2Omg&rdid=j3LLjPu1LdtSYmlZ\",\"https:\/\/www.tiktok.com\/@infodigital.bo?_t=8od23EgGmH8&_r=1\"]},{\"@type\":\"Person\",\"@id\":\"https:\/\/infobo.digital\/#\/schema\/person\/ecf650d5ce7363a55760f67687117a7a\",\"name\":\"Redacci\u00f3n General\",\"image\":{\"@type\":\"ImageObject\",\"inLanguage\":\"es\",\"@id\":\"https:\/\/infobo.digital\/#\/schema\/person\/image\/\",\"url\":\"https:\/\/secure.gravatar.com\/avatar\/97bd61f1308a28696179d42a05cfb514987ef11bd51bb8c6ad7056f2a513d186?s=96&d=mm&r=g\",\"contentUrl\":\"https:\/\/secure.gravatar.com\/avatar\/97bd61f1308a28696179d42a05cfb514987ef11bd51bb8c6ad7056f2a513d186?s=96&d=mm&r=g\",\"caption\":\"Redacci\u00f3n General\"},\"sameAs\":[\"https:\/\/infobo.digital\/\"]}]}<\/script>\n<!-- \/ Yoast SEO plugin. -->","yoast_head_json":{"title":"Ministerio de Salud reporta 5.371 casos de chikungunya","description":"Ministerio de Salud inform\u00f3 que en Bolivia se registraron 5.371 casos de chikungunya y se declara alerta roja en La Paz","robots":{"index":"index","follow":"follow","max-snippet":"max-snippet:-1","max-image-preview":"max-image-preview:large","max-video-preview":"max-video-preview:-1"},"canonical":"https:\/\/infobo.digital\/?p=6328","og_locale":"es_ES","og_type":"article","og_title":"Ministerio de Salud reporta 5.371 casos de chikungunya","og_description":"Ministerio de Salud inform\u00f3 que en Bolivia se registraron 5.371 casos de chikungunya y se declara alerta roja en La Paz","og_url":"https:\/\/infobo.digital\/?p=6328","article_publisher":"https:\/\/www.facebook.com\/profile.php?id=61560121555099&mibextid=qi2Omg&rdid=j3LLjPu1LdtSYmlZ","article_published_time":"2026-03-11T15:30:00+00:00","og_image":[{"width":420,"height":280,"url":"https:\/\/infobo.digital\/wp-content\/uploads\/2026\/03\/suben-los-casos-de-chikungunya-en-sa_101-14724323_20260311105116.webp","type":"image\/webp"}],"author":"Redacci\u00f3n General","twitter_card":"summary_large_image","twitter_title":"Ministerio de Salud reporta 5.371 casos de chikungunya","twitter_description":"Ministerio de Salud inform\u00f3 que en Bolivia se registraron 5.371 casos de chikungunya y se declara alerta roja en La Paz","twitter_image":"https:\/\/infobo.digital\/wp-content\/uploads\/2026\/03\/suben-los-casos-de-chikungunya-en-sa_101-14724323_20260311105116.webp","twitter_misc":{"Escrito por":"Redacci\u00f3n General","Tiempo de lectura":"2 minutos"},"schema":{"@context":"https:\/\/schema.org","@graph":[{"@type":"Article","@id":"https:\/\/infobo.digital\/?p=6328#article","isPartOf":{"@id":"https:\/\/infobo.digital\/?p=6328"},"author":{"name":"Redacci\u00f3n General","@id":"https:\/\/infobo.digital\/#\/schema\/person\/ecf650d5ce7363a55760f67687117a7a"},"headline":"Ministerio de Salud reporta 5.371 casos de chikungunya y declara alerta roja en La Paz","datePublished":"2026-03-11T15:30:00+00:00","mainEntityOfPage":{"@id":"https:\/\/infobo.digital\/?p=6328"},"wordCount":357,"publisher":{"@id":"https:\/\/infobo.digital\/#organization"},"image":{"@id":"https:\/\/infobo.digital\/?p=6328#primaryimage"},"thumbnailUrl":"https:\/\/infobo.digital\/wp-content\/uploads\/2026\/03\/suben-los-casos-de-chikungunya-en-sa_101-14724323_20260311105116.webp","keywords":["alerta roja","chikungunya","La Paz","Santa Cruz"],"articleSection":["Salud"],"inLanguage":"es"},{"@type":"WebPage","@id":"https:\/\/infobo.digital\/?p=6328","url":"https:\/\/infobo.digital\/?p=6328","name":"Ministerio de Salud reporta 5.371 casos de chikungunya","isPartOf":{"@id":"https:\/\/infobo.digital\/#website"},"primaryImageOfPage":{"@id":"https:\/\/infobo.digital\/?p=6328#primaryimage"},"image":{"@id":"https:\/\/infobo.digital\/?p=6328#primaryimage"},"thumbnailUrl":"https:\/\/infobo.digital\/wp-content\/uploads\/2026\/03\/suben-los-casos-de-chikungunya-en-sa_101-14724323_20260311105116.webp","datePublished":"2026-03-11T15:30:00+00:00","description":"Ministerio de Salud inform\u00f3 que en Bolivia se registraron 5.371 casos de chikungunya y se declara alerta roja en La Paz","breadcrumb":{"@id":"https:\/\/infobo.digital\/?p=6328#breadcrumb"},"inLanguage":"es","potentialAction":[{"@type":"ReadAction","target":["https:\/\/infobo.digital\/?p=6328"]}]},{"@type":"ImageObject","inLanguage":"es","@id":"https:\/\/infobo.digital\/?p=6328#primaryimage","url":"https:\/\/infobo.digital\/wp-content\/uploads\/2026\/03\/suben-los-casos-de-chikungunya-en-sa_101-14724323_20260311105116.webp","contentUrl":"https:\/\/infobo.digital\/wp-content\/uploads\/2026\/03\/suben-los-casos-de-chikungunya-en-sa_101-14724323_20260311105116.webp","width":420,"height":280},{"@type":"BreadcrumbList","@id":"https:\/\/infobo.digital\/?p=6328#breadcrumb","itemListElement":[{"@type":"ListItem","position":1,"name":"Portada","item":"https:\/\/infobo.digital\/"},{"@type":"ListItem","position":2,"name":"Ministerio de Salud reporta 5.371 casos de chikungunya y declara alerta roja en La Paz"}]},{"@type":"WebSite","@id":"https:\/\/infobo.digital\/#website","url":"https:\/\/infobo.digital\/","name":"Info Bolivia Digital","description":"","publisher":{"@id":"https:\/\/infobo.digital\/#organization"},"potentialAction":[{"@type":"SearchAction","target":{"@type":"EntryPoint","urlTemplate":"https:\/\/infobo.digital\/?s={search_term_string}"},"query-input":{"@type":"PropertyValueSpecification","valueRequired":true,"valueName":"search_term_string"}}],"inLanguage":"es"},{"@type":"Organization","@id":"https:\/\/infobo.digital\/#organization","name":"Info Bolivia Digital","alternateName":"Info Bolivia Digital","url":"https:\/\/infobo.digital\/","logo":{"@type":"ImageObject","inLanguage":"es","@id":"https:\/\/infobo.digital\/#\/schema\/logo\/image\/","url":"https:\/\/infobo.digital\/wp-content\/uploads\/2024\/05\/cropped-logo-1.png","contentUrl":"https:\/\/infobo.digital\/wp-content\/uploads\/2024\/05\/cropped-logo-1.png","width":3000,"height":999,"caption":"Info Bolivia Digital"},"image":{"@id":"https:\/\/infobo.digital\/#\/schema\/logo\/image\/"},"sameAs":["https:\/\/www.facebook.com\/profile.php?id=61560121555099&mibextid=qi2Omg&rdid=j3LLjPu1LdtSYmlZ","https:\/\/www.tiktok.com\/@infodigital.bo?_t=8od23EgGmH8&_r=1"]},{"@type":"Person","@id":"https:\/\/infobo.digital\/#\/schema\/person\/ecf650d5ce7363a55760f67687117a7a","name":"Redacci\u00f3n General","image":{"@type":"ImageObject","inLanguage":"es","@id":"https:\/\/infobo.digital\/#\/schema\/person\/image\/","url":"https:\/\/secure.gravatar.com\/avatar\/97bd61f1308a28696179d42a05cfb514987ef11bd51bb8c6ad7056f2a513d186?s=96&d=mm&r=g","contentUrl":"https:\/\/secure.gravatar.com\/avatar\/97bd61f1308a28696179d42a05cfb514987ef11bd51bb8c6ad7056f2a513d186?s=96&d=mm&r=g","caption":"Redacci\u00f3n General"},"sameAs":["https:\/\/infobo.digital\/"]}]}},"jetpack_featured_media_url":"https:\/\/infobo.digital\/wp-content\/uploads\/2026\/03\/suben-los-casos-de-chikungunya-en-sa_101-14724323_20260311105116.webp","jetpack_sharing_enabled":true,"_links":{"self":[{"href":"https:\/\/infobo.digital\/index.php?rest_route=\/wp\/v2\/posts\/6328","targetHints":{"allow":["GET"]}}],"collection":[{"href":"https:\/\/infobo.digital\/index.php?rest_route=\/wp\/v2\/posts"}],"about":[{"href":"https:\/\/infobo.digital\/index.php?rest_route=\/wp\/v2\/types\/post"}],"author":[{"embeddable":true,"href":"https:\/\/infobo.digital\/index.php?rest_route=\/wp\/v2\/users\/8"}],"replies":[{"embeddable":true,"href":"https:\/\/infobo.digital\/index.php?rest_route=%2Fwp%2Fv2%2Fcomments&post=6328"}],"version-history":[{"count":1,"href":"https:\/\/infobo.digital\/index.php?rest_route=\/wp\/v2\/posts\/6328\/revisions"}],"predecessor-version":[{"id":6330,"href":"https:\/\/infobo.digital\/index.php?rest_route=\/wp\/v2\/posts\/6328\/revisions\/6330"}],"wp:featuredmedia":[{"embeddable":true,"href":"https:\/\/infobo.digital\/index.php?rest_route=\/wp\/v2\/media\/6329"}],"wp:attachment":[{"href":"https:\/\/infobo.digital\/index.php?rest_route=%2Fwp%2Fv2%2Fmedia&parent=6328"}],"wp:term":[{"taxonomy":"category","embeddable":true,"href":"https:\/\/infobo.digital\/index.php?rest_route=%2Fwp%2Fv2%2Fcategories&post=6328"},{"taxonomy":"post_tag","embeddable":true,"href":"https:\/\/infobo.digital\/index.php?rest_route=%2Fwp%2Fv2%2Ftags&post=6328"}],"curies":[{"name":"wp","href":"https:\/\/api.w.org\/{rel}","templated":true}]}}