{"id":6339,"date":"2026-03-12T15:10:49","date_gmt":"2026-03-12T19:10:49","guid":{"rendered":"https:\/\/infobo.digital\/?p=6339"},"modified":"2026-03-12T15:10:52","modified_gmt":"2026-03-12T19:10:52","slug":"felipe-vi-cumple-agenda-oficial-en-la-paz","status":"publish","type":"post","link":"https:\/\/infobo.digital\/?p=6339","title":{"rendered":"Felipe VI cumple agenda oficial en La Paz y se re\u00fane con el presidente Rodrigo Paz"},"content":{"rendered":"\n<p><em>El rey de Espa\u00f1a, Felipe VI, desarroll\u00f3 este jueves una agenda oficial en la ciudad de La Paz que incluy\u00f3 reuniones con empresarios, un encuentro con el presidente boliviano Rodrigo Paz y visitas a la plaza Murillo y al Museo Nacional de Etnograf\u00eda y Folklore (Musef).<\/em><br>\u200e<br><strong>\u200eLa Paz, 12 de marzo de 2026 .\u2013 <\/strong>El monarca espa\u00f1ol lleg\u00f3 la noche del mi\u00e9rcoles al Aeropuerto Internacional de El Alto. Tras su arribo, se traslad\u00f3 a un hotel ubicado en la zona Sur de la ciudad de La Paz, donde permaneci\u00f3 hasta el inicio de sus actividades oficiales.<br>\u200e<br>\u200eLa ma\u00f1ana de este jueves, Felipe VI acudi\u00f3 a la Embajada de Espa\u00f1a en Bolivia, donde particip\u00f3 en una reuni\u00f3n con empresarios espa\u00f1oles y representantes del sector privado boliviano. En el encuentro se abordaron temas vinculados a las relaciones econ\u00f3micas entre ambos pa\u00edses.<br>\u200e<br>\u200eAntes de las 11:00, el rey se traslad\u00f3 a la plaza Murillo, en el centro pol\u00edtico de Bolivia, donde recibi\u00f3 honores del Batall\u00f3n Primero de Infanter\u00eda Colorados de Bolivia, escolta presidencial.<br>\u200e<br>\u200ePosteriormente ingres\u00f3 al Palacio de Gobierno, donde fue recibido por el presidente Rodrigo Paz. Durante el encuentro, el monarca salud\u00f3 a los integrantes de la familia del mandatario y al gabinete de ministros. Las autoridades participaron tambi\u00e9n en una fotograf\u00eda oficial en las escalinatas del edificio.<br>\u200e<br>\u200eTras la reuni\u00f3n, Felipe VI y el presidente Paz se dirigieron al Museo Nacional de Etnograf\u00eda y Folklore (Musef), ubicado en un edificio que fue el antiguo Palacio de los Marqueses de Villaverde, construido en 1730 en la intersecci\u00f3n de las actuales calles Ingavi y Jenaro Sanjin\u00e9s.<br>\u200e<br>\u200eLuego de recorrer el museo, el rey camin\u00f3 nuevamente por la plaza Murillo, donde salud\u00f3 a algunas personas que se encontraban en el lugar.<br>\u200e<br>\u200eLa agenda incluy\u00f3 adem\u00e1s un almuerzo ofrecido por el presidente boliviano en honor al monarca. Est\u00e1 previsto que Felipe VI deje el pa\u00eds la tarde de este jueves. Seg\u00fan lo informado por autoridades, la visita forma parte de los contactos bilaterales entre Bolivia y Espa\u00f1a y antecede a una futura visita del presidente Paz a Europa, cuya fecha a\u00fan no fue definida.<\/p>\n","protected":false},"excerpt":{"rendered":"<p>El rey de Espa\u00f1a, Felipe VI, desarroll\u00f3 este jueves una agenda oficial en la ciudad de La Paz que incluy\u00f3 reuniones con empresarios<\/p>\n","protected":false},"author":8,"featured_media":6340,"comment_status":"closed","ping_status":"closed","sticky":false,"template":"","format":"standard","meta":{"jetpack_post_was_ever_published":false,"_jetpack_newsletter_access":"","_jetpack_dont_email_post_to_subs":false,"_jetpack_newsletter_tier_id":0,"_jetpack_memberships_contains_paywalled_content":false,"_jetpack_memberships_contains_paid_content":false,"footnotes":""},"categories":[10],"tags":[56,1508,2636,1225],"class_list":["post-6339","post","type-post","status-publish","format-standard","has-post-thumbnail","hentry","category-politica","tag-bolivia","tag-espana","tag-rey-felipe-vi","tag-rodrigo-paz"],"yoast_head":"<!-- This site is optimized with the Yoast SEO plugin v26.7 - https:\/\/yoast.com\/wordpress\/plugins\/seo\/ -->\n<title>Felipe VI cumple agenda oficial en La Paz<\/title>\n<meta name=\"description\" content=\"El rey de Espa\u00f1a, Felipe VI, desarroll\u00f3 este jueves una agenda oficial en la ciudad de La Paz que incluy\u00f3 reuniones con empresarios\" \/>\n<meta name=\"robots\" content=\"index, follow, max-snippet:-1, max-image-preview:large, max-video-preview:-1\" \/>\n<link rel=\"canonical\" href=\"https:\/\/infobo.digital\/?p=6339\" \/>\n<meta property=\"og:locale\" content=\"es_ES\" \/>\n<meta property=\"og:type\" content=\"article\" \/>\n<meta property=\"og:title\" content=\"Felipe VI cumple agenda oficial en La Paz\" \/>\n<meta property=\"og:description\" content=\"El rey de Espa\u00f1a, Felipe VI, desarroll\u00f3 este jueves una agenda oficial en la ciudad de La Paz que incluy\u00f3 reuniones con empresarios\" \/>\n<meta property=\"og:url\" content=\"https:\/\/infobo.digital\/?p=6339\" \/>\n<meta property=\"article:publisher\" content=\"https:\/\/www.facebook.com\/profile.php?id=61560121555099&amp;mibextid=qi2Omg&amp;rdid=j3LLjPu1LdtSYmlZ\" \/>\n<meta property=\"article:published_time\" content=\"2026-03-12T19:10:49+00:00\" \/>\n<meta property=\"article:modified_time\" content=\"2026-03-12T19:10:52+00:00\" \/>\n<meta property=\"og:image\" content=\"https:\/\/infobo.digital\/wp-content\/uploads\/2026\/03\/dsc-1928_101-14739825_20260312180130.webp\" \/>\n\t<meta property=\"og:image:width\" content=\"420\" \/>\n\t<meta property=\"og:image:height\" content=\"280\" \/>\n\t<meta property=\"og:image:type\" content=\"image\/webp\" \/>\n<meta name=\"author\" content=\"Redacci\u00f3n General\" \/>\n<meta name=\"twitter:card\" content=\"summary_large_image\" \/>\n<meta name=\"twitter:title\" content=\"Felipe VI cumple agenda oficial en La Paz\" \/>\n<meta name=\"twitter:description\" content=\"El rey de Espa\u00f1a, Felipe VI, desarroll\u00f3 este jueves una agenda oficial en la ciudad de La Paz que incluy\u00f3 reuniones con empresarios\" \/>\n<meta name=\"twitter:image\" content=\"https:\/\/infobo.digital\/wp-content\/uploads\/2026\/03\/dsc-1928_101-14739825_20260312180130.webp\" \/>\n<meta name=\"twitter:label1\" content=\"Escrito por\" \/>\n\t<meta name=\"twitter:data1\" content=\"Redacci\u00f3n General\" \/>\n\t<meta name=\"twitter:label2\" content=\"Tiempo de lectura\" \/>\n\t<meta name=\"twitter:data2\" content=\"2 minutos\" \/>\n<script type=\"application\/ld+json\" class=\"yoast-schema-graph\">{\"@context\":\"https:\/\/schema.org\",\"@graph\":[{\"@type\":\"Article\",\"@id\":\"https:\/\/infobo.digital\/?p=6339#article\",\"isPartOf\":{\"@id\":\"https:\/\/infobo.digital\/?p=6339\"},\"author\":{\"name\":\"Redacci\u00f3n General\",\"@id\":\"https:\/\/infobo.digital\/#\/schema\/person\/ecf650d5ce7363a55760f67687117a7a\"},\"headline\":\"Felipe VI cumple agenda oficial en La Paz y se re\u00fane con el presidente Rodrigo Paz\",\"datePublished\":\"2026-03-12T19:10:49+00:00\",\"dateModified\":\"2026-03-12T19:10:52+00:00\",\"mainEntityOfPage\":{\"@id\":\"https:\/\/infobo.digital\/?p=6339\"},\"wordCount\":385,\"publisher\":{\"@id\":\"https:\/\/infobo.digital\/#organization\"},\"image\":{\"@id\":\"https:\/\/infobo.digital\/?p=6339#primaryimage\"},\"thumbnailUrl\":\"https:\/\/infobo.digital\/wp-content\/uploads\/2026\/03\/dsc-1928_101-14739825_20260312180130.webp\",\"keywords\":[\"Bolivia\",\"Espa\u00f1a\",\"Rey Felipe VI\",\"rodrigo paz\"],\"articleSection\":[\"Pol\u00edtica\"],\"inLanguage\":\"es\"},{\"@type\":\"WebPage\",\"@id\":\"https:\/\/infobo.digital\/?p=6339\",\"url\":\"https:\/\/infobo.digital\/?p=6339\",\"name\":\"Felipe VI cumple agenda oficial en La Paz\",\"isPartOf\":{\"@id\":\"https:\/\/infobo.digital\/#website\"},\"primaryImageOfPage\":{\"@id\":\"https:\/\/infobo.digital\/?p=6339#primaryimage\"},\"image\":{\"@id\":\"https:\/\/infobo.digital\/?p=6339#primaryimage\"},\"thumbnailUrl\":\"https:\/\/infobo.digital\/wp-content\/uploads\/2026\/03\/dsc-1928_101-14739825_20260312180130.webp\",\"datePublished\":\"2026-03-12T19:10:49+00:00\",\"dateModified\":\"2026-03-12T19:10:52+00:00\",\"description\":\"El rey de Espa\u00f1a, Felipe VI, desarroll\u00f3 este jueves una agenda oficial en la ciudad de La Paz que incluy\u00f3 reuniones con empresarios\",\"breadcrumb\":{\"@id\":\"https:\/\/infobo.digital\/?p=6339#breadcrumb\"},\"inLanguage\":\"es\",\"potentialAction\":[{\"@type\":\"ReadAction\",\"target\":[\"https:\/\/infobo.digital\/?p=6339\"]}]},{\"@type\":\"ImageObject\",\"inLanguage\":\"es\",\"@id\":\"https:\/\/infobo.digital\/?p=6339#primaryimage\",\"url\":\"https:\/\/infobo.digital\/wp-content\/uploads\/2026\/03\/dsc-1928_101-14739825_20260312180130.webp\",\"contentUrl\":\"https:\/\/infobo.digital\/wp-content\/uploads\/2026\/03\/dsc-1928_101-14739825_20260312180130.webp\",\"width\":420,\"height\":280},{\"@type\":\"BreadcrumbList\",\"@id\":\"https:\/\/infobo.digital\/?p=6339#breadcrumb\",\"itemListElement\":[{\"@type\":\"ListItem\",\"position\":1,\"name\":\"Portada\",\"item\":\"https:\/\/infobo.digital\/\"},{\"@type\":\"ListItem\",\"position\":2,\"name\":\"Felipe VI cumple agenda oficial en La Paz y se re\u00fane con el presidente Rodrigo Paz\"}]},{\"@type\":\"WebSite\",\"@id\":\"https:\/\/infobo.digital\/#website\",\"url\":\"https:\/\/infobo.digital\/\",\"name\":\"Info Bolivia Digital\",\"description\":\"\",\"publisher\":{\"@id\":\"https:\/\/infobo.digital\/#organization\"},\"potentialAction\":[{\"@type\":\"SearchAction\",\"target\":{\"@type\":\"EntryPoint\",\"urlTemplate\":\"https:\/\/infobo.digital\/?s={search_term_string}\"},\"query-input\":{\"@type\":\"PropertyValueSpecification\",\"valueRequired\":true,\"valueName\":\"search_term_string\"}}],\"inLanguage\":\"es\"},{\"@type\":\"Organization\",\"@id\":\"https:\/\/infobo.digital\/#organization\",\"name\":\"Info Bolivia Digital\",\"alternateName\":\"Info Bolivia Digital\",\"url\":\"https:\/\/infobo.digital\/\",\"logo\":{\"@type\":\"ImageObject\",\"inLanguage\":\"es\",\"@id\":\"https:\/\/infobo.digital\/#\/schema\/logo\/image\/\",\"url\":\"https:\/\/infobo.digital\/wp-content\/uploads\/2024\/05\/cropped-logo-1.png\",\"contentUrl\":\"https:\/\/infobo.digital\/wp-content\/uploads\/2024\/05\/cropped-logo-1.png\",\"width\":3000,\"height\":999,\"caption\":\"Info Bolivia Digital\"},\"image\":{\"@id\":\"https:\/\/infobo.digital\/#\/schema\/logo\/image\/\"},\"sameAs\":[\"https:\/\/www.facebook.com\/profile.php?id=61560121555099&mibextid=qi2Omg&rdid=j3LLjPu1LdtSYmlZ\",\"https:\/\/www.tiktok.com\/@infodigital.bo?_t=8od23EgGmH8&_r=1\"]},{\"@type\":\"Person\",\"@id\":\"https:\/\/infobo.digital\/#\/schema\/person\/ecf650d5ce7363a55760f67687117a7a\",\"name\":\"Redacci\u00f3n General\",\"image\":{\"@type\":\"ImageObject\",\"inLanguage\":\"es\",\"@id\":\"https:\/\/infobo.digital\/#\/schema\/person\/image\/\",\"url\":\"https:\/\/secure.gravatar.com\/avatar\/97bd61f1308a28696179d42a05cfb514987ef11bd51bb8c6ad7056f2a513d186?s=96&d=mm&r=g\",\"contentUrl\":\"https:\/\/secure.gravatar.com\/avatar\/97bd61f1308a28696179d42a05cfb514987ef11bd51bb8c6ad7056f2a513d186?s=96&d=mm&r=g\",\"caption\":\"Redacci\u00f3n General\"},\"sameAs\":[\"https:\/\/infobo.digital\/\"]}]}<\/script>\n<!-- \/ Yoast SEO plugin. -->","yoast_head_json":{"title":"Felipe VI cumple agenda oficial en La Paz","description":"El rey de Espa\u00f1a, Felipe VI, desarroll\u00f3 este jueves una agenda oficial en la ciudad de La Paz que incluy\u00f3 reuniones con empresarios","robots":{"index":"index","follow":"follow","max-snippet":"max-snippet:-1","max-image-preview":"max-image-preview:large","max-video-preview":"max-video-preview:-1"},"canonical":"https:\/\/infobo.digital\/?p=6339","og_locale":"es_ES","og_type":"article","og_title":"Felipe VI cumple agenda oficial en La Paz","og_description":"El rey de Espa\u00f1a, Felipe VI, desarroll\u00f3 este jueves una agenda oficial en la ciudad de La Paz que incluy\u00f3 reuniones con empresarios","og_url":"https:\/\/infobo.digital\/?p=6339","article_publisher":"https:\/\/www.facebook.com\/profile.php?id=61560121555099&mibextid=qi2Omg&rdid=j3LLjPu1LdtSYmlZ","article_published_time":"2026-03-12T19:10:49+00:00","article_modified_time":"2026-03-12T19:10:52+00:00","og_image":[{"width":420,"height":280,"url":"https:\/\/infobo.digital\/wp-content\/uploads\/2026\/03\/dsc-1928_101-14739825_20260312180130.webp","type":"image\/webp"}],"author":"Redacci\u00f3n General","twitter_card":"summary_large_image","twitter_title":"Felipe VI cumple agenda oficial en La Paz","twitter_description":"El rey de Espa\u00f1a, Felipe VI, desarroll\u00f3 este jueves una agenda oficial en la ciudad de La Paz que incluy\u00f3 reuniones con empresarios","twitter_image":"https:\/\/infobo.digital\/wp-content\/uploads\/2026\/03\/dsc-1928_101-14739825_20260312180130.webp","twitter_misc":{"Escrito por":"Redacci\u00f3n General","Tiempo de lectura":"2 minutos"},"schema":{"@context":"https:\/\/schema.org","@graph":[{"@type":"Article","@id":"https:\/\/infobo.digital\/?p=6339#article","isPartOf":{"@id":"https:\/\/infobo.digital\/?p=6339"},"author":{"name":"Redacci\u00f3n General","@id":"https:\/\/infobo.digital\/#\/schema\/person\/ecf650d5ce7363a55760f67687117a7a"},"headline":"Felipe VI cumple agenda oficial en La Paz y se re\u00fane con el presidente Rodrigo Paz","datePublished":"2026-03-12T19:10:49+00:00","dateModified":"2026-03-12T19:10:52+00:00","mainEntityOfPage":{"@id":"https:\/\/infobo.digital\/?p=6339"},"wordCount":385,"publisher":{"@id":"https:\/\/infobo.digital\/#organization"},"image":{"@id":"https:\/\/infobo.digital\/?p=6339#primaryimage"},"thumbnailUrl":"https:\/\/infobo.digital\/wp-content\/uploads\/2026\/03\/dsc-1928_101-14739825_20260312180130.webp","keywords":["Bolivia","Espa\u00f1a","Rey Felipe VI","rodrigo paz"],"articleSection":["Pol\u00edtica"],"inLanguage":"es"},{"@type":"WebPage","@id":"https:\/\/infobo.digital\/?p=6339","url":"https:\/\/infobo.digital\/?p=6339","name":"Felipe VI cumple agenda oficial en La Paz","isPartOf":{"@id":"https:\/\/infobo.digital\/#website"},"primaryImageOfPage":{"@id":"https:\/\/infobo.digital\/?p=6339#primaryimage"},"image":{"@id":"https:\/\/infobo.digital\/?p=6339#primaryimage"},"thumbnailUrl":"https:\/\/infobo.digital\/wp-content\/uploads\/2026\/03\/dsc-1928_101-14739825_20260312180130.webp","datePublished":"2026-03-12T19:10:49+00:00","dateModified":"2026-03-12T19:10:52+00:00","description":"El rey de Espa\u00f1a, Felipe VI, desarroll\u00f3 este jueves una agenda oficial en la ciudad de La Paz que incluy\u00f3 reuniones con empresarios","breadcrumb":{"@id":"https:\/\/infobo.digital\/?p=6339#breadcrumb"},"inLanguage":"es","potentialAction":[{"@type":"ReadAction","target":["https:\/\/infobo.digital\/?p=6339"]}]},{"@type":"ImageObject","inLanguage":"es","@id":"https:\/\/infobo.digital\/?p=6339#primaryimage","url":"https:\/\/infobo.digital\/wp-content\/uploads\/2026\/03\/dsc-1928_101-14739825_20260312180130.webp","contentUrl":"https:\/\/infobo.digital\/wp-content\/uploads\/2026\/03\/dsc-1928_101-14739825_20260312180130.webp","width":420,"height":280},{"@type":"BreadcrumbList","@id":"https:\/\/infobo.digital\/?p=6339#breadcrumb","itemListElement":[{"@type":"ListItem","position":1,"name":"Portada","item":"https:\/\/infobo.digital\/"},{"@type":"ListItem","position":2,"name":"Felipe VI cumple agenda oficial en La Paz y se re\u00fane con el presidente Rodrigo Paz"}]},{"@type":"WebSite","@id":"https:\/\/infobo.digital\/#website","url":"https:\/\/infobo.digital\/","name":"Info Bolivia Digital","description":"","publisher":{"@id":"https:\/\/infobo.digital\/#organization"},"potentialAction":[{"@type":"SearchAction","target":{"@type":"EntryPoint","urlTemplate":"https:\/\/infobo.digital\/?s={search_term_string}"},"query-input":{"@type":"PropertyValueSpecification","valueRequired":true,"valueName":"search_term_string"}}],"inLanguage":"es"},{"@type":"Organization","@id":"https:\/\/infobo.digital\/#organization","name":"Info Bolivia Digital","alternateName":"Info Bolivia Digital","url":"https:\/\/infobo.digital\/","logo":{"@type":"ImageObject","inLanguage":"es","@id":"https:\/\/infobo.digital\/#\/schema\/logo\/image\/","url":"https:\/\/infobo.digital\/wp-content\/uploads\/2024\/05\/cropped-logo-1.png","contentUrl":"https:\/\/infobo.digital\/wp-content\/uploads\/2024\/05\/cropped-logo-1.png","width":3000,"height":999,"caption":"Info Bolivia Digital"},"image":{"@id":"https:\/\/infobo.digital\/#\/schema\/logo\/image\/"},"sameAs":["https:\/\/www.facebook.com\/profile.php?id=61560121555099&mibextid=qi2Omg&rdid=j3LLjPu1LdtSYmlZ","https:\/\/www.tiktok.com\/@infodigital.bo?_t=8od23EgGmH8&_r=1"]},{"@type":"Person","@id":"https:\/\/infobo.digital\/#\/schema\/person\/ecf650d5ce7363a55760f67687117a7a","name":"Redacci\u00f3n General","image":{"@type":"ImageObject","inLanguage":"es","@id":"https:\/\/infobo.digital\/#\/schema\/person\/image\/","url":"https:\/\/secure.gravatar.com\/avatar\/97bd61f1308a28696179d42a05cfb514987ef11bd51bb8c6ad7056f2a513d186?s=96&d=mm&r=g","contentUrl":"https:\/\/secure.gravatar.com\/avatar\/97bd61f1308a28696179d42a05cfb514987ef11bd51bb8c6ad7056f2a513d186?s=96&d=mm&r=g","caption":"Redacci\u00f3n General"},"sameAs":["https:\/\/infobo.digital\/"]}]}},"jetpack_featured_media_url":"https:\/\/infobo.digital\/wp-content\/uploads\/2026\/03\/dsc-1928_101-14739825_20260312180130.webp","jetpack_sharing_enabled":true,"_links":{"self":[{"href":"https:\/\/infobo.digital\/index.php?rest_route=\/wp\/v2\/posts\/6339","targetHints":{"allow":["GET"]}}],"collection":[{"href":"https:\/\/infobo.digital\/index.php?rest_route=\/wp\/v2\/posts"}],"about":[{"href":"https:\/\/infobo.digital\/index.php?rest_route=\/wp\/v2\/types\/post"}],"author":[{"embeddable":true,"href":"https:\/\/infobo.digital\/index.php?rest_route=\/wp\/v2\/users\/8"}],"replies":[{"embeddable":true,"href":"https:\/\/infobo.digital\/index.php?rest_route=%2Fwp%2Fv2%2Fcomments&post=6339"}],"version-history":[{"count":1,"href":"https:\/\/infobo.digital\/index.php?rest_route=\/wp\/v2\/posts\/6339\/revisions"}],"predecessor-version":[{"id":6341,"href":"https:\/\/infobo.digital\/index.php?rest_route=\/wp\/v2\/posts\/6339\/revisions\/6341"}],"wp:featuredmedia":[{"embeddable":true,"href":"https:\/\/infobo.digital\/index.php?rest_route=\/wp\/v2\/media\/6340"}],"wp:attachment":[{"href":"https:\/\/infobo.digital\/index.php?rest_route=%2Fwp%2Fv2%2Fmedia&parent=6339"}],"wp:term":[{"taxonomy":"category","embeddable":true,"href":"https:\/\/infobo.digital\/index.php?rest_route=%2Fwp%2Fv2%2Fcategories&post=6339"},{"taxonomy":"post_tag","embeddable":true,"href":"https:\/\/infobo.digital\/index.php?rest_route=%2Fwp%2Fv2%2Ftags&post=6339"}],"curies":[{"name":"wp","href":"https:\/\/api.w.org\/{rel}","templated":true}]}}