{"id":6345,"date":"2026-03-13T12:35:30","date_gmt":"2026-03-13T16:35:30","guid":{"rendered":"https:\/\/infobo.digital\/?p=6345"},"modified":"2026-03-13T12:35:32","modified_gmt":"2026-03-13T16:35:32","slug":"capturan-en-bolivia-al-uruguayo-sebastian-marset","status":"publish","type":"post","link":"https:\/\/infobo.digital\/?p=6345","title":{"rendered":"Capturan en Bolivia al uruguayo Sebasti\u00e1n Marset, requerido por la DEA"},"content":{"rendered":"\n<p><em>\u200eLa Polic\u00eda Boliviana captur\u00f3 este viernes en Santa Cruz de la Sierra al ciudadano uruguayo Sebasti\u00e1n Marset, investigado por presuntos delitos vinculados al narcotr\u00e1fico y requerido por la Drug Enforcement Administration, que ofrec\u00eda una recompensa de 2 millones de d\u00f3lares por informaci\u00f3n que condujera a su detenci\u00f3n.\u200e\u200e<\/em><\/p>\n\n\n\n<p><strong>Santa Cruz, 13 de marzo de 2026 .\u2013<\/strong> La aprehensi\u00f3n se realiz\u00f3 durante un operativo policial ejecutado en la zona de Las Palmas, en Santa Cruz de la Sierra, con la participaci\u00f3n de efectivos de la Fuerza Especial de Lucha Contra el Narcotr\u00e1fico (Felcn) y otras unidades especializadas de la Polic\u00eda Boliviana.\u200e\u200e<\/p>\n\n\n\n<p>De acuerdo con informaci\u00f3n de la Drug Enforcement Administration, Marset es investigado por presuntas violaciones federales en Estados Unidos, entre ellas conspiraci\u00f3n para cometer lavado de dinero. La agencia estadounidense lo se\u00f1ala como presunto l\u00edder de una red internacional dedicada al tr\u00e1fico de drogas con operaciones en distintos pa\u00edses de Sudam\u00e9rica.\u200e\u200e<\/p>\n\n\n\n<p>Las autoridades indicaron que el operativo se inici\u00f3 en horas de la madrugada y concluy\u00f3 con la detenci\u00f3n del ciudadano uruguayo. Marset era requerido internacionalmente y figuraba entre los narcotraficantes buscados por la DEA.\u200e\u200e<\/p>\n\n\n\n<p>El ciudadano uruguayo hab\u00eda sido objeto de un operativo policial previo en 2023 del cual logr\u00f3 escapar, seg\u00fan reportes oficiales. Tras su captura, se prev\u00e9 que enfrente procesos judiciales relacionados con los cargos en su contra y que se analice su posible extradici\u00f3n a Estados Unidos.<\/p>\n\n\n\n<p>\u200e\u200eLas autoridades bolivianas no difundieron hasta el momento detalles adicionales sobre el procedimiento ni sobre el traslado del detenido.<\/p>\n","protected":false},"excerpt":{"rendered":"<p>La aprehensi\u00f3n se realiz\u00f3 durante un operativo policial ejecutado en la zona de Las Palmas, en Santa Cruz con la participaci\u00f3n de la Felcn<\/p>\n","protected":false},"author":8,"featured_media":6346,"comment_status":"closed","ping_status":"closed","sticky":false,"template":"","format":"standard","meta":{"jetpack_post_was_ever_published":false,"_jetpack_newsletter_access":"","_jetpack_dont_email_post_to_subs":false,"_jetpack_newsletter_tier_id":0,"_jetpack_memberships_contains_paywalled_content":false,"_jetpack_memberships_contains_paid_content":false,"footnotes":""},"categories":[1300],"tags":[1359,56,153,2639,83,2071],"class_list":["post-6345","post","type-post","status-publish","format-standard","has-post-thumbnail","hentry","category-seguridad","tag-aprehendido","tag-bolivia","tag-dea","tag-narcotraficante","tag-santa-cruz","tag-sebastian-marset"],"yoast_head":"<!-- This site is optimized with the Yoast SEO plugin v26.7 - https:\/\/yoast.com\/wordpress\/plugins\/seo\/ -->\n<title>Capturan en Bolivia al uruguayo Sebasti\u00e1n Marset<\/title>\n<meta name=\"description\" content=\"La aprehensi\u00f3n se realiz\u00f3 durante un operativo policial ejecutado en la zona de Las Palmas, en Santa Cruz con la participaci\u00f3n de la Felcn\" \/>\n<meta name=\"robots\" content=\"index, follow, max-snippet:-1, max-image-preview:large, max-video-preview:-1\" \/>\n<link rel=\"canonical\" href=\"https:\/\/infobo.digital\/?p=6345\" \/>\n<meta property=\"og:locale\" content=\"es_ES\" \/>\n<meta property=\"og:type\" content=\"article\" \/>\n<meta property=\"og:title\" content=\"Capturan en Bolivia al uruguayo Sebasti\u00e1n Marset\" \/>\n<meta property=\"og:description\" content=\"La aprehensi\u00f3n se realiz\u00f3 durante un operativo policial ejecutado en la zona de Las Palmas, en Santa Cruz con la participaci\u00f3n de la Felcn\" \/>\n<meta property=\"og:url\" content=\"https:\/\/infobo.digital\/?p=6345\" \/>\n<meta property=\"article:publisher\" content=\"https:\/\/www.facebook.com\/profile.php?id=61560121555099&amp;mibextid=qi2Omg&amp;rdid=j3LLjPu1LdtSYmlZ\" \/>\n<meta property=\"article:published_time\" content=\"2026-03-13T16:35:30+00:00\" \/>\n<meta property=\"article:modified_time\" content=\"2026-03-13T16:35:32+00:00\" \/>\n<meta property=\"og:image\" content=\"https:\/\/infobo.digital\/wp-content\/uploads\/2026\/03\/captura-de-pantalla-2026-03-13-10475_101-14747985_20260313144932.webp\" \/>\n\t<meta property=\"og:image:width\" content=\"420\" \/>\n\t<meta property=\"og:image:height\" content=\"280\" \/>\n\t<meta property=\"og:image:type\" content=\"image\/webp\" \/>\n<meta name=\"author\" content=\"Redacci\u00f3n General\" \/>\n<meta name=\"twitter:card\" content=\"summary_large_image\" \/>\n<meta name=\"twitter:title\" content=\"Capturan en Bolivia al uruguayo Sebasti\u00e1n Marset\" \/>\n<meta name=\"twitter:description\" content=\"La aprehensi\u00f3n se realiz\u00f3 durante un operativo policial ejecutado en la zona de Las Palmas, en Santa Cruz con la participaci\u00f3n de la Felcn\" \/>\n<meta name=\"twitter:image\" content=\"https:\/\/infobo.digital\/wp-content\/uploads\/2026\/03\/captura-de-pantalla-2026-03-13-10475_101-14747985_20260313144932.webp\" \/>\n<meta name=\"twitter:label1\" content=\"Escrito por\" \/>\n\t<meta name=\"twitter:data1\" content=\"Redacci\u00f3n General\" \/>\n\t<meta name=\"twitter:label2\" content=\"Tiempo de lectura\" \/>\n\t<meta name=\"twitter:data2\" content=\"2 minutos\" \/>\n<script type=\"application\/ld+json\" class=\"yoast-schema-graph\">{\"@context\":\"https:\/\/schema.org\",\"@graph\":[{\"@type\":\"Article\",\"@id\":\"https:\/\/infobo.digital\/?p=6345#article\",\"isPartOf\":{\"@id\":\"https:\/\/infobo.digital\/?p=6345\"},\"author\":{\"name\":\"Redacci\u00f3n General\",\"@id\":\"https:\/\/infobo.digital\/#\/schema\/person\/ecf650d5ce7363a55760f67687117a7a\"},\"headline\":\"Capturan en Bolivia al uruguayo Sebasti\u00e1n Marset, requerido por la DEA\",\"datePublished\":\"2026-03-13T16:35:30+00:00\",\"dateModified\":\"2026-03-13T16:35:32+00:00\",\"mainEntityOfPage\":{\"@id\":\"https:\/\/infobo.digital\/?p=6345\"},\"wordCount\":278,\"publisher\":{\"@id\":\"https:\/\/infobo.digital\/#organization\"},\"image\":{\"@id\":\"https:\/\/infobo.digital\/?p=6345#primaryimage\"},\"thumbnailUrl\":\"https:\/\/infobo.digital\/wp-content\/uploads\/2026\/03\/captura-de-pantalla-2026-03-13-10475_101-14747985_20260313144932.webp\",\"keywords\":[\"aprehendido\",\"Bolivia\",\"DEA\",\"Narcotraficante\",\"Santa Cruz\",\"Sebasti\u00e1n Marset\"],\"articleSection\":[\"Seguridad\"],\"inLanguage\":\"es\"},{\"@type\":\"WebPage\",\"@id\":\"https:\/\/infobo.digital\/?p=6345\",\"url\":\"https:\/\/infobo.digital\/?p=6345\",\"name\":\"Capturan en Bolivia al uruguayo Sebasti\u00e1n Marset\",\"isPartOf\":{\"@id\":\"https:\/\/infobo.digital\/#website\"},\"primaryImageOfPage\":{\"@id\":\"https:\/\/infobo.digital\/?p=6345#primaryimage\"},\"image\":{\"@id\":\"https:\/\/infobo.digital\/?p=6345#primaryimage\"},\"thumbnailUrl\":\"https:\/\/infobo.digital\/wp-content\/uploads\/2026\/03\/captura-de-pantalla-2026-03-13-10475_101-14747985_20260313144932.webp\",\"datePublished\":\"2026-03-13T16:35:30+00:00\",\"dateModified\":\"2026-03-13T16:35:32+00:00\",\"description\":\"La aprehensi\u00f3n se realiz\u00f3 durante un operativo policial ejecutado en la zona de Las Palmas, en Santa Cruz con la participaci\u00f3n de la Felcn\",\"breadcrumb\":{\"@id\":\"https:\/\/infobo.digital\/?p=6345#breadcrumb\"},\"inLanguage\":\"es\",\"potentialAction\":[{\"@type\":\"ReadAction\",\"target\":[\"https:\/\/infobo.digital\/?p=6345\"]}]},{\"@type\":\"ImageObject\",\"inLanguage\":\"es\",\"@id\":\"https:\/\/infobo.digital\/?p=6345#primaryimage\",\"url\":\"https:\/\/infobo.digital\/wp-content\/uploads\/2026\/03\/captura-de-pantalla-2026-03-13-10475_101-14747985_20260313144932.webp\",\"contentUrl\":\"https:\/\/infobo.digital\/wp-content\/uploads\/2026\/03\/captura-de-pantalla-2026-03-13-10475_101-14747985_20260313144932.webp\",\"width\":420,\"height\":280},{\"@type\":\"BreadcrumbList\",\"@id\":\"https:\/\/infobo.digital\/?p=6345#breadcrumb\",\"itemListElement\":[{\"@type\":\"ListItem\",\"position\":1,\"name\":\"Portada\",\"item\":\"https:\/\/infobo.digital\/\"},{\"@type\":\"ListItem\",\"position\":2,\"name\":\"Capturan en Bolivia al uruguayo Sebasti\u00e1n Marset, requerido por la DEA\"}]},{\"@type\":\"WebSite\",\"@id\":\"https:\/\/infobo.digital\/#website\",\"url\":\"https:\/\/infobo.digital\/\",\"name\":\"Info Bolivia Digital\",\"description\":\"\",\"publisher\":{\"@id\":\"https:\/\/infobo.digital\/#organization\"},\"potentialAction\":[{\"@type\":\"SearchAction\",\"target\":{\"@type\":\"EntryPoint\",\"urlTemplate\":\"https:\/\/infobo.digital\/?s={search_term_string}\"},\"query-input\":{\"@type\":\"PropertyValueSpecification\",\"valueRequired\":true,\"valueName\":\"search_term_string\"}}],\"inLanguage\":\"es\"},{\"@type\":\"Organization\",\"@id\":\"https:\/\/infobo.digital\/#organization\",\"name\":\"Info Bolivia Digital\",\"alternateName\":\"Info Bolivia Digital\",\"url\":\"https:\/\/infobo.digital\/\",\"logo\":{\"@type\":\"ImageObject\",\"inLanguage\":\"es\",\"@id\":\"https:\/\/infobo.digital\/#\/schema\/logo\/image\/\",\"url\":\"https:\/\/infobo.digital\/wp-content\/uploads\/2024\/05\/cropped-logo-1.png\",\"contentUrl\":\"https:\/\/infobo.digital\/wp-content\/uploads\/2024\/05\/cropped-logo-1.png\",\"width\":3000,\"height\":999,\"caption\":\"Info Bolivia Digital\"},\"image\":{\"@id\":\"https:\/\/infobo.digital\/#\/schema\/logo\/image\/\"},\"sameAs\":[\"https:\/\/www.facebook.com\/profile.php?id=61560121555099&mibextid=qi2Omg&rdid=j3LLjPu1LdtSYmlZ\",\"https:\/\/www.tiktok.com\/@infodigital.bo?_t=8od23EgGmH8&_r=1\"]},{\"@type\":\"Person\",\"@id\":\"https:\/\/infobo.digital\/#\/schema\/person\/ecf650d5ce7363a55760f67687117a7a\",\"name\":\"Redacci\u00f3n General\",\"image\":{\"@type\":\"ImageObject\",\"inLanguage\":\"es\",\"@id\":\"https:\/\/infobo.digital\/#\/schema\/person\/image\/\",\"url\":\"https:\/\/secure.gravatar.com\/avatar\/97bd61f1308a28696179d42a05cfb514987ef11bd51bb8c6ad7056f2a513d186?s=96&d=mm&r=g\",\"contentUrl\":\"https:\/\/secure.gravatar.com\/avatar\/97bd61f1308a28696179d42a05cfb514987ef11bd51bb8c6ad7056f2a513d186?s=96&d=mm&r=g\",\"caption\":\"Redacci\u00f3n General\"},\"sameAs\":[\"https:\/\/infobo.digital\/\"]}]}<\/script>\n<!-- \/ Yoast SEO plugin. -->","yoast_head_json":{"title":"Capturan en Bolivia al uruguayo Sebasti\u00e1n Marset","description":"La aprehensi\u00f3n se realiz\u00f3 durante un operativo policial ejecutado en la zona de Las Palmas, en Santa Cruz con la participaci\u00f3n de la Felcn","robots":{"index":"index","follow":"follow","max-snippet":"max-snippet:-1","max-image-preview":"max-image-preview:large","max-video-preview":"max-video-preview:-1"},"canonical":"https:\/\/infobo.digital\/?p=6345","og_locale":"es_ES","og_type":"article","og_title":"Capturan en Bolivia al uruguayo Sebasti\u00e1n Marset","og_description":"La aprehensi\u00f3n se realiz\u00f3 durante un operativo policial ejecutado en la zona de Las Palmas, en Santa Cruz con la participaci\u00f3n de la Felcn","og_url":"https:\/\/infobo.digital\/?p=6345","article_publisher":"https:\/\/www.facebook.com\/profile.php?id=61560121555099&mibextid=qi2Omg&rdid=j3LLjPu1LdtSYmlZ","article_published_time":"2026-03-13T16:35:30+00:00","article_modified_time":"2026-03-13T16:35:32+00:00","og_image":[{"width":420,"height":280,"url":"https:\/\/infobo.digital\/wp-content\/uploads\/2026\/03\/captura-de-pantalla-2026-03-13-10475_101-14747985_20260313144932.webp","type":"image\/webp"}],"author":"Redacci\u00f3n General","twitter_card":"summary_large_image","twitter_title":"Capturan en Bolivia al uruguayo Sebasti\u00e1n Marset","twitter_description":"La aprehensi\u00f3n se realiz\u00f3 durante un operativo policial ejecutado en la zona de Las Palmas, en Santa Cruz con la participaci\u00f3n de la Felcn","twitter_image":"https:\/\/infobo.digital\/wp-content\/uploads\/2026\/03\/captura-de-pantalla-2026-03-13-10475_101-14747985_20260313144932.webp","twitter_misc":{"Escrito por":"Redacci\u00f3n General","Tiempo de lectura":"2 minutos"},"schema":{"@context":"https:\/\/schema.org","@graph":[{"@type":"Article","@id":"https:\/\/infobo.digital\/?p=6345#article","isPartOf":{"@id":"https:\/\/infobo.digital\/?p=6345"},"author":{"name":"Redacci\u00f3n General","@id":"https:\/\/infobo.digital\/#\/schema\/person\/ecf650d5ce7363a55760f67687117a7a"},"headline":"Capturan en Bolivia al uruguayo Sebasti\u00e1n Marset, requerido por la DEA","datePublished":"2026-03-13T16:35:30+00:00","dateModified":"2026-03-13T16:35:32+00:00","mainEntityOfPage":{"@id":"https:\/\/infobo.digital\/?p=6345"},"wordCount":278,"publisher":{"@id":"https:\/\/infobo.digital\/#organization"},"image":{"@id":"https:\/\/infobo.digital\/?p=6345#primaryimage"},"thumbnailUrl":"https:\/\/infobo.digital\/wp-content\/uploads\/2026\/03\/captura-de-pantalla-2026-03-13-10475_101-14747985_20260313144932.webp","keywords":["aprehendido","Bolivia","DEA","Narcotraficante","Santa Cruz","Sebasti\u00e1n Marset"],"articleSection":["Seguridad"],"inLanguage":"es"},{"@type":"WebPage","@id":"https:\/\/infobo.digital\/?p=6345","url":"https:\/\/infobo.digital\/?p=6345","name":"Capturan en Bolivia al uruguayo Sebasti\u00e1n Marset","isPartOf":{"@id":"https:\/\/infobo.digital\/#website"},"primaryImageOfPage":{"@id":"https:\/\/infobo.digital\/?p=6345#primaryimage"},"image":{"@id":"https:\/\/infobo.digital\/?p=6345#primaryimage"},"thumbnailUrl":"https:\/\/infobo.digital\/wp-content\/uploads\/2026\/03\/captura-de-pantalla-2026-03-13-10475_101-14747985_20260313144932.webp","datePublished":"2026-03-13T16:35:30+00:00","dateModified":"2026-03-13T16:35:32+00:00","description":"La aprehensi\u00f3n se realiz\u00f3 durante un operativo policial ejecutado en la zona de Las Palmas, en Santa Cruz con la participaci\u00f3n de la Felcn","breadcrumb":{"@id":"https:\/\/infobo.digital\/?p=6345#breadcrumb"},"inLanguage":"es","potentialAction":[{"@type":"ReadAction","target":["https:\/\/infobo.digital\/?p=6345"]}]},{"@type":"ImageObject","inLanguage":"es","@id":"https:\/\/infobo.digital\/?p=6345#primaryimage","url":"https:\/\/infobo.digital\/wp-content\/uploads\/2026\/03\/captura-de-pantalla-2026-03-13-10475_101-14747985_20260313144932.webp","contentUrl":"https:\/\/infobo.digital\/wp-content\/uploads\/2026\/03\/captura-de-pantalla-2026-03-13-10475_101-14747985_20260313144932.webp","width":420,"height":280},{"@type":"BreadcrumbList","@id":"https:\/\/infobo.digital\/?p=6345#breadcrumb","itemListElement":[{"@type":"ListItem","position":1,"name":"Portada","item":"https:\/\/infobo.digital\/"},{"@type":"ListItem","position":2,"name":"Capturan en Bolivia al uruguayo Sebasti\u00e1n Marset, requerido por la DEA"}]},{"@type":"WebSite","@id":"https:\/\/infobo.digital\/#website","url":"https:\/\/infobo.digital\/","name":"Info Bolivia Digital","description":"","publisher":{"@id":"https:\/\/infobo.digital\/#organization"},"potentialAction":[{"@type":"SearchAction","target":{"@type":"EntryPoint","urlTemplate":"https:\/\/infobo.digital\/?s={search_term_string}"},"query-input":{"@type":"PropertyValueSpecification","valueRequired":true,"valueName":"search_term_string"}}],"inLanguage":"es"},{"@type":"Organization","@id":"https:\/\/infobo.digital\/#organization","name":"Info Bolivia Digital","alternateName":"Info Bolivia Digital","url":"https:\/\/infobo.digital\/","logo":{"@type":"ImageObject","inLanguage":"es","@id":"https:\/\/infobo.digital\/#\/schema\/logo\/image\/","url":"https:\/\/infobo.digital\/wp-content\/uploads\/2024\/05\/cropped-logo-1.png","contentUrl":"https:\/\/infobo.digital\/wp-content\/uploads\/2024\/05\/cropped-logo-1.png","width":3000,"height":999,"caption":"Info Bolivia Digital"},"image":{"@id":"https:\/\/infobo.digital\/#\/schema\/logo\/image\/"},"sameAs":["https:\/\/www.facebook.com\/profile.php?id=61560121555099&mibextid=qi2Omg&rdid=j3LLjPu1LdtSYmlZ","https:\/\/www.tiktok.com\/@infodigital.bo?_t=8od23EgGmH8&_r=1"]},{"@type":"Person","@id":"https:\/\/infobo.digital\/#\/schema\/person\/ecf650d5ce7363a55760f67687117a7a","name":"Redacci\u00f3n General","image":{"@type":"ImageObject","inLanguage":"es","@id":"https:\/\/infobo.digital\/#\/schema\/person\/image\/","url":"https:\/\/secure.gravatar.com\/avatar\/97bd61f1308a28696179d42a05cfb514987ef11bd51bb8c6ad7056f2a513d186?s=96&d=mm&r=g","contentUrl":"https:\/\/secure.gravatar.com\/avatar\/97bd61f1308a28696179d42a05cfb514987ef11bd51bb8c6ad7056f2a513d186?s=96&d=mm&r=g","caption":"Redacci\u00f3n General"},"sameAs":["https:\/\/infobo.digital\/"]}]}},"jetpack_featured_media_url":"https:\/\/infobo.digital\/wp-content\/uploads\/2026\/03\/captura-de-pantalla-2026-03-13-10475_101-14747985_20260313144932.webp","jetpack_sharing_enabled":true,"_links":{"self":[{"href":"https:\/\/infobo.digital\/index.php?rest_route=\/wp\/v2\/posts\/6345","targetHints":{"allow":["GET"]}}],"collection":[{"href":"https:\/\/infobo.digital\/index.php?rest_route=\/wp\/v2\/posts"}],"about":[{"href":"https:\/\/infobo.digital\/index.php?rest_route=\/wp\/v2\/types\/post"}],"author":[{"embeddable":true,"href":"https:\/\/infobo.digital\/index.php?rest_route=\/wp\/v2\/users\/8"}],"replies":[{"embeddable":true,"href":"https:\/\/infobo.digital\/index.php?rest_route=%2Fwp%2Fv2%2Fcomments&post=6345"}],"version-history":[{"count":1,"href":"https:\/\/infobo.digital\/index.php?rest_route=\/wp\/v2\/posts\/6345\/revisions"}],"predecessor-version":[{"id":6347,"href":"https:\/\/infobo.digital\/index.php?rest_route=\/wp\/v2\/posts\/6345\/revisions\/6347"}],"wp:featuredmedia":[{"embeddable":true,"href":"https:\/\/infobo.digital\/index.php?rest_route=\/wp\/v2\/media\/6346"}],"wp:attachment":[{"href":"https:\/\/infobo.digital\/index.php?rest_route=%2Fwp%2Fv2%2Fmedia&parent=6345"}],"wp:term":[{"taxonomy":"category","embeddable":true,"href":"https:\/\/infobo.digital\/index.php?rest_route=%2Fwp%2Fv2%2Fcategories&post=6345"},{"taxonomy":"post_tag","embeddable":true,"href":"https:\/\/infobo.digital\/index.php?rest_route=%2Fwp%2Fv2%2Ftags&post=6345"}],"curies":[{"name":"wp","href":"https:\/\/api.w.org\/{rel}","templated":true}]}}