{"id":6358,"date":"2026-03-14T16:41:54","date_gmt":"2026-03-14T20:41:54","guid":{"rendered":"https:\/\/infobo.digital\/?p=6358"},"modified":"2026-03-14T16:41:57","modified_gmt":"2026-03-14T20:41:57","slug":"hallan-sin-vida-al-segundo-pescador-desaparecido-en-colpa-belgica","status":"publish","type":"post","link":"https:\/\/infobo.digital\/?p=6358","title":{"rendered":"Hallan sin vida al segundo pescador desaparecido en Colpa B\u00e9lgica"},"content":{"rendered":"\n<p><em>Autoridades confirmaron el hallazgo del cuerpo de Emilio Camargo, de 39 a\u00f1os, quien hab\u00eda sido reportado como desaparecido tras ser arrastrado por una riada en la zona de Colpa B\u00e9lgica. El hecho ocurri\u00f3 en medio de las persistentes lluvias que provocaron el incremento del caudal de r\u00edos en el departamento de Santa Cruz.<\/em><\/p>\n\n\n\n<p><strong>\u200e\u200eSanta Cruz, 14 de marzo de 2026 .\u2013<\/strong> El cuerpo de Emilio Camargo, de 39 a\u00f1os, fue encontrado entre matorrales a orillas de un r\u00edo en el municipio de San Pedro, en el departamento de Santa Cruz, luego de varios d\u00edas de b\u00fasqueda. El hombre hab\u00eda desaparecido tras ser arrastrado por una riada en la zona de Colpa B\u00e9lgica.\u200e\u200e<\/p>\n\n\n\n<p>De acuerdo con la informaci\u00f3n proporcionada por las autoridades, las intensas precipitaciones registradas en la regi\u00f3n provocaron el aumento del caudal de los r\u00edos, situaci\u00f3n que deriv\u00f3 en el incidente.\u200e\u200e<\/p>\n\n\n\n<p>Efectivos de la Estaci\u00f3n Policial Integral (EPI) realizaron el levantamiento legal del cuerpo y lo trasladaron a la morgue municipal de Montero para los procedimientos correspondientes. En ese lugar, familiares de la v\u00edctima aguardan para efectuar el reconocimiento oficial.\u200e\u200e<\/p>\n\n\n\n<p>Camargo se encontraba pescando junto a un amigo cuando ambos fueron sorprendidos por la fuerza del agua en la zona de Minero. El acompa\u00f1ante logr\u00f3 ser rescatado con vida poco despu\u00e9s del hecho.\u200e\u200e<\/p>\n\n\n\n<p>Las autoridades mantienen alertas en distintas zonas del departamento de Santa Cruz debido a las lluvias persistentes y al incremento del nivel de los r\u00edos.<\/p>\n","protected":false},"excerpt":{"rendered":"<p>El cuerpo de Emilio Camargo, de 39 a\u00f1os, fue encontrado entre matorrales a orillas de un r\u00edo en el municipio de San Pedro<\/p>\n","protected":false},"author":8,"featured_media":6359,"comment_status":"closed","ping_status":"closed","sticky":false,"template":"","format":"standard","meta":{"jetpack_post_was_ever_published":false,"_jetpack_newsletter_access":"","_jetpack_dont_email_post_to_subs":false,"_jetpack_newsletter_tier_id":0,"_jetpack_memberships_contains_paywalled_content":false,"_jetpack_memberships_contains_paid_content":false,"footnotes":""},"categories":[1300],"tags":[1394,2448,83],"class_list":["post-6358","post","type-post","status-publish","format-standard","has-post-thumbnail","hentry","category-seguridad","tag-cuerpo","tag-fallecimiento","tag-santa-cruz"],"yoast_head":"<!-- This site is optimized with the Yoast SEO plugin v26.7 - https:\/\/yoast.com\/wordpress\/plugins\/seo\/ -->\n<title>Hallan sin vida al segundo pescador desaparecido en Colpa B\u00e9lgica<\/title>\n<meta name=\"description\" content=\"El cuerpo de Emilio Camargo, de 39 a\u00f1os, fue encontrado entre matorrales a orillas de un r\u00edo en el municipio de San Pedro\" \/>\n<meta name=\"robots\" content=\"index, follow, max-snippet:-1, max-image-preview:large, max-video-preview:-1\" \/>\n<link rel=\"canonical\" href=\"https:\/\/infobo.digital\/?p=6358\" \/>\n<meta property=\"og:locale\" content=\"es_ES\" \/>\n<meta property=\"og:type\" content=\"article\" \/>\n<meta property=\"og:title\" content=\"Hallan sin vida al segundo pescador desaparecido en Colpa B\u00e9lgica\" \/>\n<meta property=\"og:description\" content=\"El cuerpo de Emilio Camargo, de 39 a\u00f1os, fue encontrado entre matorrales a orillas de un r\u00edo en el municipio de San Pedro\" \/>\n<meta property=\"og:url\" content=\"https:\/\/infobo.digital\/?p=6358\" \/>\n<meta property=\"article:publisher\" content=\"https:\/\/www.facebook.com\/profile.php?id=61560121555099&amp;mibextid=qi2Omg&amp;rdid=j3LLjPu1LdtSYmlZ\" \/>\n<meta property=\"article:published_time\" content=\"2026-03-14T20:41:54+00:00\" \/>\n<meta property=\"article:modified_time\" content=\"2026-03-14T20:41:57+00:00\" \/>\n<meta property=\"og:image\" content=\"https:\/\/infobo.digital\/wp-content\/uploads\/2026\/03\/1773511439266.webp\" \/>\n\t<meta property=\"og:image:width\" content=\"400\" \/>\n\t<meta property=\"og:image:height\" content=\"225\" \/>\n\t<meta property=\"og:image:type\" content=\"image\/webp\" \/>\n<meta name=\"author\" content=\"Redacci\u00f3n General\" \/>\n<meta name=\"twitter:card\" content=\"summary_large_image\" \/>\n<meta name=\"twitter:title\" content=\"Hallan sin vida al segundo pescador desaparecido en Colpa B\u00e9lgica\" \/>\n<meta name=\"twitter:description\" content=\"El cuerpo de Emilio Camargo, de 39 a\u00f1os, fue encontrado entre matorrales a orillas de un r\u00edo en el municipio de San Pedro\" \/>\n<meta name=\"twitter:image\" content=\"https:\/\/infobo.digital\/wp-content\/uploads\/2026\/03\/1773511439266.webp\" \/>\n<meta name=\"twitter:label1\" content=\"Escrito por\" \/>\n\t<meta name=\"twitter:data1\" content=\"Redacci\u00f3n General\" \/>\n\t<meta name=\"twitter:label2\" content=\"Tiempo de lectura\" \/>\n\t<meta name=\"twitter:data2\" content=\"2 minutos\" \/>\n<script type=\"application\/ld+json\" class=\"yoast-schema-graph\">{\"@context\":\"https:\/\/schema.org\",\"@graph\":[{\"@type\":\"Article\",\"@id\":\"https:\/\/infobo.digital\/?p=6358#article\",\"isPartOf\":{\"@id\":\"https:\/\/infobo.digital\/?p=6358\"},\"author\":{\"name\":\"Redacci\u00f3n General\",\"@id\":\"https:\/\/infobo.digital\/#\/schema\/person\/ecf650d5ce7363a55760f67687117a7a\"},\"headline\":\"Hallan sin vida al segundo pescador desaparecido en Colpa B\u00e9lgica\",\"datePublished\":\"2026-03-14T20:41:54+00:00\",\"dateModified\":\"2026-03-14T20:41:57+00:00\",\"mainEntityOfPage\":{\"@id\":\"https:\/\/infobo.digital\/?p=6358\"},\"wordCount\":264,\"publisher\":{\"@id\":\"https:\/\/infobo.digital\/#organization\"},\"image\":{\"@id\":\"https:\/\/infobo.digital\/?p=6358#primaryimage\"},\"thumbnailUrl\":\"https:\/\/infobo.digital\/wp-content\/uploads\/2026\/03\/1773511439266.webp\",\"keywords\":[\"cuerpo\",\"Fallecimiento\",\"Santa Cruz\"],\"articleSection\":[\"Seguridad\"],\"inLanguage\":\"es\"},{\"@type\":\"WebPage\",\"@id\":\"https:\/\/infobo.digital\/?p=6358\",\"url\":\"https:\/\/infobo.digital\/?p=6358\",\"name\":\"Hallan sin vida al segundo pescador desaparecido en Colpa B\u00e9lgica\",\"isPartOf\":{\"@id\":\"https:\/\/infobo.digital\/#website\"},\"primaryImageOfPage\":{\"@id\":\"https:\/\/infobo.digital\/?p=6358#primaryimage\"},\"image\":{\"@id\":\"https:\/\/infobo.digital\/?p=6358#primaryimage\"},\"thumbnailUrl\":\"https:\/\/infobo.digital\/wp-content\/uploads\/2026\/03\/1773511439266.webp\",\"datePublished\":\"2026-03-14T20:41:54+00:00\",\"dateModified\":\"2026-03-14T20:41:57+00:00\",\"description\":\"El cuerpo de Emilio Camargo, de 39 a\u00f1os, fue encontrado entre matorrales a orillas de un r\u00edo en el municipio de San Pedro\",\"breadcrumb\":{\"@id\":\"https:\/\/infobo.digital\/?p=6358#breadcrumb\"},\"inLanguage\":\"es\",\"potentialAction\":[{\"@type\":\"ReadAction\",\"target\":[\"https:\/\/infobo.digital\/?p=6358\"]}]},{\"@type\":\"ImageObject\",\"inLanguage\":\"es\",\"@id\":\"https:\/\/infobo.digital\/?p=6358#primaryimage\",\"url\":\"https:\/\/infobo.digital\/wp-content\/uploads\/2026\/03\/1773511439266.webp\",\"contentUrl\":\"https:\/\/infobo.digital\/wp-content\/uploads\/2026\/03\/1773511439266.webp\",\"width\":400,\"height\":225},{\"@type\":\"BreadcrumbList\",\"@id\":\"https:\/\/infobo.digital\/?p=6358#breadcrumb\",\"itemListElement\":[{\"@type\":\"ListItem\",\"position\":1,\"name\":\"Portada\",\"item\":\"https:\/\/infobo.digital\/\"},{\"@type\":\"ListItem\",\"position\":2,\"name\":\"Hallan sin vida al segundo pescador desaparecido en Colpa B\u00e9lgica\"}]},{\"@type\":\"WebSite\",\"@id\":\"https:\/\/infobo.digital\/#website\",\"url\":\"https:\/\/infobo.digital\/\",\"name\":\"Info Bolivia Digital\",\"description\":\"\",\"publisher\":{\"@id\":\"https:\/\/infobo.digital\/#organization\"},\"potentialAction\":[{\"@type\":\"SearchAction\",\"target\":{\"@type\":\"EntryPoint\",\"urlTemplate\":\"https:\/\/infobo.digital\/?s={search_term_string}\"},\"query-input\":{\"@type\":\"PropertyValueSpecification\",\"valueRequired\":true,\"valueName\":\"search_term_string\"}}],\"inLanguage\":\"es\"},{\"@type\":\"Organization\",\"@id\":\"https:\/\/infobo.digital\/#organization\",\"name\":\"Info Bolivia Digital\",\"alternateName\":\"Info Bolivia Digital\",\"url\":\"https:\/\/infobo.digital\/\",\"logo\":{\"@type\":\"ImageObject\",\"inLanguage\":\"es\",\"@id\":\"https:\/\/infobo.digital\/#\/schema\/logo\/image\/\",\"url\":\"https:\/\/infobo.digital\/wp-content\/uploads\/2024\/05\/cropped-logo-1.png\",\"contentUrl\":\"https:\/\/infobo.digital\/wp-content\/uploads\/2024\/05\/cropped-logo-1.png\",\"width\":3000,\"height\":999,\"caption\":\"Info Bolivia Digital\"},\"image\":{\"@id\":\"https:\/\/infobo.digital\/#\/schema\/logo\/image\/\"},\"sameAs\":[\"https:\/\/www.facebook.com\/profile.php?id=61560121555099&mibextid=qi2Omg&rdid=j3LLjPu1LdtSYmlZ\",\"https:\/\/www.tiktok.com\/@infodigital.bo?_t=8od23EgGmH8&_r=1\"]},{\"@type\":\"Person\",\"@id\":\"https:\/\/infobo.digital\/#\/schema\/person\/ecf650d5ce7363a55760f67687117a7a\",\"name\":\"Redacci\u00f3n General\",\"image\":{\"@type\":\"ImageObject\",\"inLanguage\":\"es\",\"@id\":\"https:\/\/infobo.digital\/#\/schema\/person\/image\/\",\"url\":\"https:\/\/secure.gravatar.com\/avatar\/97bd61f1308a28696179d42a05cfb514987ef11bd51bb8c6ad7056f2a513d186?s=96&d=mm&r=g\",\"contentUrl\":\"https:\/\/secure.gravatar.com\/avatar\/97bd61f1308a28696179d42a05cfb514987ef11bd51bb8c6ad7056f2a513d186?s=96&d=mm&r=g\",\"caption\":\"Redacci\u00f3n General\"},\"sameAs\":[\"https:\/\/infobo.digital\/\"]}]}<\/script>\n<!-- \/ Yoast SEO plugin. -->","yoast_head_json":{"title":"Hallan sin vida al segundo pescador desaparecido en Colpa B\u00e9lgica","description":"El cuerpo de Emilio Camargo, de 39 a\u00f1os, fue encontrado entre matorrales a orillas de un r\u00edo en el municipio de San Pedro","robots":{"index":"index","follow":"follow","max-snippet":"max-snippet:-1","max-image-preview":"max-image-preview:large","max-video-preview":"max-video-preview:-1"},"canonical":"https:\/\/infobo.digital\/?p=6358","og_locale":"es_ES","og_type":"article","og_title":"Hallan sin vida al segundo pescador desaparecido en Colpa B\u00e9lgica","og_description":"El cuerpo de Emilio Camargo, de 39 a\u00f1os, fue encontrado entre matorrales a orillas de un r\u00edo en el municipio de San Pedro","og_url":"https:\/\/infobo.digital\/?p=6358","article_publisher":"https:\/\/www.facebook.com\/profile.php?id=61560121555099&mibextid=qi2Omg&rdid=j3LLjPu1LdtSYmlZ","article_published_time":"2026-03-14T20:41:54+00:00","article_modified_time":"2026-03-14T20:41:57+00:00","og_image":[{"width":400,"height":225,"url":"https:\/\/infobo.digital\/wp-content\/uploads\/2026\/03\/1773511439266.webp","type":"image\/webp"}],"author":"Redacci\u00f3n General","twitter_card":"summary_large_image","twitter_title":"Hallan sin vida al segundo pescador desaparecido en Colpa B\u00e9lgica","twitter_description":"El cuerpo de Emilio Camargo, de 39 a\u00f1os, fue encontrado entre matorrales a orillas de un r\u00edo en el municipio de San Pedro","twitter_image":"https:\/\/infobo.digital\/wp-content\/uploads\/2026\/03\/1773511439266.webp","twitter_misc":{"Escrito por":"Redacci\u00f3n General","Tiempo de lectura":"2 minutos"},"schema":{"@context":"https:\/\/schema.org","@graph":[{"@type":"Article","@id":"https:\/\/infobo.digital\/?p=6358#article","isPartOf":{"@id":"https:\/\/infobo.digital\/?p=6358"},"author":{"name":"Redacci\u00f3n General","@id":"https:\/\/infobo.digital\/#\/schema\/person\/ecf650d5ce7363a55760f67687117a7a"},"headline":"Hallan sin vida al segundo pescador desaparecido en Colpa B\u00e9lgica","datePublished":"2026-03-14T20:41:54+00:00","dateModified":"2026-03-14T20:41:57+00:00","mainEntityOfPage":{"@id":"https:\/\/infobo.digital\/?p=6358"},"wordCount":264,"publisher":{"@id":"https:\/\/infobo.digital\/#organization"},"image":{"@id":"https:\/\/infobo.digital\/?p=6358#primaryimage"},"thumbnailUrl":"https:\/\/infobo.digital\/wp-content\/uploads\/2026\/03\/1773511439266.webp","keywords":["cuerpo","Fallecimiento","Santa Cruz"],"articleSection":["Seguridad"],"inLanguage":"es"},{"@type":"WebPage","@id":"https:\/\/infobo.digital\/?p=6358","url":"https:\/\/infobo.digital\/?p=6358","name":"Hallan sin vida al segundo pescador desaparecido en Colpa B\u00e9lgica","isPartOf":{"@id":"https:\/\/infobo.digital\/#website"},"primaryImageOfPage":{"@id":"https:\/\/infobo.digital\/?p=6358#primaryimage"},"image":{"@id":"https:\/\/infobo.digital\/?p=6358#primaryimage"},"thumbnailUrl":"https:\/\/infobo.digital\/wp-content\/uploads\/2026\/03\/1773511439266.webp","datePublished":"2026-03-14T20:41:54+00:00","dateModified":"2026-03-14T20:41:57+00:00","description":"El cuerpo de Emilio Camargo, de 39 a\u00f1os, fue encontrado entre matorrales a orillas de un r\u00edo en el municipio de San Pedro","breadcrumb":{"@id":"https:\/\/infobo.digital\/?p=6358#breadcrumb"},"inLanguage":"es","potentialAction":[{"@type":"ReadAction","target":["https:\/\/infobo.digital\/?p=6358"]}]},{"@type":"ImageObject","inLanguage":"es","@id":"https:\/\/infobo.digital\/?p=6358#primaryimage","url":"https:\/\/infobo.digital\/wp-content\/uploads\/2026\/03\/1773511439266.webp","contentUrl":"https:\/\/infobo.digital\/wp-content\/uploads\/2026\/03\/1773511439266.webp","width":400,"height":225},{"@type":"BreadcrumbList","@id":"https:\/\/infobo.digital\/?p=6358#breadcrumb","itemListElement":[{"@type":"ListItem","position":1,"name":"Portada","item":"https:\/\/infobo.digital\/"},{"@type":"ListItem","position":2,"name":"Hallan sin vida al segundo pescador desaparecido en Colpa B\u00e9lgica"}]},{"@type":"WebSite","@id":"https:\/\/infobo.digital\/#website","url":"https:\/\/infobo.digital\/","name":"Info Bolivia Digital","description":"","publisher":{"@id":"https:\/\/infobo.digital\/#organization"},"potentialAction":[{"@type":"SearchAction","target":{"@type":"EntryPoint","urlTemplate":"https:\/\/infobo.digital\/?s={search_term_string}"},"query-input":{"@type":"PropertyValueSpecification","valueRequired":true,"valueName":"search_term_string"}}],"inLanguage":"es"},{"@type":"Organization","@id":"https:\/\/infobo.digital\/#organization","name":"Info Bolivia Digital","alternateName":"Info Bolivia Digital","url":"https:\/\/infobo.digital\/","logo":{"@type":"ImageObject","inLanguage":"es","@id":"https:\/\/infobo.digital\/#\/schema\/logo\/image\/","url":"https:\/\/infobo.digital\/wp-content\/uploads\/2024\/05\/cropped-logo-1.png","contentUrl":"https:\/\/infobo.digital\/wp-content\/uploads\/2024\/05\/cropped-logo-1.png","width":3000,"height":999,"caption":"Info Bolivia Digital"},"image":{"@id":"https:\/\/infobo.digital\/#\/schema\/logo\/image\/"},"sameAs":["https:\/\/www.facebook.com\/profile.php?id=61560121555099&mibextid=qi2Omg&rdid=j3LLjPu1LdtSYmlZ","https:\/\/www.tiktok.com\/@infodigital.bo?_t=8od23EgGmH8&_r=1"]},{"@type":"Person","@id":"https:\/\/infobo.digital\/#\/schema\/person\/ecf650d5ce7363a55760f67687117a7a","name":"Redacci\u00f3n General","image":{"@type":"ImageObject","inLanguage":"es","@id":"https:\/\/infobo.digital\/#\/schema\/person\/image\/","url":"https:\/\/secure.gravatar.com\/avatar\/97bd61f1308a28696179d42a05cfb514987ef11bd51bb8c6ad7056f2a513d186?s=96&d=mm&r=g","contentUrl":"https:\/\/secure.gravatar.com\/avatar\/97bd61f1308a28696179d42a05cfb514987ef11bd51bb8c6ad7056f2a513d186?s=96&d=mm&r=g","caption":"Redacci\u00f3n General"},"sameAs":["https:\/\/infobo.digital\/"]}]}},"jetpack_featured_media_url":"https:\/\/infobo.digital\/wp-content\/uploads\/2026\/03\/1773511439266.webp","jetpack_sharing_enabled":true,"_links":{"self":[{"href":"https:\/\/infobo.digital\/index.php?rest_route=\/wp\/v2\/posts\/6358","targetHints":{"allow":["GET"]}}],"collection":[{"href":"https:\/\/infobo.digital\/index.php?rest_route=\/wp\/v2\/posts"}],"about":[{"href":"https:\/\/infobo.digital\/index.php?rest_route=\/wp\/v2\/types\/post"}],"author":[{"embeddable":true,"href":"https:\/\/infobo.digital\/index.php?rest_route=\/wp\/v2\/users\/8"}],"replies":[{"embeddable":true,"href":"https:\/\/infobo.digital\/index.php?rest_route=%2Fwp%2Fv2%2Fcomments&post=6358"}],"version-history":[{"count":1,"href":"https:\/\/infobo.digital\/index.php?rest_route=\/wp\/v2\/posts\/6358\/revisions"}],"predecessor-version":[{"id":6360,"href":"https:\/\/infobo.digital\/index.php?rest_route=\/wp\/v2\/posts\/6358\/revisions\/6360"}],"wp:featuredmedia":[{"embeddable":true,"href":"https:\/\/infobo.digital\/index.php?rest_route=\/wp\/v2\/media\/6359"}],"wp:attachment":[{"href":"https:\/\/infobo.digital\/index.php?rest_route=%2Fwp%2Fv2%2Fmedia&parent=6358"}],"wp:term":[{"taxonomy":"category","embeddable":true,"href":"https:\/\/infobo.digital\/index.php?rest_route=%2Fwp%2Fv2%2Fcategories&post=6358"},{"taxonomy":"post_tag","embeddable":true,"href":"https:\/\/infobo.digital\/index.php?rest_route=%2Fwp%2Fv2%2Ftags&post=6358"}],"curies":[{"name":"wp","href":"https:\/\/api.w.org\/{rel}","templated":true}]}}