{"id":6367,"date":"2026-03-16T10:12:33","date_gmt":"2026-03-16T14:12:33","guid":{"rendered":"https:\/\/infobo.digital\/?p=6367"},"modified":"2026-03-16T10:12:34","modified_gmt":"2026-03-16T14:12:34","slug":"granizo-provoco-danos-en-viviendas-de-la-paz","status":"publish","type":"post","link":"https:\/\/infobo.digital\/?p=6367","title":{"rendered":"El granizo alcanz\u00f3 hasta dos metros de altura y provoca da\u00f1os en viviendas de la zona Sur de La Paz"},"content":{"rendered":"\n<p><em>Una tormenta con intensa granizada registrada la tarde del domingo en la zona Sur de la ciudad de La Paz provoc\u00f3 da\u00f1os en viviendas, el colapso de una casa y afectaciones materiales en distintos sectores, inform\u00f3 el secretario municipal de Resiliencia y Gesti\u00f3n de Vulnerabilidades, Juan Pablo Palma.<\/em><\/p>\n\n\n\n<p><strong>\u200e\u200eLa Paz, 16 de marzo de 2026 .\u2013 <\/strong>La tarde del domingo, una tormenta acompa\u00f1ada de granizo afect\u00f3 varios sectores de la zona Sur de la ciudad de La Paz, seg\u00fan report\u00f3 la Secretar\u00eda de Resiliencia y Gesti\u00f3n de Vulnerabilidades de la Alcald\u00eda pace\u00f1a.<\/p>\n\n\n\n<p>\u200e\u200eEl secretario del \u00e1rea, Juan Pablo Palma, se\u00f1al\u00f3 que en algunos puntos el granizo se acumul\u00f3 hasta alcanzar una altura aproximada de dos metros, lo que provoc\u00f3 problemas en la evacuaci\u00f3n de agua y gener\u00f3 da\u00f1os en viviendas e infraestructura.<\/p>\n\n\n\n<p>\u200e\u200eUno de los hechos se registr\u00f3 en la parte alta de Koani, en el sector de Lomas de Chuamaya, donde una vivienda de tres plantas colaps\u00f3 casi en su totalidad. De acuerdo con Palma, la casa estaba construida en la corona de un talud, dentro de la franja de seguridad, y ven\u00eda siendo monitoreada durante los \u00faltimos cuatro a\u00f1os por riesgo estructural.<\/p>\n\n\n\n<p>\u200e\u200eTres personas se encontraban dentro del inmueble al momento de la granizada. Seg\u00fan el reporte municipal, fueron atendidas sin registrar da\u00f1os personales.\u200e\u200e<\/p>\n\n\n\n<p>Otra situaci\u00f3n ocurri\u00f3 cerca del vel\u00f3dromo de Alto Irpavi, donde una vivienda qued\u00f3 inundada y el muro de una casa colaps\u00f3. Palma explic\u00f3 que en ese sector, ubicado en una zona con depresi\u00f3n respecto al resto del \u00e1rea, el sistema de alcantarillado pluvial colaps\u00f3 debido a la acumulaci\u00f3n de agua y granizo.<\/p>\n\n\n\n<p>\u200e\u200eLa Alcald\u00eda de La Paz inform\u00f3 que identific\u00f3 al menos cuatro condiciones consideradas cr\u00edticas tras el evento clim\u00e1tico y despleg\u00f3 brigadas municipales para la atenci\u00f3n de las zonas afectadas.<\/p>\n\n\n\n<p>\u200e\u200eEn otros sectores de Alto Irpavi tambi\u00e9n se report\u00f3 el colapso de cubiertas o techos, atribuido a la falta de pendiente en las estructuras. Este hecho provoc\u00f3 da\u00f1os materiales y afect\u00f3 a algunos veh\u00edculos que se encontraban estacionados en la zona.<\/p>\n","protected":false},"excerpt":{"rendered":"<p>Una tormenta con intensa granizada registrada la tarde del domingo en la zona Sur de la ciudad de La Paz provoc\u00f3 da\u00f1os en viviendas<\/p>\n","protected":false},"author":8,"featured_media":6368,"comment_status":"closed","ping_status":"closed","sticky":false,"template":"","format":"standard","meta":{"jetpack_post_was_ever_published":false,"_jetpack_newsletter_access":"","_jetpack_dont_email_post_to_subs":false,"_jetpack_newsletter_tier_id":0,"_jetpack_memberships_contains_paywalled_content":false,"_jetpack_memberships_contains_paid_content":false,"footnotes":""},"categories":[1312],"tags":[2138,2649,108,937,2650],"class_list":["post-6367","post","type-post","status-publish","format-standard","has-post-thumbnail","hentry","category-social","tag-danos","tag-granizo","tag-la-paz","tag-viviendas","tag-zona-sur"],"yoast_head":"<!-- This site is optimized with the Yoast SEO plugin v26.7 - https:\/\/yoast.com\/wordpress\/plugins\/seo\/ -->\n<title>Granizo provoc\u00f3 da\u00f1os en viviendas de La Paz<\/title>\n<meta name=\"description\" content=\"Una tormenta con intensa granizada registrada la tarde del domingo en la zona Sur de la ciudad de La Paz provoc\u00f3 da\u00f1os en viviendas\" \/>\n<meta name=\"robots\" content=\"index, follow, max-snippet:-1, max-image-preview:large, max-video-preview:-1\" \/>\n<link rel=\"canonical\" href=\"https:\/\/infobo.digital\/?p=6367\" \/>\n<meta property=\"og:locale\" content=\"es_ES\" \/>\n<meta property=\"og:type\" content=\"article\" \/>\n<meta property=\"og:title\" content=\"Granizo provoc\u00f3 da\u00f1os en viviendas de La Paz\" \/>\n<meta property=\"og:description\" content=\"Una tormenta con intensa granizada registrada la tarde del domingo en la zona Sur de la ciudad de La Paz provoc\u00f3 da\u00f1os en viviendas\" \/>\n<meta property=\"og:url\" content=\"https:\/\/infobo.digital\/?p=6367\" \/>\n<meta property=\"article:publisher\" content=\"https:\/\/www.facebook.com\/profile.php?id=61560121555099&amp;mibextid=qi2Omg&amp;rdid=j3LLjPu1LdtSYmlZ\" \/>\n<meta property=\"article:published_time\" content=\"2026-03-16T14:12:33+00:00\" \/>\n<meta property=\"article:modified_time\" content=\"2026-03-16T14:12:34+00:00\" \/>\n<meta property=\"og:image\" content=\"https:\/\/infobo.digital\/wp-content\/uploads\/2026\/03\/whatsapp-image-2026-03-16-at-7-24_101-14768722_20260316114648.webp\" \/>\n\t<meta property=\"og:image:width\" content=\"420\" \/>\n\t<meta property=\"og:image:height\" content=\"280\" \/>\n\t<meta property=\"og:image:type\" content=\"image\/webp\" \/>\n<meta name=\"author\" content=\"Redacci\u00f3n General\" \/>\n<meta name=\"twitter:card\" content=\"summary_large_image\" \/>\n<meta name=\"twitter:title\" content=\"Granizo provoc\u00f3 da\u00f1os en viviendas de La Paz\" \/>\n<meta name=\"twitter:description\" content=\"Una tormenta con intensa granizada registrada la tarde del domingo en la zona Sur de la ciudad de La Paz provoc\u00f3 da\u00f1os en viviendas\" \/>\n<meta name=\"twitter:image\" content=\"https:\/\/infobo.digital\/wp-content\/uploads\/2026\/03\/whatsapp-image-2026-03-16-at-7-24_101-14768722_20260316114648.webp\" \/>\n<meta name=\"twitter:label1\" content=\"Escrito por\" \/>\n\t<meta name=\"twitter:data1\" content=\"Redacci\u00f3n General\" \/>\n\t<meta name=\"twitter:label2\" content=\"Tiempo de lectura\" \/>\n\t<meta name=\"twitter:data2\" content=\"2 minutos\" \/>\n<script type=\"application\/ld+json\" class=\"yoast-schema-graph\">{\"@context\":\"https:\/\/schema.org\",\"@graph\":[{\"@type\":\"Article\",\"@id\":\"https:\/\/infobo.digital\/?p=6367#article\",\"isPartOf\":{\"@id\":\"https:\/\/infobo.digital\/?p=6367\"},\"author\":{\"name\":\"Redacci\u00f3n General\",\"@id\":\"https:\/\/infobo.digital\/#\/schema\/person\/ecf650d5ce7363a55760f67687117a7a\"},\"headline\":\"El granizo alcanz\u00f3 hasta dos metros de altura y provoca da\u00f1os en viviendas de la zona Sur de La Paz\",\"datePublished\":\"2026-03-16T14:12:33+00:00\",\"dateModified\":\"2026-03-16T14:12:34+00:00\",\"mainEntityOfPage\":{\"@id\":\"https:\/\/infobo.digital\/?p=6367\"},\"wordCount\":382,\"publisher\":{\"@id\":\"https:\/\/infobo.digital\/#organization\"},\"image\":{\"@id\":\"https:\/\/infobo.digital\/?p=6367#primaryimage\"},\"thumbnailUrl\":\"https:\/\/infobo.digital\/wp-content\/uploads\/2026\/03\/whatsapp-image-2026-03-16-at-7-24_101-14768722_20260316114648.webp\",\"keywords\":[\"da\u00f1os\",\"Granizo\",\"La Paz\",\"viviendas\",\"Zona sur\"],\"articleSection\":[\"Social\"],\"inLanguage\":\"es\"},{\"@type\":\"WebPage\",\"@id\":\"https:\/\/infobo.digital\/?p=6367\",\"url\":\"https:\/\/infobo.digital\/?p=6367\",\"name\":\"Granizo provoc\u00f3 da\u00f1os en viviendas de La Paz\",\"isPartOf\":{\"@id\":\"https:\/\/infobo.digital\/#website\"},\"primaryImageOfPage\":{\"@id\":\"https:\/\/infobo.digital\/?p=6367#primaryimage\"},\"image\":{\"@id\":\"https:\/\/infobo.digital\/?p=6367#primaryimage\"},\"thumbnailUrl\":\"https:\/\/infobo.digital\/wp-content\/uploads\/2026\/03\/whatsapp-image-2026-03-16-at-7-24_101-14768722_20260316114648.webp\",\"datePublished\":\"2026-03-16T14:12:33+00:00\",\"dateModified\":\"2026-03-16T14:12:34+00:00\",\"description\":\"Una tormenta con intensa granizada registrada la tarde del domingo en la zona Sur de la ciudad de La Paz provoc\u00f3 da\u00f1os en viviendas\",\"breadcrumb\":{\"@id\":\"https:\/\/infobo.digital\/?p=6367#breadcrumb\"},\"inLanguage\":\"es\",\"potentialAction\":[{\"@type\":\"ReadAction\",\"target\":[\"https:\/\/infobo.digital\/?p=6367\"]}]},{\"@type\":\"ImageObject\",\"inLanguage\":\"es\",\"@id\":\"https:\/\/infobo.digital\/?p=6367#primaryimage\",\"url\":\"https:\/\/infobo.digital\/wp-content\/uploads\/2026\/03\/whatsapp-image-2026-03-16-at-7-24_101-14768722_20260316114648.webp\",\"contentUrl\":\"https:\/\/infobo.digital\/wp-content\/uploads\/2026\/03\/whatsapp-image-2026-03-16-at-7-24_101-14768722_20260316114648.webp\",\"width\":420,\"height\":280},{\"@type\":\"BreadcrumbList\",\"@id\":\"https:\/\/infobo.digital\/?p=6367#breadcrumb\",\"itemListElement\":[{\"@type\":\"ListItem\",\"position\":1,\"name\":\"Portada\",\"item\":\"https:\/\/infobo.digital\/\"},{\"@type\":\"ListItem\",\"position\":2,\"name\":\"El granizo alcanz\u00f3 hasta dos metros de altura y provoca da\u00f1os en viviendas de la zona Sur de La Paz\"}]},{\"@type\":\"WebSite\",\"@id\":\"https:\/\/infobo.digital\/#website\",\"url\":\"https:\/\/infobo.digital\/\",\"name\":\"Info Bolivia Digital\",\"description\":\"\",\"publisher\":{\"@id\":\"https:\/\/infobo.digital\/#organization\"},\"potentialAction\":[{\"@type\":\"SearchAction\",\"target\":{\"@type\":\"EntryPoint\",\"urlTemplate\":\"https:\/\/infobo.digital\/?s={search_term_string}\"},\"query-input\":{\"@type\":\"PropertyValueSpecification\",\"valueRequired\":true,\"valueName\":\"search_term_string\"}}],\"inLanguage\":\"es\"},{\"@type\":\"Organization\",\"@id\":\"https:\/\/infobo.digital\/#organization\",\"name\":\"Info Bolivia Digital\",\"alternateName\":\"Info Bolivia Digital\",\"url\":\"https:\/\/infobo.digital\/\",\"logo\":{\"@type\":\"ImageObject\",\"inLanguage\":\"es\",\"@id\":\"https:\/\/infobo.digital\/#\/schema\/logo\/image\/\",\"url\":\"https:\/\/infobo.digital\/wp-content\/uploads\/2024\/05\/cropped-logo-1.png\",\"contentUrl\":\"https:\/\/infobo.digital\/wp-content\/uploads\/2024\/05\/cropped-logo-1.png\",\"width\":3000,\"height\":999,\"caption\":\"Info Bolivia Digital\"},\"image\":{\"@id\":\"https:\/\/infobo.digital\/#\/schema\/logo\/image\/\"},\"sameAs\":[\"https:\/\/www.facebook.com\/profile.php?id=61560121555099&mibextid=qi2Omg&rdid=j3LLjPu1LdtSYmlZ\",\"https:\/\/www.tiktok.com\/@infodigital.bo?_t=8od23EgGmH8&_r=1\"]},{\"@type\":\"Person\",\"@id\":\"https:\/\/infobo.digital\/#\/schema\/person\/ecf650d5ce7363a55760f67687117a7a\",\"name\":\"Redacci\u00f3n General\",\"image\":{\"@type\":\"ImageObject\",\"inLanguage\":\"es\",\"@id\":\"https:\/\/infobo.digital\/#\/schema\/person\/image\/\",\"url\":\"https:\/\/secure.gravatar.com\/avatar\/97bd61f1308a28696179d42a05cfb514987ef11bd51bb8c6ad7056f2a513d186?s=96&d=mm&r=g\",\"contentUrl\":\"https:\/\/secure.gravatar.com\/avatar\/97bd61f1308a28696179d42a05cfb514987ef11bd51bb8c6ad7056f2a513d186?s=96&d=mm&r=g\",\"caption\":\"Redacci\u00f3n General\"},\"sameAs\":[\"https:\/\/infobo.digital\/\"]}]}<\/script>\n<!-- \/ Yoast SEO plugin. -->","yoast_head_json":{"title":"Granizo provoc\u00f3 da\u00f1os en viviendas de La Paz","description":"Una tormenta con intensa granizada registrada la tarde del domingo en la zona Sur de la ciudad de La Paz provoc\u00f3 da\u00f1os en viviendas","robots":{"index":"index","follow":"follow","max-snippet":"max-snippet:-1","max-image-preview":"max-image-preview:large","max-video-preview":"max-video-preview:-1"},"canonical":"https:\/\/infobo.digital\/?p=6367","og_locale":"es_ES","og_type":"article","og_title":"Granizo provoc\u00f3 da\u00f1os en viviendas de La Paz","og_description":"Una tormenta con intensa granizada registrada la tarde del domingo en la zona Sur de la ciudad de La Paz provoc\u00f3 da\u00f1os en viviendas","og_url":"https:\/\/infobo.digital\/?p=6367","article_publisher":"https:\/\/www.facebook.com\/profile.php?id=61560121555099&mibextid=qi2Omg&rdid=j3LLjPu1LdtSYmlZ","article_published_time":"2026-03-16T14:12:33+00:00","article_modified_time":"2026-03-16T14:12:34+00:00","og_image":[{"width":420,"height":280,"url":"https:\/\/infobo.digital\/wp-content\/uploads\/2026\/03\/whatsapp-image-2026-03-16-at-7-24_101-14768722_20260316114648.webp","type":"image\/webp"}],"author":"Redacci\u00f3n General","twitter_card":"summary_large_image","twitter_title":"Granizo provoc\u00f3 da\u00f1os en viviendas de La Paz","twitter_description":"Una tormenta con intensa granizada registrada la tarde del domingo en la zona Sur de la ciudad de La Paz provoc\u00f3 da\u00f1os en viviendas","twitter_image":"https:\/\/infobo.digital\/wp-content\/uploads\/2026\/03\/whatsapp-image-2026-03-16-at-7-24_101-14768722_20260316114648.webp","twitter_misc":{"Escrito por":"Redacci\u00f3n General","Tiempo de lectura":"2 minutos"},"schema":{"@context":"https:\/\/schema.org","@graph":[{"@type":"Article","@id":"https:\/\/infobo.digital\/?p=6367#article","isPartOf":{"@id":"https:\/\/infobo.digital\/?p=6367"},"author":{"name":"Redacci\u00f3n General","@id":"https:\/\/infobo.digital\/#\/schema\/person\/ecf650d5ce7363a55760f67687117a7a"},"headline":"El granizo alcanz\u00f3 hasta dos metros de altura y provoca da\u00f1os en viviendas de la zona Sur de La Paz","datePublished":"2026-03-16T14:12:33+00:00","dateModified":"2026-03-16T14:12:34+00:00","mainEntityOfPage":{"@id":"https:\/\/infobo.digital\/?p=6367"},"wordCount":382,"publisher":{"@id":"https:\/\/infobo.digital\/#organization"},"image":{"@id":"https:\/\/infobo.digital\/?p=6367#primaryimage"},"thumbnailUrl":"https:\/\/infobo.digital\/wp-content\/uploads\/2026\/03\/whatsapp-image-2026-03-16-at-7-24_101-14768722_20260316114648.webp","keywords":["da\u00f1os","Granizo","La Paz","viviendas","Zona sur"],"articleSection":["Social"],"inLanguage":"es"},{"@type":"WebPage","@id":"https:\/\/infobo.digital\/?p=6367","url":"https:\/\/infobo.digital\/?p=6367","name":"Granizo provoc\u00f3 da\u00f1os en viviendas de La Paz","isPartOf":{"@id":"https:\/\/infobo.digital\/#website"},"primaryImageOfPage":{"@id":"https:\/\/infobo.digital\/?p=6367#primaryimage"},"image":{"@id":"https:\/\/infobo.digital\/?p=6367#primaryimage"},"thumbnailUrl":"https:\/\/infobo.digital\/wp-content\/uploads\/2026\/03\/whatsapp-image-2026-03-16-at-7-24_101-14768722_20260316114648.webp","datePublished":"2026-03-16T14:12:33+00:00","dateModified":"2026-03-16T14:12:34+00:00","description":"Una tormenta con intensa granizada registrada la tarde del domingo en la zona Sur de la ciudad de La Paz provoc\u00f3 da\u00f1os en viviendas","breadcrumb":{"@id":"https:\/\/infobo.digital\/?p=6367#breadcrumb"},"inLanguage":"es","potentialAction":[{"@type":"ReadAction","target":["https:\/\/infobo.digital\/?p=6367"]}]},{"@type":"ImageObject","inLanguage":"es","@id":"https:\/\/infobo.digital\/?p=6367#primaryimage","url":"https:\/\/infobo.digital\/wp-content\/uploads\/2026\/03\/whatsapp-image-2026-03-16-at-7-24_101-14768722_20260316114648.webp","contentUrl":"https:\/\/infobo.digital\/wp-content\/uploads\/2026\/03\/whatsapp-image-2026-03-16-at-7-24_101-14768722_20260316114648.webp","width":420,"height":280},{"@type":"BreadcrumbList","@id":"https:\/\/infobo.digital\/?p=6367#breadcrumb","itemListElement":[{"@type":"ListItem","position":1,"name":"Portada","item":"https:\/\/infobo.digital\/"},{"@type":"ListItem","position":2,"name":"El granizo alcanz\u00f3 hasta dos metros de altura y provoca da\u00f1os en viviendas de la zona Sur de La Paz"}]},{"@type":"WebSite","@id":"https:\/\/infobo.digital\/#website","url":"https:\/\/infobo.digital\/","name":"Info Bolivia Digital","description":"","publisher":{"@id":"https:\/\/infobo.digital\/#organization"},"potentialAction":[{"@type":"SearchAction","target":{"@type":"EntryPoint","urlTemplate":"https:\/\/infobo.digital\/?s={search_term_string}"},"query-input":{"@type":"PropertyValueSpecification","valueRequired":true,"valueName":"search_term_string"}}],"inLanguage":"es"},{"@type":"Organization","@id":"https:\/\/infobo.digital\/#organization","name":"Info Bolivia Digital","alternateName":"Info Bolivia Digital","url":"https:\/\/infobo.digital\/","logo":{"@type":"ImageObject","inLanguage":"es","@id":"https:\/\/infobo.digital\/#\/schema\/logo\/image\/","url":"https:\/\/infobo.digital\/wp-content\/uploads\/2024\/05\/cropped-logo-1.png","contentUrl":"https:\/\/infobo.digital\/wp-content\/uploads\/2024\/05\/cropped-logo-1.png","width":3000,"height":999,"caption":"Info Bolivia Digital"},"image":{"@id":"https:\/\/infobo.digital\/#\/schema\/logo\/image\/"},"sameAs":["https:\/\/www.facebook.com\/profile.php?id=61560121555099&mibextid=qi2Omg&rdid=j3LLjPu1LdtSYmlZ","https:\/\/www.tiktok.com\/@infodigital.bo?_t=8od23EgGmH8&_r=1"]},{"@type":"Person","@id":"https:\/\/infobo.digital\/#\/schema\/person\/ecf650d5ce7363a55760f67687117a7a","name":"Redacci\u00f3n General","image":{"@type":"ImageObject","inLanguage":"es","@id":"https:\/\/infobo.digital\/#\/schema\/person\/image\/","url":"https:\/\/secure.gravatar.com\/avatar\/97bd61f1308a28696179d42a05cfb514987ef11bd51bb8c6ad7056f2a513d186?s=96&d=mm&r=g","contentUrl":"https:\/\/secure.gravatar.com\/avatar\/97bd61f1308a28696179d42a05cfb514987ef11bd51bb8c6ad7056f2a513d186?s=96&d=mm&r=g","caption":"Redacci\u00f3n General"},"sameAs":["https:\/\/infobo.digital\/"]}]}},"jetpack_featured_media_url":"https:\/\/infobo.digital\/wp-content\/uploads\/2026\/03\/whatsapp-image-2026-03-16-at-7-24_101-14768722_20260316114648.webp","jetpack_sharing_enabled":true,"_links":{"self":[{"href":"https:\/\/infobo.digital\/index.php?rest_route=\/wp\/v2\/posts\/6367","targetHints":{"allow":["GET"]}}],"collection":[{"href":"https:\/\/infobo.digital\/index.php?rest_route=\/wp\/v2\/posts"}],"about":[{"href":"https:\/\/infobo.digital\/index.php?rest_route=\/wp\/v2\/types\/post"}],"author":[{"embeddable":true,"href":"https:\/\/infobo.digital\/index.php?rest_route=\/wp\/v2\/users\/8"}],"replies":[{"embeddable":true,"href":"https:\/\/infobo.digital\/index.php?rest_route=%2Fwp%2Fv2%2Fcomments&post=6367"}],"version-history":[{"count":1,"href":"https:\/\/infobo.digital\/index.php?rest_route=\/wp\/v2\/posts\/6367\/revisions"}],"predecessor-version":[{"id":6369,"href":"https:\/\/infobo.digital\/index.php?rest_route=\/wp\/v2\/posts\/6367\/revisions\/6369"}],"wp:featuredmedia":[{"embeddable":true,"href":"https:\/\/infobo.digital\/index.php?rest_route=\/wp\/v2\/media\/6368"}],"wp:attachment":[{"href":"https:\/\/infobo.digital\/index.php?rest_route=%2Fwp%2Fv2%2Fmedia&parent=6367"}],"wp:term":[{"taxonomy":"category","embeddable":true,"href":"https:\/\/infobo.digital\/index.php?rest_route=%2Fwp%2Fv2%2Fcategories&post=6367"},{"taxonomy":"post_tag","embeddable":true,"href":"https:\/\/infobo.digital\/index.php?rest_route=%2Fwp%2Fv2%2Ftags&post=6367"}],"curies":[{"name":"wp","href":"https:\/\/api.w.org\/{rel}","templated":true}]}}