{"id":6371,"date":"2026-03-16T10:36:23","date_gmt":"2026-03-16T14:36:23","guid":{"rendered":"https:\/\/infobo.digital\/?p=6371"},"modified":"2026-03-16T10:36:26","modified_gmt":"2026-03-16T14:36:26","slug":"candidatos-denuncian-favoritismo-del-ted-para-manfred-reyes","status":"publish","type":"post","link":"https:\/\/infobo.digital\/?p=6371","title":{"rendered":"Candidatos a la Alcald\u00eda denuncian supuestas preferencias del TED hacia Manfred Reyes Villa"},"content":{"rendered":"\n<p><em>Candidatos a la Alcald\u00eda de Cochabamba expresaron cuestionamientos sobre la actuaci\u00f3n del Tribunal Electoral Departamental (TED) de Cochabamba y denunciaron presuntas preferencias a favor del actual alcalde, Manfred Reyes Villa. Los postulantes solicitaron garant\u00edas de transparencia y equidad en el proceso electoral rumbo a las elecciones subnacionales.\u200e\u200e<\/em><\/p>\n\n\n\n<p><strong>Cochabamba, 16 de marzo de 2026 . \u2013 <\/strong>Varios candidatos a la Alcald\u00eda de Cochabamba manifestaron cuestionamientos sobre la legitimidad del Tribunal Electoral Departamental de Cochabamba (TED), al denunciar presuntas preferencias en favor del actual alcalde y candidato a la reelecci\u00f3n, Manfred Reyes Villa.\u200e\u200e<\/p>\n\n\n\n<p>De acuerdo con los postulantes, algunas decisiones y actuaciones del organismo electoral generan dudas sobre la imparcialidad del proceso electoral en el departamento. Los candidatos indicaron que estas situaciones podr\u00edan afectar la percepci\u00f3n de neutralidad de la instituci\u00f3n encargada de administrar y supervisar los comicios.\u200e\u200e<\/p>\n\n\n\n<p>Ante este escenario, los aspirantes a la alcald\u00eda solicitaron que el tribunal garantice condiciones de transparencia y equidad para todos los participantes. Se\u00f1alaron que el objetivo es asegurar que el proceso electoral se desarrolle con reglas claras y que los resultados cuenten con la confianza de la ciudadan\u00eda.\u200e\u200e<\/p>\n\n\n\n<p>Las elecciones subnacionales en Bolivia se desarrollan bajo la supervisi\u00f3n del \u00f3rgano electoral, responsable de organizar y administrar los procesos de votaci\u00f3n en cada departamento. En este contexto, los candidatos reiteraron la necesidad de que las autoridades electorales mantengan criterios de imparcialidad durante todas las etapas del proceso.<\/p>\n","protected":false},"excerpt":{"rendered":"<p>Candidatos a la Alcald\u00eda de Cochabamba manifestaron cuestionamientos sobre legitimidad del TED y denunciaron favoritismo hacia Manfred Reyes <\/p>\n","protected":false},"author":8,"featured_media":6373,"comment_status":"closed","ping_status":"closed","sticky":false,"template":"","format":"standard","meta":{"jetpack_post_was_ever_published":false,"_jetpack_newsletter_access":"","_jetpack_dont_email_post_to_subs":false,"_jetpack_newsletter_tier_id":0,"_jetpack_memberships_contains_paywalled_content":false,"_jetpack_memberships_contains_paid_content":false,"footnotes":""},"categories":[10],"tags":[1857,1442,455,2651,2324],"class_list":["post-6371","post","type-post","status-publish","format-standard","has-post-thumbnail","hentry","category-politica","tag-alcaldia","tag-candidatos","tag-denuncia","tag-favoritismo","tag-manfred-reyes"],"yoast_head":"<!-- This site is optimized with the Yoast SEO plugin v26.7 - https:\/\/yoast.com\/wordpress\/plugins\/seo\/ -->\n<title>Candidatos denuncian favoritismo del TED para Manfred Reyes<\/title>\n<meta name=\"description\" content=\"Candidatos a la Alcald\u00eda de Cochabamba manifestaron cuestionamientos sobre legitimidad del TED y denunciaron favoritismo hacia Manfred Reyes\" \/>\n<meta name=\"robots\" content=\"index, follow, max-snippet:-1, max-image-preview:large, max-video-preview:-1\" \/>\n<link rel=\"canonical\" href=\"https:\/\/infobo.digital\/?p=6371\" \/>\n<meta property=\"og:locale\" content=\"es_ES\" \/>\n<meta property=\"og:type\" content=\"article\" \/>\n<meta property=\"og:title\" content=\"Candidatos denuncian favoritismo del TED para Manfred Reyes\" \/>\n<meta property=\"og:description\" content=\"Candidatos a la Alcald\u00eda de Cochabamba manifestaron cuestionamientos sobre legitimidad del TED y denunciaron favoritismo hacia Manfred Reyes\" \/>\n<meta property=\"og:url\" content=\"https:\/\/infobo.digital\/?p=6371\" \/>\n<meta property=\"article:publisher\" content=\"https:\/\/www.facebook.com\/profile.php?id=61560121555099&amp;mibextid=qi2Omg&amp;rdid=j3LLjPu1LdtSYmlZ\" \/>\n<meta property=\"article:published_time\" content=\"2026-03-16T14:36:23+00:00\" \/>\n<meta property=\"article:modified_time\" content=\"2026-03-16T14:36:26+00:00\" \/>\n<meta property=\"og:image\" content=\"https:\/\/infobo.digital\/wp-content\/uploads\/2026\/03\/2026031600111631933.jpg\" \/>\n\t<meta property=\"og:image:width\" content=\"768\" \/>\n\t<meta property=\"og:image:height\" content=\"428\" \/>\n\t<meta property=\"og:image:type\" content=\"image\/jpeg\" \/>\n<meta name=\"author\" content=\"Redacci\u00f3n General\" \/>\n<meta name=\"twitter:card\" content=\"summary_large_image\" \/>\n<meta name=\"twitter:title\" content=\"Candidatos denuncian favoritismo del TED para Manfred Reyes\" \/>\n<meta name=\"twitter:description\" content=\"Candidatos a la Alcald\u00eda de Cochabamba manifestaron cuestionamientos sobre legitimidad del TED y denunciaron favoritismo hacia Manfred Reyes\" \/>\n<meta name=\"twitter:image\" content=\"https:\/\/infobo.digital\/wp-content\/uploads\/2026\/03\/2026031600111631933.jpg\" \/>\n<meta name=\"twitter:label1\" content=\"Escrito por\" \/>\n\t<meta name=\"twitter:data1\" content=\"Redacci\u00f3n General\" \/>\n\t<meta name=\"twitter:label2\" content=\"Tiempo de lectura\" \/>\n\t<meta name=\"twitter:data2\" content=\"2 minutos\" \/>\n<script type=\"application\/ld+json\" class=\"yoast-schema-graph\">{\"@context\":\"https:\/\/schema.org\",\"@graph\":[{\"@type\":\"Article\",\"@id\":\"https:\/\/infobo.digital\/?p=6371#article\",\"isPartOf\":{\"@id\":\"https:\/\/infobo.digital\/?p=6371\"},\"author\":{\"name\":\"Redacci\u00f3n General\",\"@id\":\"https:\/\/infobo.digital\/#\/schema\/person\/ecf650d5ce7363a55760f67687117a7a\"},\"headline\":\"Candidatos a la Alcald\u00eda denuncian supuestas preferencias del TED hacia Manfred Reyes Villa\",\"datePublished\":\"2026-03-16T14:36:23+00:00\",\"dateModified\":\"2026-03-16T14:36:26+00:00\",\"mainEntityOfPage\":{\"@id\":\"https:\/\/infobo.digital\/?p=6371\"},\"wordCount\":255,\"publisher\":{\"@id\":\"https:\/\/infobo.digital\/#organization\"},\"image\":{\"@id\":\"https:\/\/infobo.digital\/?p=6371#primaryimage\"},\"thumbnailUrl\":\"https:\/\/infobo.digital\/wp-content\/uploads\/2026\/03\/2026031600111631933.jpg\",\"keywords\":[\"Alcald\u00eda\",\"candidatos\",\"Denuncia\",\"Favoritismo\",\"Manfred Reyes\"],\"articleSection\":[\"Pol\u00edtica\"],\"inLanguage\":\"es\"},{\"@type\":\"WebPage\",\"@id\":\"https:\/\/infobo.digital\/?p=6371\",\"url\":\"https:\/\/infobo.digital\/?p=6371\",\"name\":\"Candidatos denuncian favoritismo del TED para Manfred Reyes\",\"isPartOf\":{\"@id\":\"https:\/\/infobo.digital\/#website\"},\"primaryImageOfPage\":{\"@id\":\"https:\/\/infobo.digital\/?p=6371#primaryimage\"},\"image\":{\"@id\":\"https:\/\/infobo.digital\/?p=6371#primaryimage\"},\"thumbnailUrl\":\"https:\/\/infobo.digital\/wp-content\/uploads\/2026\/03\/2026031600111631933.jpg\",\"datePublished\":\"2026-03-16T14:36:23+00:00\",\"dateModified\":\"2026-03-16T14:36:26+00:00\",\"description\":\"Candidatos a la Alcald\u00eda de Cochabamba manifestaron cuestionamientos sobre legitimidad del TED y denunciaron favoritismo hacia Manfred Reyes\",\"breadcrumb\":{\"@id\":\"https:\/\/infobo.digital\/?p=6371#breadcrumb\"},\"inLanguage\":\"es\",\"potentialAction\":[{\"@type\":\"ReadAction\",\"target\":[\"https:\/\/infobo.digital\/?p=6371\"]}]},{\"@type\":\"ImageObject\",\"inLanguage\":\"es\",\"@id\":\"https:\/\/infobo.digital\/?p=6371#primaryimage\",\"url\":\"https:\/\/infobo.digital\/wp-content\/uploads\/2026\/03\/2026031600111631933.jpg\",\"contentUrl\":\"https:\/\/infobo.digital\/wp-content\/uploads\/2026\/03\/2026031600111631933.jpg\",\"width\":768,\"height\":428},{\"@type\":\"BreadcrumbList\",\"@id\":\"https:\/\/infobo.digital\/?p=6371#breadcrumb\",\"itemListElement\":[{\"@type\":\"ListItem\",\"position\":1,\"name\":\"Portada\",\"item\":\"https:\/\/infobo.digital\/\"},{\"@type\":\"ListItem\",\"position\":2,\"name\":\"Candidatos a la Alcald\u00eda denuncian supuestas preferencias del TED hacia Manfred Reyes Villa\"}]},{\"@type\":\"WebSite\",\"@id\":\"https:\/\/infobo.digital\/#website\",\"url\":\"https:\/\/infobo.digital\/\",\"name\":\"Info Bolivia Digital\",\"description\":\"\",\"publisher\":{\"@id\":\"https:\/\/infobo.digital\/#organization\"},\"potentialAction\":[{\"@type\":\"SearchAction\",\"target\":{\"@type\":\"EntryPoint\",\"urlTemplate\":\"https:\/\/infobo.digital\/?s={search_term_string}\"},\"query-input\":{\"@type\":\"PropertyValueSpecification\",\"valueRequired\":true,\"valueName\":\"search_term_string\"}}],\"inLanguage\":\"es\"},{\"@type\":\"Organization\",\"@id\":\"https:\/\/infobo.digital\/#organization\",\"name\":\"Info Bolivia Digital\",\"alternateName\":\"Info Bolivia Digital\",\"url\":\"https:\/\/infobo.digital\/\",\"logo\":{\"@type\":\"ImageObject\",\"inLanguage\":\"es\",\"@id\":\"https:\/\/infobo.digital\/#\/schema\/logo\/image\/\",\"url\":\"https:\/\/infobo.digital\/wp-content\/uploads\/2024\/05\/cropped-logo-1.png\",\"contentUrl\":\"https:\/\/infobo.digital\/wp-content\/uploads\/2024\/05\/cropped-logo-1.png\",\"width\":3000,\"height\":999,\"caption\":\"Info Bolivia Digital\"},\"image\":{\"@id\":\"https:\/\/infobo.digital\/#\/schema\/logo\/image\/\"},\"sameAs\":[\"https:\/\/www.facebook.com\/profile.php?id=61560121555099&mibextid=qi2Omg&rdid=j3LLjPu1LdtSYmlZ\",\"https:\/\/www.tiktok.com\/@infodigital.bo?_t=8od23EgGmH8&_r=1\"]},{\"@type\":\"Person\",\"@id\":\"https:\/\/infobo.digital\/#\/schema\/person\/ecf650d5ce7363a55760f67687117a7a\",\"name\":\"Redacci\u00f3n General\",\"image\":{\"@type\":\"ImageObject\",\"inLanguage\":\"es\",\"@id\":\"https:\/\/infobo.digital\/#\/schema\/person\/image\/\",\"url\":\"https:\/\/secure.gravatar.com\/avatar\/97bd61f1308a28696179d42a05cfb514987ef11bd51bb8c6ad7056f2a513d186?s=96&d=mm&r=g\",\"contentUrl\":\"https:\/\/secure.gravatar.com\/avatar\/97bd61f1308a28696179d42a05cfb514987ef11bd51bb8c6ad7056f2a513d186?s=96&d=mm&r=g\",\"caption\":\"Redacci\u00f3n General\"},\"sameAs\":[\"https:\/\/infobo.digital\/\"]}]}<\/script>\n<!-- \/ Yoast SEO plugin. -->","yoast_head_json":{"title":"Candidatos denuncian favoritismo del TED para Manfred Reyes","description":"Candidatos a la Alcald\u00eda de Cochabamba manifestaron cuestionamientos sobre legitimidad del TED y denunciaron favoritismo hacia Manfred Reyes","robots":{"index":"index","follow":"follow","max-snippet":"max-snippet:-1","max-image-preview":"max-image-preview:large","max-video-preview":"max-video-preview:-1"},"canonical":"https:\/\/infobo.digital\/?p=6371","og_locale":"es_ES","og_type":"article","og_title":"Candidatos denuncian favoritismo del TED para Manfred Reyes","og_description":"Candidatos a la Alcald\u00eda de Cochabamba manifestaron cuestionamientos sobre legitimidad del TED y denunciaron favoritismo hacia Manfred Reyes","og_url":"https:\/\/infobo.digital\/?p=6371","article_publisher":"https:\/\/www.facebook.com\/profile.php?id=61560121555099&mibextid=qi2Omg&rdid=j3LLjPu1LdtSYmlZ","article_published_time":"2026-03-16T14:36:23+00:00","article_modified_time":"2026-03-16T14:36:26+00:00","og_image":[{"width":768,"height":428,"url":"https:\/\/infobo.digital\/wp-content\/uploads\/2026\/03\/2026031600111631933.jpg","type":"image\/jpeg"}],"author":"Redacci\u00f3n General","twitter_card":"summary_large_image","twitter_title":"Candidatos denuncian favoritismo del TED para Manfred Reyes","twitter_description":"Candidatos a la Alcald\u00eda de Cochabamba manifestaron cuestionamientos sobre legitimidad del TED y denunciaron favoritismo hacia Manfred Reyes","twitter_image":"https:\/\/infobo.digital\/wp-content\/uploads\/2026\/03\/2026031600111631933.jpg","twitter_misc":{"Escrito por":"Redacci\u00f3n General","Tiempo de lectura":"2 minutos"},"schema":{"@context":"https:\/\/schema.org","@graph":[{"@type":"Article","@id":"https:\/\/infobo.digital\/?p=6371#article","isPartOf":{"@id":"https:\/\/infobo.digital\/?p=6371"},"author":{"name":"Redacci\u00f3n General","@id":"https:\/\/infobo.digital\/#\/schema\/person\/ecf650d5ce7363a55760f67687117a7a"},"headline":"Candidatos a la Alcald\u00eda denuncian supuestas preferencias del TED hacia Manfred Reyes Villa","datePublished":"2026-03-16T14:36:23+00:00","dateModified":"2026-03-16T14:36:26+00:00","mainEntityOfPage":{"@id":"https:\/\/infobo.digital\/?p=6371"},"wordCount":255,"publisher":{"@id":"https:\/\/infobo.digital\/#organization"},"image":{"@id":"https:\/\/infobo.digital\/?p=6371#primaryimage"},"thumbnailUrl":"https:\/\/infobo.digital\/wp-content\/uploads\/2026\/03\/2026031600111631933.jpg","keywords":["Alcald\u00eda","candidatos","Denuncia","Favoritismo","Manfred Reyes"],"articleSection":["Pol\u00edtica"],"inLanguage":"es"},{"@type":"WebPage","@id":"https:\/\/infobo.digital\/?p=6371","url":"https:\/\/infobo.digital\/?p=6371","name":"Candidatos denuncian favoritismo del TED para Manfred Reyes","isPartOf":{"@id":"https:\/\/infobo.digital\/#website"},"primaryImageOfPage":{"@id":"https:\/\/infobo.digital\/?p=6371#primaryimage"},"image":{"@id":"https:\/\/infobo.digital\/?p=6371#primaryimage"},"thumbnailUrl":"https:\/\/infobo.digital\/wp-content\/uploads\/2026\/03\/2026031600111631933.jpg","datePublished":"2026-03-16T14:36:23+00:00","dateModified":"2026-03-16T14:36:26+00:00","description":"Candidatos a la Alcald\u00eda de Cochabamba manifestaron cuestionamientos sobre legitimidad del TED y denunciaron favoritismo hacia Manfred Reyes","breadcrumb":{"@id":"https:\/\/infobo.digital\/?p=6371#breadcrumb"},"inLanguage":"es","potentialAction":[{"@type":"ReadAction","target":["https:\/\/infobo.digital\/?p=6371"]}]},{"@type":"ImageObject","inLanguage":"es","@id":"https:\/\/infobo.digital\/?p=6371#primaryimage","url":"https:\/\/infobo.digital\/wp-content\/uploads\/2026\/03\/2026031600111631933.jpg","contentUrl":"https:\/\/infobo.digital\/wp-content\/uploads\/2026\/03\/2026031600111631933.jpg","width":768,"height":428},{"@type":"BreadcrumbList","@id":"https:\/\/infobo.digital\/?p=6371#breadcrumb","itemListElement":[{"@type":"ListItem","position":1,"name":"Portada","item":"https:\/\/infobo.digital\/"},{"@type":"ListItem","position":2,"name":"Candidatos a la Alcald\u00eda denuncian supuestas preferencias del TED hacia Manfred Reyes Villa"}]},{"@type":"WebSite","@id":"https:\/\/infobo.digital\/#website","url":"https:\/\/infobo.digital\/","name":"Info Bolivia Digital","description":"","publisher":{"@id":"https:\/\/infobo.digital\/#organization"},"potentialAction":[{"@type":"SearchAction","target":{"@type":"EntryPoint","urlTemplate":"https:\/\/infobo.digital\/?s={search_term_string}"},"query-input":{"@type":"PropertyValueSpecification","valueRequired":true,"valueName":"search_term_string"}}],"inLanguage":"es"},{"@type":"Organization","@id":"https:\/\/infobo.digital\/#organization","name":"Info Bolivia Digital","alternateName":"Info Bolivia Digital","url":"https:\/\/infobo.digital\/","logo":{"@type":"ImageObject","inLanguage":"es","@id":"https:\/\/infobo.digital\/#\/schema\/logo\/image\/","url":"https:\/\/infobo.digital\/wp-content\/uploads\/2024\/05\/cropped-logo-1.png","contentUrl":"https:\/\/infobo.digital\/wp-content\/uploads\/2024\/05\/cropped-logo-1.png","width":3000,"height":999,"caption":"Info Bolivia Digital"},"image":{"@id":"https:\/\/infobo.digital\/#\/schema\/logo\/image\/"},"sameAs":["https:\/\/www.facebook.com\/profile.php?id=61560121555099&mibextid=qi2Omg&rdid=j3LLjPu1LdtSYmlZ","https:\/\/www.tiktok.com\/@infodigital.bo?_t=8od23EgGmH8&_r=1"]},{"@type":"Person","@id":"https:\/\/infobo.digital\/#\/schema\/person\/ecf650d5ce7363a55760f67687117a7a","name":"Redacci\u00f3n General","image":{"@type":"ImageObject","inLanguage":"es","@id":"https:\/\/infobo.digital\/#\/schema\/person\/image\/","url":"https:\/\/secure.gravatar.com\/avatar\/97bd61f1308a28696179d42a05cfb514987ef11bd51bb8c6ad7056f2a513d186?s=96&d=mm&r=g","contentUrl":"https:\/\/secure.gravatar.com\/avatar\/97bd61f1308a28696179d42a05cfb514987ef11bd51bb8c6ad7056f2a513d186?s=96&d=mm&r=g","caption":"Redacci\u00f3n General"},"sameAs":["https:\/\/infobo.digital\/"]}]}},"jetpack_featured_media_url":"https:\/\/infobo.digital\/wp-content\/uploads\/2026\/03\/2026031600111631933.jpg","jetpack_sharing_enabled":true,"_links":{"self":[{"href":"https:\/\/infobo.digital\/index.php?rest_route=\/wp\/v2\/posts\/6371","targetHints":{"allow":["GET"]}}],"collection":[{"href":"https:\/\/infobo.digital\/index.php?rest_route=\/wp\/v2\/posts"}],"about":[{"href":"https:\/\/infobo.digital\/index.php?rest_route=\/wp\/v2\/types\/post"}],"author":[{"embeddable":true,"href":"https:\/\/infobo.digital\/index.php?rest_route=\/wp\/v2\/users\/8"}],"replies":[{"embeddable":true,"href":"https:\/\/infobo.digital\/index.php?rest_route=%2Fwp%2Fv2%2Fcomments&post=6371"}],"version-history":[{"count":1,"href":"https:\/\/infobo.digital\/index.php?rest_route=\/wp\/v2\/posts\/6371\/revisions"}],"predecessor-version":[{"id":6374,"href":"https:\/\/infobo.digital\/index.php?rest_route=\/wp\/v2\/posts\/6371\/revisions\/6374"}],"wp:featuredmedia":[{"embeddable":true,"href":"https:\/\/infobo.digital\/index.php?rest_route=\/wp\/v2\/media\/6373"}],"wp:attachment":[{"href":"https:\/\/infobo.digital\/index.php?rest_route=%2Fwp%2Fv2%2Fmedia&parent=6371"}],"wp:term":[{"taxonomy":"category","embeddable":true,"href":"https:\/\/infobo.digital\/index.php?rest_route=%2Fwp%2Fv2%2Fcategories&post=6371"},{"taxonomy":"post_tag","embeddable":true,"href":"https:\/\/infobo.digital\/index.php?rest_route=%2Fwp%2Fv2%2Ftags&post=6371"}],"curies":[{"name":"wp","href":"https:\/\/api.w.org\/{rel}","templated":true}]}}