{"id":6700,"date":"2026-04-24T16:46:37","date_gmt":"2026-04-24T20:46:37","guid":{"rendered":"https:\/\/infobo.digital\/?p=6700"},"modified":"2026-04-24T16:46:39","modified_gmt":"2026-04-24T20:46:39","slug":"gobierno-y-gobernadores-acuerdan-agenda-conjunta","status":"publish","type":"post","link":"https:\/\/infobo.digital\/?p=6700","title":{"rendered":"Gobierno y gobernadores acuerdan agenda conjunta para enfrentar la situaci\u00f3n econ\u00f3mica"},"content":{"rendered":"\n<p><em>El presidente y autoridades departamentales coincidieron en priorizar el di\u00e1logo, la coordinaci\u00f3n institucional y una agenda centrada en la distribuci\u00f3n de recursos, autonom\u00edas y reactivaci\u00f3n econ\u00f3mica.\u200e<\/em><\/p>\n\n\n\n<p><strong>La Paz, 24 de abril de 2026 .\u2014<\/strong> El presidente Rodrigo Paz y los gobernadores electos de los nueve departamentos sostuvieron este viernes su primer encuentro formal en la Casa Grande del Pueblo, donde acordaron impulsar una agenda conjunta orientada a enfrentar la situaci\u00f3n econ\u00f3mica del pa\u00eds y fortalecer el desarrollo regional.<\/p>\n\n\n\n<p>Durante la reuni\u00f3n, las autoridades coincidieron en la necesidad de establecer mecanismos de coordinaci\u00f3n entre el nivel central del Estado y las gobernaciones, con el objetivo de generar respuestas a corto, mediano y largo plazo. El mandatario se\u00f1al\u00f3 que el contexto actual requiere acciones articuladas entre instituciones p\u00fablicas.<\/p>\n\n\n\n<p>En el encuentro se abordaron temas relacionados con la distribuci\u00f3n de recursos, incluyendo el denominado modelo 50-50, as\u00ed como el fortalecimiento de las autonom\u00edas departamentales y medidas para la reactivaci\u00f3n econ\u00f3mica. Seg\u00fan lo expuesto, el enfoque com\u00fan apunta a promover condiciones que permitan dinamizar la producci\u00f3n y facilitar la inversi\u00f3n en las regiones.<\/p>\n\n\n\n<p>El presidente indic\u00f3 que existe coincidencia entre las autoridades en la necesidad de avanzar en la elaboraci\u00f3n de normas orientadas a incentivar la actividad econ\u00f3mica, adem\u00e1s de establecer lineamientos que contribuyan a la estabilidad y crecimiento en el mediano y largo plazo.<\/p>\n\n\n\n<p>La reuni\u00f3n concluy\u00f3 con el compromiso de mantener el di\u00e1logo y desarrollar mesas de trabajo para dar seguimiento a los temas planteados.<\/p>\n","protected":false},"excerpt":{"rendered":"<p>El presidente y autoridades departamentales coincidieron en priorizar el di\u00e1logo, la coordinaci\u00f3n institucional<\/p>\n","protected":false},"author":8,"featured_media":6701,"comment_status":"closed","ping_status":"closed","sticky":false,"template":"","format":"standard","meta":{"jetpack_post_was_ever_published":false,"_jetpack_newsletter_access":"","_jetpack_dont_email_post_to_subs":false,"_jetpack_newsletter_tier_id":0,"_jetpack_memberships_contains_paywalled_content":false,"_jetpack_memberships_contains_paid_content":false,"footnotes":""},"categories":[8],"tags":[212,2672,539,1117,2766],"class_list":["post-6700","post","type-post","status-publish","format-standard","has-post-thumbnail","hentry","category-nacional","tag-acuerdo","tag-gobernadores","tag-presidente","tag-reunion","tag-trabajo-conjunto"],"yoast_head":"<!-- This site is optimized with the Yoast SEO plugin v26.7 - https:\/\/yoast.com\/wordpress\/plugins\/seo\/ -->\n<title>Gobierno y gobernadores acuerdan agenda conjunta<\/title>\n<meta name=\"description\" content=\"El presidente y autoridades departamentales coincidieron en priorizar el di\u00e1logo, la coordinaci\u00f3n institucional\" \/>\n<meta name=\"robots\" content=\"index, follow, max-snippet:-1, max-image-preview:large, max-video-preview:-1\" \/>\n<link rel=\"canonical\" href=\"https:\/\/infobo.digital\/?p=6700\" \/>\n<meta property=\"og:locale\" content=\"es_ES\" \/>\n<meta property=\"og:type\" content=\"article\" \/>\n<meta property=\"og:title\" content=\"Gobierno y gobernadores acuerdan agenda conjunta\" \/>\n<meta property=\"og:description\" content=\"El presidente y autoridades departamentales coincidieron en priorizar el di\u00e1logo, la coordinaci\u00f3n institucional\" \/>\n<meta property=\"og:url\" content=\"https:\/\/infobo.digital\/?p=6700\" \/>\n<meta property=\"article:publisher\" content=\"https:\/\/www.facebook.com\/profile.php?id=61560121555099&amp;mibextid=qi2Omg&amp;rdid=j3LLjPu1LdtSYmlZ\" \/>\n<meta property=\"article:published_time\" content=\"2026-04-24T20:46:37+00:00\" \/>\n<meta property=\"article:modified_time\" content=\"2026-04-24T20:46:39+00:00\" \/>\n<meta property=\"og:image\" content=\"https:\/\/infobo.digital\/wp-content\/uploads\/2026\/04\/1777052760758.webp\" \/>\n\t<meta property=\"og:image:width\" content=\"400\" \/>\n\t<meta property=\"og:image:height\" content=\"225\" \/>\n\t<meta property=\"og:image:type\" content=\"image\/webp\" \/>\n<meta name=\"author\" content=\"Redacci\u00f3n General\" \/>\n<meta name=\"twitter:card\" content=\"summary_large_image\" \/>\n<meta name=\"twitter:title\" content=\"Gobierno y gobernadores acuerdan agenda conjunta\" \/>\n<meta name=\"twitter:description\" content=\"El presidente y autoridades departamentales coincidieron en priorizar el di\u00e1logo, la coordinaci\u00f3n institucional\" \/>\n<meta name=\"twitter:image\" content=\"https:\/\/infobo.digital\/wp-content\/uploads\/2026\/04\/1777052760758.webp\" \/>\n<meta name=\"twitter:label1\" content=\"Escrito por\" \/>\n\t<meta name=\"twitter:data1\" content=\"Redacci\u00f3n General\" \/>\n\t<meta name=\"twitter:label2\" content=\"Tiempo de lectura\" \/>\n\t<meta name=\"twitter:data2\" content=\"2 minutos\" \/>\n<script type=\"application\/ld+json\" class=\"yoast-schema-graph\">{\"@context\":\"https:\/\/schema.org\",\"@graph\":[{\"@type\":\"Article\",\"@id\":\"https:\/\/infobo.digital\/?p=6700#article\",\"isPartOf\":{\"@id\":\"https:\/\/infobo.digital\/?p=6700\"},\"author\":{\"name\":\"Redacci\u00f3n General\",\"@id\":\"https:\/\/infobo.digital\/#\/schema\/person\/ecf650d5ce7363a55760f67687117a7a\"},\"headline\":\"Gobierno y gobernadores acuerdan agenda conjunta para enfrentar la situaci\u00f3n econ\u00f3mica\",\"datePublished\":\"2026-04-24T20:46:37+00:00\",\"dateModified\":\"2026-04-24T20:46:39+00:00\",\"mainEntityOfPage\":{\"@id\":\"https:\/\/infobo.digital\/?p=6700\"},\"wordCount\":279,\"publisher\":{\"@id\":\"https:\/\/infobo.digital\/#organization\"},\"image\":{\"@id\":\"https:\/\/infobo.digital\/?p=6700#primaryimage\"},\"thumbnailUrl\":\"https:\/\/infobo.digital\/wp-content\/uploads\/2026\/04\/1777052760758.webp\",\"keywords\":[\"Acuerdo\",\"Gobernadores\",\"Presidente\",\"reuni\u00f3n\",\"Trabajo conjunto\"],\"articleSection\":[\"Nacional\"],\"inLanguage\":\"es\"},{\"@type\":\"WebPage\",\"@id\":\"https:\/\/infobo.digital\/?p=6700\",\"url\":\"https:\/\/infobo.digital\/?p=6700\",\"name\":\"Gobierno y gobernadores acuerdan agenda conjunta\",\"isPartOf\":{\"@id\":\"https:\/\/infobo.digital\/#website\"},\"primaryImageOfPage\":{\"@id\":\"https:\/\/infobo.digital\/?p=6700#primaryimage\"},\"image\":{\"@id\":\"https:\/\/infobo.digital\/?p=6700#primaryimage\"},\"thumbnailUrl\":\"https:\/\/infobo.digital\/wp-content\/uploads\/2026\/04\/1777052760758.webp\",\"datePublished\":\"2026-04-24T20:46:37+00:00\",\"dateModified\":\"2026-04-24T20:46:39+00:00\",\"description\":\"El presidente y autoridades departamentales coincidieron en priorizar el di\u00e1logo, la coordinaci\u00f3n institucional\",\"breadcrumb\":{\"@id\":\"https:\/\/infobo.digital\/?p=6700#breadcrumb\"},\"inLanguage\":\"es\",\"potentialAction\":[{\"@type\":\"ReadAction\",\"target\":[\"https:\/\/infobo.digital\/?p=6700\"]}]},{\"@type\":\"ImageObject\",\"inLanguage\":\"es\",\"@id\":\"https:\/\/infobo.digital\/?p=6700#primaryimage\",\"url\":\"https:\/\/infobo.digital\/wp-content\/uploads\/2026\/04\/1777052760758.webp\",\"contentUrl\":\"https:\/\/infobo.digital\/wp-content\/uploads\/2026\/04\/1777052760758.webp\",\"width\":400,\"height\":225},{\"@type\":\"BreadcrumbList\",\"@id\":\"https:\/\/infobo.digital\/?p=6700#breadcrumb\",\"itemListElement\":[{\"@type\":\"ListItem\",\"position\":1,\"name\":\"Portada\",\"item\":\"https:\/\/infobo.digital\/\"},{\"@type\":\"ListItem\",\"position\":2,\"name\":\"Gobierno y gobernadores acuerdan agenda conjunta para enfrentar la situaci\u00f3n econ\u00f3mica\"}]},{\"@type\":\"WebSite\",\"@id\":\"https:\/\/infobo.digital\/#website\",\"url\":\"https:\/\/infobo.digital\/\",\"name\":\"Info Bolivia Digital\",\"description\":\"\",\"publisher\":{\"@id\":\"https:\/\/infobo.digital\/#organization\"},\"potentialAction\":[{\"@type\":\"SearchAction\",\"target\":{\"@type\":\"EntryPoint\",\"urlTemplate\":\"https:\/\/infobo.digital\/?s={search_term_string}\"},\"query-input\":{\"@type\":\"PropertyValueSpecification\",\"valueRequired\":true,\"valueName\":\"search_term_string\"}}],\"inLanguage\":\"es\"},{\"@type\":\"Organization\",\"@id\":\"https:\/\/infobo.digital\/#organization\",\"name\":\"Info Bolivia Digital\",\"alternateName\":\"Info Bolivia Digital\",\"url\":\"https:\/\/infobo.digital\/\",\"logo\":{\"@type\":\"ImageObject\",\"inLanguage\":\"es\",\"@id\":\"https:\/\/infobo.digital\/#\/schema\/logo\/image\/\",\"url\":\"https:\/\/infobo.digital\/wp-content\/uploads\/2024\/05\/cropped-logo-1.png\",\"contentUrl\":\"https:\/\/infobo.digital\/wp-content\/uploads\/2024\/05\/cropped-logo-1.png\",\"width\":3000,\"height\":999,\"caption\":\"Info Bolivia Digital\"},\"image\":{\"@id\":\"https:\/\/infobo.digital\/#\/schema\/logo\/image\/\"},\"sameAs\":[\"https:\/\/www.facebook.com\/profile.php?id=61560121555099&mibextid=qi2Omg&rdid=j3LLjPu1LdtSYmlZ\",\"https:\/\/www.tiktok.com\/@infodigital.bo?_t=8od23EgGmH8&_r=1\"]},{\"@type\":\"Person\",\"@id\":\"https:\/\/infobo.digital\/#\/schema\/person\/ecf650d5ce7363a55760f67687117a7a\",\"name\":\"Redacci\u00f3n General\",\"image\":{\"@type\":\"ImageObject\",\"inLanguage\":\"es\",\"@id\":\"https:\/\/infobo.digital\/#\/schema\/person\/image\/\",\"url\":\"https:\/\/secure.gravatar.com\/avatar\/97bd61f1308a28696179d42a05cfb514987ef11bd51bb8c6ad7056f2a513d186?s=96&d=mm&r=g\",\"contentUrl\":\"https:\/\/secure.gravatar.com\/avatar\/97bd61f1308a28696179d42a05cfb514987ef11bd51bb8c6ad7056f2a513d186?s=96&d=mm&r=g\",\"caption\":\"Redacci\u00f3n General\"},\"sameAs\":[\"https:\/\/infobo.digital\/\"]}]}<\/script>\n<!-- \/ Yoast SEO plugin. -->","yoast_head_json":{"title":"Gobierno y gobernadores acuerdan agenda conjunta","description":"El presidente y autoridades departamentales coincidieron en priorizar el di\u00e1logo, la coordinaci\u00f3n institucional","robots":{"index":"index","follow":"follow","max-snippet":"max-snippet:-1","max-image-preview":"max-image-preview:large","max-video-preview":"max-video-preview:-1"},"canonical":"https:\/\/infobo.digital\/?p=6700","og_locale":"es_ES","og_type":"article","og_title":"Gobierno y gobernadores acuerdan agenda conjunta","og_description":"El presidente y autoridades departamentales coincidieron en priorizar el di\u00e1logo, la coordinaci\u00f3n institucional","og_url":"https:\/\/infobo.digital\/?p=6700","article_publisher":"https:\/\/www.facebook.com\/profile.php?id=61560121555099&mibextid=qi2Omg&rdid=j3LLjPu1LdtSYmlZ","article_published_time":"2026-04-24T20:46:37+00:00","article_modified_time":"2026-04-24T20:46:39+00:00","og_image":[{"width":400,"height":225,"url":"https:\/\/infobo.digital\/wp-content\/uploads\/2026\/04\/1777052760758.webp","type":"image\/webp"}],"author":"Redacci\u00f3n General","twitter_card":"summary_large_image","twitter_title":"Gobierno y gobernadores acuerdan agenda conjunta","twitter_description":"El presidente y autoridades departamentales coincidieron en priorizar el di\u00e1logo, la coordinaci\u00f3n institucional","twitter_image":"https:\/\/infobo.digital\/wp-content\/uploads\/2026\/04\/1777052760758.webp","twitter_misc":{"Escrito por":"Redacci\u00f3n General","Tiempo de lectura":"2 minutos"},"schema":{"@context":"https:\/\/schema.org","@graph":[{"@type":"Article","@id":"https:\/\/infobo.digital\/?p=6700#article","isPartOf":{"@id":"https:\/\/infobo.digital\/?p=6700"},"author":{"name":"Redacci\u00f3n General","@id":"https:\/\/infobo.digital\/#\/schema\/person\/ecf650d5ce7363a55760f67687117a7a"},"headline":"Gobierno y gobernadores acuerdan agenda conjunta para enfrentar la situaci\u00f3n econ\u00f3mica","datePublished":"2026-04-24T20:46:37+00:00","dateModified":"2026-04-24T20:46:39+00:00","mainEntityOfPage":{"@id":"https:\/\/infobo.digital\/?p=6700"},"wordCount":279,"publisher":{"@id":"https:\/\/infobo.digital\/#organization"},"image":{"@id":"https:\/\/infobo.digital\/?p=6700#primaryimage"},"thumbnailUrl":"https:\/\/infobo.digital\/wp-content\/uploads\/2026\/04\/1777052760758.webp","keywords":["Acuerdo","Gobernadores","Presidente","reuni\u00f3n","Trabajo conjunto"],"articleSection":["Nacional"],"inLanguage":"es"},{"@type":"WebPage","@id":"https:\/\/infobo.digital\/?p=6700","url":"https:\/\/infobo.digital\/?p=6700","name":"Gobierno y gobernadores acuerdan agenda conjunta","isPartOf":{"@id":"https:\/\/infobo.digital\/#website"},"primaryImageOfPage":{"@id":"https:\/\/infobo.digital\/?p=6700#primaryimage"},"image":{"@id":"https:\/\/infobo.digital\/?p=6700#primaryimage"},"thumbnailUrl":"https:\/\/infobo.digital\/wp-content\/uploads\/2026\/04\/1777052760758.webp","datePublished":"2026-04-24T20:46:37+00:00","dateModified":"2026-04-24T20:46:39+00:00","description":"El presidente y autoridades departamentales coincidieron en priorizar el di\u00e1logo, la coordinaci\u00f3n institucional","breadcrumb":{"@id":"https:\/\/infobo.digital\/?p=6700#breadcrumb"},"inLanguage":"es","potentialAction":[{"@type":"ReadAction","target":["https:\/\/infobo.digital\/?p=6700"]}]},{"@type":"ImageObject","inLanguage":"es","@id":"https:\/\/infobo.digital\/?p=6700#primaryimage","url":"https:\/\/infobo.digital\/wp-content\/uploads\/2026\/04\/1777052760758.webp","contentUrl":"https:\/\/infobo.digital\/wp-content\/uploads\/2026\/04\/1777052760758.webp","width":400,"height":225},{"@type":"BreadcrumbList","@id":"https:\/\/infobo.digital\/?p=6700#breadcrumb","itemListElement":[{"@type":"ListItem","position":1,"name":"Portada","item":"https:\/\/infobo.digital\/"},{"@type":"ListItem","position":2,"name":"Gobierno y gobernadores acuerdan agenda conjunta para enfrentar la situaci\u00f3n econ\u00f3mica"}]},{"@type":"WebSite","@id":"https:\/\/infobo.digital\/#website","url":"https:\/\/infobo.digital\/","name":"Info Bolivia Digital","description":"","publisher":{"@id":"https:\/\/infobo.digital\/#organization"},"potentialAction":[{"@type":"SearchAction","target":{"@type":"EntryPoint","urlTemplate":"https:\/\/infobo.digital\/?s={search_term_string}"},"query-input":{"@type":"PropertyValueSpecification","valueRequired":true,"valueName":"search_term_string"}}],"inLanguage":"es"},{"@type":"Organization","@id":"https:\/\/infobo.digital\/#organization","name":"Info Bolivia Digital","alternateName":"Info Bolivia Digital","url":"https:\/\/infobo.digital\/","logo":{"@type":"ImageObject","inLanguage":"es","@id":"https:\/\/infobo.digital\/#\/schema\/logo\/image\/","url":"https:\/\/infobo.digital\/wp-content\/uploads\/2024\/05\/cropped-logo-1.png","contentUrl":"https:\/\/infobo.digital\/wp-content\/uploads\/2024\/05\/cropped-logo-1.png","width":3000,"height":999,"caption":"Info Bolivia Digital"},"image":{"@id":"https:\/\/infobo.digital\/#\/schema\/logo\/image\/"},"sameAs":["https:\/\/www.facebook.com\/profile.php?id=61560121555099&mibextid=qi2Omg&rdid=j3LLjPu1LdtSYmlZ","https:\/\/www.tiktok.com\/@infodigital.bo?_t=8od23EgGmH8&_r=1"]},{"@type":"Person","@id":"https:\/\/infobo.digital\/#\/schema\/person\/ecf650d5ce7363a55760f67687117a7a","name":"Redacci\u00f3n General","image":{"@type":"ImageObject","inLanguage":"es","@id":"https:\/\/infobo.digital\/#\/schema\/person\/image\/","url":"https:\/\/secure.gravatar.com\/avatar\/97bd61f1308a28696179d42a05cfb514987ef11bd51bb8c6ad7056f2a513d186?s=96&d=mm&r=g","contentUrl":"https:\/\/secure.gravatar.com\/avatar\/97bd61f1308a28696179d42a05cfb514987ef11bd51bb8c6ad7056f2a513d186?s=96&d=mm&r=g","caption":"Redacci\u00f3n General"},"sameAs":["https:\/\/infobo.digital\/"]}]}},"jetpack_featured_media_url":"https:\/\/infobo.digital\/wp-content\/uploads\/2026\/04\/1777052760758.webp","jetpack_sharing_enabled":true,"_links":{"self":[{"href":"https:\/\/infobo.digital\/index.php?rest_route=\/wp\/v2\/posts\/6700","targetHints":{"allow":["GET"]}}],"collection":[{"href":"https:\/\/infobo.digital\/index.php?rest_route=\/wp\/v2\/posts"}],"about":[{"href":"https:\/\/infobo.digital\/index.php?rest_route=\/wp\/v2\/types\/post"}],"author":[{"embeddable":true,"href":"https:\/\/infobo.digital\/index.php?rest_route=\/wp\/v2\/users\/8"}],"replies":[{"embeddable":true,"href":"https:\/\/infobo.digital\/index.php?rest_route=%2Fwp%2Fv2%2Fcomments&post=6700"}],"version-history":[{"count":1,"href":"https:\/\/infobo.digital\/index.php?rest_route=\/wp\/v2\/posts\/6700\/revisions"}],"predecessor-version":[{"id":6702,"href":"https:\/\/infobo.digital\/index.php?rest_route=\/wp\/v2\/posts\/6700\/revisions\/6702"}],"wp:featuredmedia":[{"embeddable":true,"href":"https:\/\/infobo.digital\/index.php?rest_route=\/wp\/v2\/media\/6701"}],"wp:attachment":[{"href":"https:\/\/infobo.digital\/index.php?rest_route=%2Fwp%2Fv2%2Fmedia&parent=6700"}],"wp:term":[{"taxonomy":"category","embeddable":true,"href":"https:\/\/infobo.digital\/index.php?rest_route=%2Fwp%2Fv2%2Fcategories&post=6700"},{"taxonomy":"post_tag","embeddable":true,"href":"https:\/\/infobo.digital\/index.php?rest_route=%2Fwp%2Fv2%2Ftags&post=6700"}],"curies":[{"name":"wp","href":"https:\/\/api.w.org\/{rel}","templated":true}]}}