{"id":6707,"date":"2026-04-25T13:26:35","date_gmt":"2026-04-25T17:26:35","guid":{"rendered":"https:\/\/infobo.digital\/?p=6707"},"modified":"2026-04-25T13:26:37","modified_gmt":"2026-04-25T17:26:37","slug":"trabajadores-anuncian-marcha-en-respaldo-al-presidente-paz","status":"publish","type":"post","link":"https:\/\/infobo.digital\/?p=6707","title":{"rendered":"Trabajadores por cuenta propia anuncian marcha en respaldo al presidente Rodrigo Paz"},"content":{"rendered":"\n<p><em>\u200eLa Confederaci\u00f3n de Trabajadores por Cuenta Propia expres\u00f3 su apoyo al presidente Rodrigo Paz y anunci\u00f3 la organizaci\u00f3n de una marcha junto a sus afiliados, en el contexto de recientes reuniones entre el mandatario y autoridades electas.\u200e\u200e<\/em><\/p>\n\n\n\n<p><strong>La Paz, 25 de abril de 2026 .\u2014<\/strong> La Confederaci\u00f3n de Trabajadores por Cuenta Propia manifest\u00f3 p\u00fablicamente su respaldo al presidente Rodrigo Paz y solicit\u00f3 que se permita el desarrollo de la gesti\u00f3n gubernamental. El pronunciamiento fue realizado por el ejecutivo del sector, Dar\u00edo Huanca, quien inform\u00f3 sobre la convocatoria a una marcha en apoyo al Gobierno.\u200e\u200e<\/p>\n\n\n\n<p>Seg\u00fan Huanca, la movilizaci\u00f3n ser\u00e1 organizada en coordinaci\u00f3n con las organizaciones afiliadas a la Confederaci\u00f3n, con el objetivo de expresar su posici\u00f3n frente a la actual coyuntura. La iniciativa surge tras los recientes encuentros sostenidos entre el presidente y los gobernadores electos.<\/p>\n\n\n\n<p>\u200e\u200eEl respaldo del sector se suma a otros pronunciamientos registrados en torno al llamado del mandatario a un \u201cliderazgo conjunto nacional\u201d, planteado como mecanismo para enfrentar la situaci\u00f3n econ\u00f3mica del pa\u00eds.<\/p>\n\n\n\n<p>\u200e\u200eHasta el momento, no se han precisado fechas ni rutas para la movilizaci\u00f3n anunciada.<\/p>\n","protected":false},"excerpt":{"rendered":"<p>Confederaci\u00f3n de Trabajadores por Cuenta Propia expres\u00f3 su apoyo al presidente Rodrigo Paz y anunci\u00f3 la organizaci\u00f3n de una marcha<\/p>\n","protected":false},"author":8,"featured_media":6708,"comment_status":"closed","ping_status":"closed","sticky":false,"template":"","format":"standard","meta":{"jetpack_post_was_ever_published":false,"_jetpack_newsletter_access":"","_jetpack_dont_email_post_to_subs":false,"_jetpack_newsletter_tier_id":0,"_jetpack_memberships_contains_paywalled_content":false,"_jetpack_memberships_contains_paid_content":false,"footnotes":""},"categories":[10],"tags":[345,386,539,2395],"class_list":["post-6707","post","type-post","status-publish","format-standard","has-post-thumbnail","hentry","category-politica","tag-apoyo","tag-marcha","tag-presidente","tag-trabajadores"],"yoast_head":"<!-- This site is optimized with the Yoast SEO plugin v26.7 - https:\/\/yoast.com\/wordpress\/plugins\/seo\/ -->\n<title>Trabajadores anuncian marcha en respaldo al presidente Paz<\/title>\n<meta name=\"description\" content=\"Confederaci\u00f3n de Trabajadores por Cuenta Propia expres\u00f3 su apoyo al presidente Rodrigo Paz y anunci\u00f3 la organizaci\u00f3n de una marcha\" \/>\n<meta name=\"robots\" content=\"index, follow, max-snippet:-1, max-image-preview:large, max-video-preview:-1\" \/>\n<link rel=\"canonical\" href=\"https:\/\/infobo.digital\/?p=6707\" \/>\n<meta property=\"og:locale\" content=\"es_ES\" \/>\n<meta property=\"og:type\" content=\"article\" \/>\n<meta property=\"og:title\" content=\"Trabajadores anuncian marcha en respaldo al presidente Paz\" \/>\n<meta property=\"og:description\" content=\"Confederaci\u00f3n de Trabajadores por Cuenta Propia expres\u00f3 su apoyo al presidente Rodrigo Paz y anunci\u00f3 la organizaci\u00f3n de una marcha\" \/>\n<meta property=\"og:url\" content=\"https:\/\/infobo.digital\/?p=6707\" \/>\n<meta property=\"article:publisher\" content=\"https:\/\/www.facebook.com\/profile.php?id=61560121555099&amp;mibextid=qi2Omg&amp;rdid=j3LLjPu1LdtSYmlZ\" \/>\n<meta property=\"article:published_time\" content=\"2026-04-25T17:26:35+00:00\" \/>\n<meta property=\"article:modified_time\" content=\"2026-04-25T17:26:37+00:00\" \/>\n<meta property=\"og:image\" content=\"https:\/\/infobo.digital\/wp-content\/uploads\/2026\/04\/1777137581369.jpg\" \/>\n\t<meta property=\"og:image:width\" content=\"1080\" \/>\n\t<meta property=\"og:image:height\" content=\"664\" \/>\n\t<meta property=\"og:image:type\" content=\"image\/jpeg\" \/>\n<meta name=\"author\" content=\"Redacci\u00f3n General\" \/>\n<meta name=\"twitter:card\" content=\"summary_large_image\" \/>\n<meta name=\"twitter:title\" content=\"Trabajadores anuncian marcha en respaldo al presidente Paz\" \/>\n<meta name=\"twitter:description\" content=\"Confederaci\u00f3n de Trabajadores por Cuenta Propia expres\u00f3 su apoyo al presidente Rodrigo Paz y anunci\u00f3 la organizaci\u00f3n de una marcha\" \/>\n<meta name=\"twitter:image\" content=\"https:\/\/infobo.digital\/wp-content\/uploads\/2026\/04\/1777137581369.jpg\" \/>\n<meta name=\"twitter:label1\" content=\"Escrito por\" \/>\n\t<meta name=\"twitter:data1\" content=\"Redacci\u00f3n General\" \/>\n\t<meta name=\"twitter:label2\" content=\"Tiempo de lectura\" \/>\n\t<meta name=\"twitter:data2\" content=\"2 minutos\" \/>\n<script type=\"application\/ld+json\" class=\"yoast-schema-graph\">{\"@context\":\"https:\/\/schema.org\",\"@graph\":[{\"@type\":\"Article\",\"@id\":\"https:\/\/infobo.digital\/?p=6707#article\",\"isPartOf\":{\"@id\":\"https:\/\/infobo.digital\/?p=6707\"},\"author\":{\"name\":\"Redacci\u00f3n General\",\"@id\":\"https:\/\/infobo.digital\/#\/schema\/person\/ecf650d5ce7363a55760f67687117a7a\"},\"headline\":\"Trabajadores por cuenta propia anuncian marcha en respaldo al presidente Rodrigo Paz\",\"datePublished\":\"2026-04-25T17:26:35+00:00\",\"dateModified\":\"2026-04-25T17:26:37+00:00\",\"mainEntityOfPage\":{\"@id\":\"https:\/\/infobo.digital\/?p=6707\"},\"wordCount\":205,\"publisher\":{\"@id\":\"https:\/\/infobo.digital\/#organization\"},\"image\":{\"@id\":\"https:\/\/infobo.digital\/?p=6707#primaryimage\"},\"thumbnailUrl\":\"https:\/\/infobo.digital\/wp-content\/uploads\/2026\/04\/1777137581369.jpg\",\"keywords\":[\"Apoyo\",\"Marcha\",\"Presidente\",\"Trabajadores\"],\"articleSection\":[\"Pol\u00edtica\"],\"inLanguage\":\"es\"},{\"@type\":\"WebPage\",\"@id\":\"https:\/\/infobo.digital\/?p=6707\",\"url\":\"https:\/\/infobo.digital\/?p=6707\",\"name\":\"Trabajadores anuncian marcha en respaldo al presidente Paz\",\"isPartOf\":{\"@id\":\"https:\/\/infobo.digital\/#website\"},\"primaryImageOfPage\":{\"@id\":\"https:\/\/infobo.digital\/?p=6707#primaryimage\"},\"image\":{\"@id\":\"https:\/\/infobo.digital\/?p=6707#primaryimage\"},\"thumbnailUrl\":\"https:\/\/infobo.digital\/wp-content\/uploads\/2026\/04\/1777137581369.jpg\",\"datePublished\":\"2026-04-25T17:26:35+00:00\",\"dateModified\":\"2026-04-25T17:26:37+00:00\",\"description\":\"Confederaci\u00f3n de Trabajadores por Cuenta Propia expres\u00f3 su apoyo al presidente Rodrigo Paz y anunci\u00f3 la organizaci\u00f3n de una marcha\",\"breadcrumb\":{\"@id\":\"https:\/\/infobo.digital\/?p=6707#breadcrumb\"},\"inLanguage\":\"es\",\"potentialAction\":[{\"@type\":\"ReadAction\",\"target\":[\"https:\/\/infobo.digital\/?p=6707\"]}]},{\"@type\":\"ImageObject\",\"inLanguage\":\"es\",\"@id\":\"https:\/\/infobo.digital\/?p=6707#primaryimage\",\"url\":\"https:\/\/infobo.digital\/wp-content\/uploads\/2026\/04\/1777137581369.jpg\",\"contentUrl\":\"https:\/\/infobo.digital\/wp-content\/uploads\/2026\/04\/1777137581369.jpg\",\"width\":1080,\"height\":664},{\"@type\":\"BreadcrumbList\",\"@id\":\"https:\/\/infobo.digital\/?p=6707#breadcrumb\",\"itemListElement\":[{\"@type\":\"ListItem\",\"position\":1,\"name\":\"Portada\",\"item\":\"https:\/\/infobo.digital\/\"},{\"@type\":\"ListItem\",\"position\":2,\"name\":\"Trabajadores por cuenta propia anuncian marcha en respaldo al presidente Rodrigo Paz\"}]},{\"@type\":\"WebSite\",\"@id\":\"https:\/\/infobo.digital\/#website\",\"url\":\"https:\/\/infobo.digital\/\",\"name\":\"Info Bolivia Digital\",\"description\":\"\",\"publisher\":{\"@id\":\"https:\/\/infobo.digital\/#organization\"},\"potentialAction\":[{\"@type\":\"SearchAction\",\"target\":{\"@type\":\"EntryPoint\",\"urlTemplate\":\"https:\/\/infobo.digital\/?s={search_term_string}\"},\"query-input\":{\"@type\":\"PropertyValueSpecification\",\"valueRequired\":true,\"valueName\":\"search_term_string\"}}],\"inLanguage\":\"es\"},{\"@type\":\"Organization\",\"@id\":\"https:\/\/infobo.digital\/#organization\",\"name\":\"Info Bolivia Digital\",\"alternateName\":\"Info Bolivia Digital\",\"url\":\"https:\/\/infobo.digital\/\",\"logo\":{\"@type\":\"ImageObject\",\"inLanguage\":\"es\",\"@id\":\"https:\/\/infobo.digital\/#\/schema\/logo\/image\/\",\"url\":\"https:\/\/infobo.digital\/wp-content\/uploads\/2024\/05\/cropped-logo-1.png\",\"contentUrl\":\"https:\/\/infobo.digital\/wp-content\/uploads\/2024\/05\/cropped-logo-1.png\",\"width\":3000,\"height\":999,\"caption\":\"Info Bolivia Digital\"},\"image\":{\"@id\":\"https:\/\/infobo.digital\/#\/schema\/logo\/image\/\"},\"sameAs\":[\"https:\/\/www.facebook.com\/profile.php?id=61560121555099&mibextid=qi2Omg&rdid=j3LLjPu1LdtSYmlZ\",\"https:\/\/www.tiktok.com\/@infodigital.bo?_t=8od23EgGmH8&_r=1\"]},{\"@type\":\"Person\",\"@id\":\"https:\/\/infobo.digital\/#\/schema\/person\/ecf650d5ce7363a55760f67687117a7a\",\"name\":\"Redacci\u00f3n General\",\"image\":{\"@type\":\"ImageObject\",\"inLanguage\":\"es\",\"@id\":\"https:\/\/infobo.digital\/#\/schema\/person\/image\/\",\"url\":\"https:\/\/secure.gravatar.com\/avatar\/97bd61f1308a28696179d42a05cfb514987ef11bd51bb8c6ad7056f2a513d186?s=96&d=mm&r=g\",\"contentUrl\":\"https:\/\/secure.gravatar.com\/avatar\/97bd61f1308a28696179d42a05cfb514987ef11bd51bb8c6ad7056f2a513d186?s=96&d=mm&r=g\",\"caption\":\"Redacci\u00f3n General\"},\"sameAs\":[\"https:\/\/infobo.digital\/\"]}]}<\/script>\n<!-- \/ Yoast SEO plugin. -->","yoast_head_json":{"title":"Trabajadores anuncian marcha en respaldo al presidente Paz","description":"Confederaci\u00f3n de Trabajadores por Cuenta Propia expres\u00f3 su apoyo al presidente Rodrigo Paz y anunci\u00f3 la organizaci\u00f3n de una marcha","robots":{"index":"index","follow":"follow","max-snippet":"max-snippet:-1","max-image-preview":"max-image-preview:large","max-video-preview":"max-video-preview:-1"},"canonical":"https:\/\/infobo.digital\/?p=6707","og_locale":"es_ES","og_type":"article","og_title":"Trabajadores anuncian marcha en respaldo al presidente Paz","og_description":"Confederaci\u00f3n de Trabajadores por Cuenta Propia expres\u00f3 su apoyo al presidente Rodrigo Paz y anunci\u00f3 la organizaci\u00f3n de una marcha","og_url":"https:\/\/infobo.digital\/?p=6707","article_publisher":"https:\/\/www.facebook.com\/profile.php?id=61560121555099&mibextid=qi2Omg&rdid=j3LLjPu1LdtSYmlZ","article_published_time":"2026-04-25T17:26:35+00:00","article_modified_time":"2026-04-25T17:26:37+00:00","og_image":[{"width":1080,"height":664,"url":"https:\/\/infobo.digital\/wp-content\/uploads\/2026\/04\/1777137581369.jpg","type":"image\/jpeg"}],"author":"Redacci\u00f3n General","twitter_card":"summary_large_image","twitter_title":"Trabajadores anuncian marcha en respaldo al presidente Paz","twitter_description":"Confederaci\u00f3n de Trabajadores por Cuenta Propia expres\u00f3 su apoyo al presidente Rodrigo Paz y anunci\u00f3 la organizaci\u00f3n de una marcha","twitter_image":"https:\/\/infobo.digital\/wp-content\/uploads\/2026\/04\/1777137581369.jpg","twitter_misc":{"Escrito por":"Redacci\u00f3n General","Tiempo de lectura":"2 minutos"},"schema":{"@context":"https:\/\/schema.org","@graph":[{"@type":"Article","@id":"https:\/\/infobo.digital\/?p=6707#article","isPartOf":{"@id":"https:\/\/infobo.digital\/?p=6707"},"author":{"name":"Redacci\u00f3n General","@id":"https:\/\/infobo.digital\/#\/schema\/person\/ecf650d5ce7363a55760f67687117a7a"},"headline":"Trabajadores por cuenta propia anuncian marcha en respaldo al presidente Rodrigo Paz","datePublished":"2026-04-25T17:26:35+00:00","dateModified":"2026-04-25T17:26:37+00:00","mainEntityOfPage":{"@id":"https:\/\/infobo.digital\/?p=6707"},"wordCount":205,"publisher":{"@id":"https:\/\/infobo.digital\/#organization"},"image":{"@id":"https:\/\/infobo.digital\/?p=6707#primaryimage"},"thumbnailUrl":"https:\/\/infobo.digital\/wp-content\/uploads\/2026\/04\/1777137581369.jpg","keywords":["Apoyo","Marcha","Presidente","Trabajadores"],"articleSection":["Pol\u00edtica"],"inLanguage":"es"},{"@type":"WebPage","@id":"https:\/\/infobo.digital\/?p=6707","url":"https:\/\/infobo.digital\/?p=6707","name":"Trabajadores anuncian marcha en respaldo al presidente Paz","isPartOf":{"@id":"https:\/\/infobo.digital\/#website"},"primaryImageOfPage":{"@id":"https:\/\/infobo.digital\/?p=6707#primaryimage"},"image":{"@id":"https:\/\/infobo.digital\/?p=6707#primaryimage"},"thumbnailUrl":"https:\/\/infobo.digital\/wp-content\/uploads\/2026\/04\/1777137581369.jpg","datePublished":"2026-04-25T17:26:35+00:00","dateModified":"2026-04-25T17:26:37+00:00","description":"Confederaci\u00f3n de Trabajadores por Cuenta Propia expres\u00f3 su apoyo al presidente Rodrigo Paz y anunci\u00f3 la organizaci\u00f3n de una marcha","breadcrumb":{"@id":"https:\/\/infobo.digital\/?p=6707#breadcrumb"},"inLanguage":"es","potentialAction":[{"@type":"ReadAction","target":["https:\/\/infobo.digital\/?p=6707"]}]},{"@type":"ImageObject","inLanguage":"es","@id":"https:\/\/infobo.digital\/?p=6707#primaryimage","url":"https:\/\/infobo.digital\/wp-content\/uploads\/2026\/04\/1777137581369.jpg","contentUrl":"https:\/\/infobo.digital\/wp-content\/uploads\/2026\/04\/1777137581369.jpg","width":1080,"height":664},{"@type":"BreadcrumbList","@id":"https:\/\/infobo.digital\/?p=6707#breadcrumb","itemListElement":[{"@type":"ListItem","position":1,"name":"Portada","item":"https:\/\/infobo.digital\/"},{"@type":"ListItem","position":2,"name":"Trabajadores por cuenta propia anuncian marcha en respaldo al presidente Rodrigo Paz"}]},{"@type":"WebSite","@id":"https:\/\/infobo.digital\/#website","url":"https:\/\/infobo.digital\/","name":"Info Bolivia Digital","description":"","publisher":{"@id":"https:\/\/infobo.digital\/#organization"},"potentialAction":[{"@type":"SearchAction","target":{"@type":"EntryPoint","urlTemplate":"https:\/\/infobo.digital\/?s={search_term_string}"},"query-input":{"@type":"PropertyValueSpecification","valueRequired":true,"valueName":"search_term_string"}}],"inLanguage":"es"},{"@type":"Organization","@id":"https:\/\/infobo.digital\/#organization","name":"Info Bolivia Digital","alternateName":"Info Bolivia Digital","url":"https:\/\/infobo.digital\/","logo":{"@type":"ImageObject","inLanguage":"es","@id":"https:\/\/infobo.digital\/#\/schema\/logo\/image\/","url":"https:\/\/infobo.digital\/wp-content\/uploads\/2024\/05\/cropped-logo-1.png","contentUrl":"https:\/\/infobo.digital\/wp-content\/uploads\/2024\/05\/cropped-logo-1.png","width":3000,"height":999,"caption":"Info Bolivia Digital"},"image":{"@id":"https:\/\/infobo.digital\/#\/schema\/logo\/image\/"},"sameAs":["https:\/\/www.facebook.com\/profile.php?id=61560121555099&mibextid=qi2Omg&rdid=j3LLjPu1LdtSYmlZ","https:\/\/www.tiktok.com\/@infodigital.bo?_t=8od23EgGmH8&_r=1"]},{"@type":"Person","@id":"https:\/\/infobo.digital\/#\/schema\/person\/ecf650d5ce7363a55760f67687117a7a","name":"Redacci\u00f3n General","image":{"@type":"ImageObject","inLanguage":"es","@id":"https:\/\/infobo.digital\/#\/schema\/person\/image\/","url":"https:\/\/secure.gravatar.com\/avatar\/97bd61f1308a28696179d42a05cfb514987ef11bd51bb8c6ad7056f2a513d186?s=96&d=mm&r=g","contentUrl":"https:\/\/secure.gravatar.com\/avatar\/97bd61f1308a28696179d42a05cfb514987ef11bd51bb8c6ad7056f2a513d186?s=96&d=mm&r=g","caption":"Redacci\u00f3n General"},"sameAs":["https:\/\/infobo.digital\/"]}]}},"jetpack_featured_media_url":"https:\/\/infobo.digital\/wp-content\/uploads\/2026\/04\/1777137581369.jpg","jetpack_sharing_enabled":true,"_links":{"self":[{"href":"https:\/\/infobo.digital\/index.php?rest_route=\/wp\/v2\/posts\/6707","targetHints":{"allow":["GET"]}}],"collection":[{"href":"https:\/\/infobo.digital\/index.php?rest_route=\/wp\/v2\/posts"}],"about":[{"href":"https:\/\/infobo.digital\/index.php?rest_route=\/wp\/v2\/types\/post"}],"author":[{"embeddable":true,"href":"https:\/\/infobo.digital\/index.php?rest_route=\/wp\/v2\/users\/8"}],"replies":[{"embeddable":true,"href":"https:\/\/infobo.digital\/index.php?rest_route=%2Fwp%2Fv2%2Fcomments&post=6707"}],"version-history":[{"count":1,"href":"https:\/\/infobo.digital\/index.php?rest_route=\/wp\/v2\/posts\/6707\/revisions"}],"predecessor-version":[{"id":6709,"href":"https:\/\/infobo.digital\/index.php?rest_route=\/wp\/v2\/posts\/6707\/revisions\/6709"}],"wp:featuredmedia":[{"embeddable":true,"href":"https:\/\/infobo.digital\/index.php?rest_route=\/wp\/v2\/media\/6708"}],"wp:attachment":[{"href":"https:\/\/infobo.digital\/index.php?rest_route=%2Fwp%2Fv2%2Fmedia&parent=6707"}],"wp:term":[{"taxonomy":"category","embeddable":true,"href":"https:\/\/infobo.digital\/index.php?rest_route=%2Fwp%2Fv2%2Fcategories&post=6707"},{"taxonomy":"post_tag","embeddable":true,"href":"https:\/\/infobo.digital\/index.php?rest_route=%2Fwp%2Fv2%2Ftags&post=6707"}],"curies":[{"name":"wp","href":"https:\/\/api.w.org\/{rel}","templated":true}]}}