{"id":6711,"date":"2026-04-27T13:50:19","date_gmt":"2026-04-27T17:50:19","guid":{"rendered":"https:\/\/infobo.digital\/?p=6711"},"modified":"2026-04-27T13:50:21","modified_gmt":"2026-04-27T17:50:21","slug":"transporte-y-ypfb-acuerdan-levantar-bloqueos","status":"publish","type":"post","link":"https:\/\/infobo.digital\/?p=6711","title":{"rendered":"Transporte y YPFB acuerdan levantar bloqueos y reactivar abastecimiento de combustibles"},"content":{"rendered":"\n<p><strong>La Paz, 27 de abril de 2026.\u2014<\/strong> Representantes del sector transporte y autoridades de Yacimientos Petrol\u00edferos Fiscales Bolivianos (YPFB) alcanzaron un acuerdo que permiti\u00f3 levantar los bloqueos registrados en puntos estrat\u00e9gicos de la ciudad de El Alto y restablecer la coordinaci\u00f3n para el abastecimiento de combustibles en el pa\u00eds.\u200e\u200e<\/p>\n\n\n\n<p>El encuentro se realiz\u00f3 tras una convocatoria al di\u00e1logo en medio de reclamos del sector transportista relacionados con el desabastecimiento, la calidad del carburante y observaciones sobre la participaci\u00f3n de empresas proveedoras.\u200e\u200e<\/p>\n\n\n\n<p>El presidente de YPFB, Sebasti\u00e1n Daroca, inform\u00f3 que el acuerdo permiti\u00f3 la suspensi\u00f3n inmediata de las medidas de presi\u00f3n y la reanudaci\u00f3n del trabajo conjunto con el sector. Seg\u00fan explic\u00f3, uno de los compromisos centrales es acelerar el traslado de combustible que ya se encuentra en tr\u00e1nsito o almacenado en terminales internacionales.\u200e\u200e<\/p>\n\n\n\n<p>Las autoridades indicaron que vol\u00famenes importantes de carburante est\u00e1n ubicados principalmente en el puerto de Arica, desde donde se prev\u00e9 su ingreso al pa\u00eds. En ese marco, se solicit\u00f3 al sector transporte movilizar sus unidades para garantizar el traslado oportuno del producto.\u200e\u200e<\/p>\n\n\n\n<p>Por su parte, representantes del transporte manifestaron su disposici\u00f3n a cumplir con la movilizaci\u00f3n inmediata y contribuir al suministro de combustibles en el territorio nacional, tras la instalaci\u00f3n de la mesa de di\u00e1logo con las autoridades.<\/p>\n","protected":false},"excerpt":{"rendered":"<p>Transporte y YPFB alcanzaron un acuerdo que permiti\u00f3 levantar los bloqueos en El Alto y restablecer el abastecimiento de combustibles <\/p>\n","protected":false},"author":8,"featured_media":6712,"comment_status":"closed","ping_status":"closed","sticky":false,"template":"","format":"standard","meta":{"jetpack_post_was_ever_published":false,"_jetpack_newsletter_access":"","_jetpack_dont_email_post_to_subs":false,"_jetpack_newsletter_tier_id":0,"_jetpack_memberships_contains_paywalled_content":false,"_jetpack_memberships_contains_paid_content":false,"footnotes":""},"categories":[1312],"tags":[659,212,127,40,608,25],"class_list":["post-6711","post","type-post","status-publish","format-standard","has-post-thumbnail","hentry","category-social","tag-abastecimiento","tag-acuerdo","tag-combustible","tag-el-alto","tag-transporte","tag-ypfb"],"yoast_head":"<!-- This site is optimized with the Yoast SEO plugin v26.7 - https:\/\/yoast.com\/wordpress\/plugins\/seo\/ -->\n<title>Transporte y YPFB acuerdan levantar bloqueos<\/title>\n<meta name=\"description\" content=\"Transporte y YPFB alcanzaron un acuerdo que permiti\u00f3 levantar los bloqueos en El Alto y restablecer el abastecimiento de combustibles\" \/>\n<meta name=\"robots\" content=\"index, follow, max-snippet:-1, max-image-preview:large, max-video-preview:-1\" \/>\n<link rel=\"canonical\" href=\"https:\/\/infobo.digital\/?p=6711\" \/>\n<meta property=\"og:locale\" content=\"es_ES\" \/>\n<meta property=\"og:type\" content=\"article\" \/>\n<meta property=\"og:title\" content=\"Transporte y YPFB acuerdan levantar bloqueos\" \/>\n<meta property=\"og:description\" content=\"Transporte y YPFB alcanzaron un acuerdo que permiti\u00f3 levantar los bloqueos en El Alto y restablecer el abastecimiento de combustibles\" \/>\n<meta property=\"og:url\" content=\"https:\/\/infobo.digital\/?p=6711\" \/>\n<meta property=\"article:publisher\" content=\"https:\/\/www.facebook.com\/profile.php?id=61560121555099&amp;mibextid=qi2Omg&amp;rdid=j3LLjPu1LdtSYmlZ\" \/>\n<meta property=\"article:published_time\" content=\"2026-04-27T17:50:19+00:00\" \/>\n<meta property=\"article:modified_time\" content=\"2026-04-27T17:50:21+00:00\" \/>\n<meta property=\"og:image\" content=\"https:\/\/infobo.digital\/wp-content\/uploads\/2026\/04\/1777309744224.webp\" \/>\n\t<meta property=\"og:image:width\" content=\"400\" \/>\n\t<meta property=\"og:image:height\" content=\"225\" \/>\n\t<meta property=\"og:image:type\" content=\"image\/webp\" \/>\n<meta name=\"author\" content=\"Redacci\u00f3n General\" \/>\n<meta name=\"twitter:card\" content=\"summary_large_image\" \/>\n<meta name=\"twitter:title\" content=\"Transporte y YPFB acuerdan levantar bloqueos\" \/>\n<meta name=\"twitter:description\" content=\"Transporte y YPFB alcanzaron un acuerdo que permiti\u00f3 levantar los bloqueos en El Alto y restablecer el abastecimiento de combustibles\" \/>\n<meta name=\"twitter:image\" content=\"https:\/\/infobo.digital\/wp-content\/uploads\/2026\/04\/1777309744224.webp\" \/>\n<meta name=\"twitter:label1\" content=\"Escrito por\" \/>\n\t<meta name=\"twitter:data1\" content=\"Redacci\u00f3n General\" \/>\n\t<meta name=\"twitter:label2\" content=\"Tiempo de lectura\" \/>\n\t<meta name=\"twitter:data2\" content=\"2 minutos\" \/>\n<script type=\"application\/ld+json\" class=\"yoast-schema-graph\">{\"@context\":\"https:\/\/schema.org\",\"@graph\":[{\"@type\":\"Article\",\"@id\":\"https:\/\/infobo.digital\/?p=6711#article\",\"isPartOf\":{\"@id\":\"https:\/\/infobo.digital\/?p=6711\"},\"author\":{\"name\":\"Redacci\u00f3n General\",\"@id\":\"https:\/\/infobo.digital\/#\/schema\/person\/ecf650d5ce7363a55760f67687117a7a\"},\"headline\":\"Transporte y YPFB acuerdan levantar bloqueos y reactivar abastecimiento de combustibles\",\"datePublished\":\"2026-04-27T17:50:19+00:00\",\"dateModified\":\"2026-04-27T17:50:21+00:00\",\"mainEntityOfPage\":{\"@id\":\"https:\/\/infobo.digital\/?p=6711\"},\"wordCount\":239,\"publisher\":{\"@id\":\"https:\/\/infobo.digital\/#organization\"},\"image\":{\"@id\":\"https:\/\/infobo.digital\/?p=6711#primaryimage\"},\"thumbnailUrl\":\"https:\/\/infobo.digital\/wp-content\/uploads\/2026\/04\/1777309744224.webp\",\"keywords\":[\"abastecimiento\",\"Acuerdo\",\"Combustible\",\"El alto\",\"transporte\",\"YPFB\"],\"articleSection\":[\"Social\"],\"inLanguage\":\"es\"},{\"@type\":\"WebPage\",\"@id\":\"https:\/\/infobo.digital\/?p=6711\",\"url\":\"https:\/\/infobo.digital\/?p=6711\",\"name\":\"Transporte y YPFB acuerdan levantar bloqueos\",\"isPartOf\":{\"@id\":\"https:\/\/infobo.digital\/#website\"},\"primaryImageOfPage\":{\"@id\":\"https:\/\/infobo.digital\/?p=6711#primaryimage\"},\"image\":{\"@id\":\"https:\/\/infobo.digital\/?p=6711#primaryimage\"},\"thumbnailUrl\":\"https:\/\/infobo.digital\/wp-content\/uploads\/2026\/04\/1777309744224.webp\",\"datePublished\":\"2026-04-27T17:50:19+00:00\",\"dateModified\":\"2026-04-27T17:50:21+00:00\",\"description\":\"Transporte y YPFB alcanzaron un acuerdo que permiti\u00f3 levantar los bloqueos en El Alto y restablecer el abastecimiento de combustibles\",\"breadcrumb\":{\"@id\":\"https:\/\/infobo.digital\/?p=6711#breadcrumb\"},\"inLanguage\":\"es\",\"potentialAction\":[{\"@type\":\"ReadAction\",\"target\":[\"https:\/\/infobo.digital\/?p=6711\"]}]},{\"@type\":\"ImageObject\",\"inLanguage\":\"es\",\"@id\":\"https:\/\/infobo.digital\/?p=6711#primaryimage\",\"url\":\"https:\/\/infobo.digital\/wp-content\/uploads\/2026\/04\/1777309744224.webp\",\"contentUrl\":\"https:\/\/infobo.digital\/wp-content\/uploads\/2026\/04\/1777309744224.webp\",\"width\":400,\"height\":225},{\"@type\":\"BreadcrumbList\",\"@id\":\"https:\/\/infobo.digital\/?p=6711#breadcrumb\",\"itemListElement\":[{\"@type\":\"ListItem\",\"position\":1,\"name\":\"Portada\",\"item\":\"https:\/\/infobo.digital\/\"},{\"@type\":\"ListItem\",\"position\":2,\"name\":\"Transporte y YPFB acuerdan levantar bloqueos y reactivar abastecimiento de combustibles\"}]},{\"@type\":\"WebSite\",\"@id\":\"https:\/\/infobo.digital\/#website\",\"url\":\"https:\/\/infobo.digital\/\",\"name\":\"Info Bolivia Digital\",\"description\":\"\",\"publisher\":{\"@id\":\"https:\/\/infobo.digital\/#organization\"},\"potentialAction\":[{\"@type\":\"SearchAction\",\"target\":{\"@type\":\"EntryPoint\",\"urlTemplate\":\"https:\/\/infobo.digital\/?s={search_term_string}\"},\"query-input\":{\"@type\":\"PropertyValueSpecification\",\"valueRequired\":true,\"valueName\":\"search_term_string\"}}],\"inLanguage\":\"es\"},{\"@type\":\"Organization\",\"@id\":\"https:\/\/infobo.digital\/#organization\",\"name\":\"Info Bolivia Digital\",\"alternateName\":\"Info Bolivia Digital\",\"url\":\"https:\/\/infobo.digital\/\",\"logo\":{\"@type\":\"ImageObject\",\"inLanguage\":\"es\",\"@id\":\"https:\/\/infobo.digital\/#\/schema\/logo\/image\/\",\"url\":\"https:\/\/infobo.digital\/wp-content\/uploads\/2024\/05\/cropped-logo-1.png\",\"contentUrl\":\"https:\/\/infobo.digital\/wp-content\/uploads\/2024\/05\/cropped-logo-1.png\",\"width\":3000,\"height\":999,\"caption\":\"Info Bolivia Digital\"},\"image\":{\"@id\":\"https:\/\/infobo.digital\/#\/schema\/logo\/image\/\"},\"sameAs\":[\"https:\/\/www.facebook.com\/profile.php?id=61560121555099&mibextid=qi2Omg&rdid=j3LLjPu1LdtSYmlZ\",\"https:\/\/www.tiktok.com\/@infodigital.bo?_t=8od23EgGmH8&_r=1\"]},{\"@type\":\"Person\",\"@id\":\"https:\/\/infobo.digital\/#\/schema\/person\/ecf650d5ce7363a55760f67687117a7a\",\"name\":\"Redacci\u00f3n General\",\"image\":{\"@type\":\"ImageObject\",\"inLanguage\":\"es\",\"@id\":\"https:\/\/infobo.digital\/#\/schema\/person\/image\/\",\"url\":\"https:\/\/secure.gravatar.com\/avatar\/97bd61f1308a28696179d42a05cfb514987ef11bd51bb8c6ad7056f2a513d186?s=96&d=mm&r=g\",\"contentUrl\":\"https:\/\/secure.gravatar.com\/avatar\/97bd61f1308a28696179d42a05cfb514987ef11bd51bb8c6ad7056f2a513d186?s=96&d=mm&r=g\",\"caption\":\"Redacci\u00f3n General\"},\"sameAs\":[\"https:\/\/infobo.digital\/\"]}]}<\/script>\n<!-- \/ Yoast SEO plugin. -->","yoast_head_json":{"title":"Transporte y YPFB acuerdan levantar bloqueos","description":"Transporte y YPFB alcanzaron un acuerdo que permiti\u00f3 levantar los bloqueos en El Alto y restablecer el abastecimiento de combustibles","robots":{"index":"index","follow":"follow","max-snippet":"max-snippet:-1","max-image-preview":"max-image-preview:large","max-video-preview":"max-video-preview:-1"},"canonical":"https:\/\/infobo.digital\/?p=6711","og_locale":"es_ES","og_type":"article","og_title":"Transporte y YPFB acuerdan levantar bloqueos","og_description":"Transporte y YPFB alcanzaron un acuerdo que permiti\u00f3 levantar los bloqueos en El Alto y restablecer el abastecimiento de combustibles","og_url":"https:\/\/infobo.digital\/?p=6711","article_publisher":"https:\/\/www.facebook.com\/profile.php?id=61560121555099&mibextid=qi2Omg&rdid=j3LLjPu1LdtSYmlZ","article_published_time":"2026-04-27T17:50:19+00:00","article_modified_time":"2026-04-27T17:50:21+00:00","og_image":[{"width":400,"height":225,"url":"https:\/\/infobo.digital\/wp-content\/uploads\/2026\/04\/1777309744224.webp","type":"image\/webp"}],"author":"Redacci\u00f3n General","twitter_card":"summary_large_image","twitter_title":"Transporte y YPFB acuerdan levantar bloqueos","twitter_description":"Transporte y YPFB alcanzaron un acuerdo que permiti\u00f3 levantar los bloqueos en El Alto y restablecer el abastecimiento de combustibles","twitter_image":"https:\/\/infobo.digital\/wp-content\/uploads\/2026\/04\/1777309744224.webp","twitter_misc":{"Escrito por":"Redacci\u00f3n General","Tiempo de lectura":"2 minutos"},"schema":{"@context":"https:\/\/schema.org","@graph":[{"@type":"Article","@id":"https:\/\/infobo.digital\/?p=6711#article","isPartOf":{"@id":"https:\/\/infobo.digital\/?p=6711"},"author":{"name":"Redacci\u00f3n General","@id":"https:\/\/infobo.digital\/#\/schema\/person\/ecf650d5ce7363a55760f67687117a7a"},"headline":"Transporte y YPFB acuerdan levantar bloqueos y reactivar abastecimiento de combustibles","datePublished":"2026-04-27T17:50:19+00:00","dateModified":"2026-04-27T17:50:21+00:00","mainEntityOfPage":{"@id":"https:\/\/infobo.digital\/?p=6711"},"wordCount":239,"publisher":{"@id":"https:\/\/infobo.digital\/#organization"},"image":{"@id":"https:\/\/infobo.digital\/?p=6711#primaryimage"},"thumbnailUrl":"https:\/\/infobo.digital\/wp-content\/uploads\/2026\/04\/1777309744224.webp","keywords":["abastecimiento","Acuerdo","Combustible","El alto","transporte","YPFB"],"articleSection":["Social"],"inLanguage":"es"},{"@type":"WebPage","@id":"https:\/\/infobo.digital\/?p=6711","url":"https:\/\/infobo.digital\/?p=6711","name":"Transporte y YPFB acuerdan levantar bloqueos","isPartOf":{"@id":"https:\/\/infobo.digital\/#website"},"primaryImageOfPage":{"@id":"https:\/\/infobo.digital\/?p=6711#primaryimage"},"image":{"@id":"https:\/\/infobo.digital\/?p=6711#primaryimage"},"thumbnailUrl":"https:\/\/infobo.digital\/wp-content\/uploads\/2026\/04\/1777309744224.webp","datePublished":"2026-04-27T17:50:19+00:00","dateModified":"2026-04-27T17:50:21+00:00","description":"Transporte y YPFB alcanzaron un acuerdo que permiti\u00f3 levantar los bloqueos en El Alto y restablecer el abastecimiento de combustibles","breadcrumb":{"@id":"https:\/\/infobo.digital\/?p=6711#breadcrumb"},"inLanguage":"es","potentialAction":[{"@type":"ReadAction","target":["https:\/\/infobo.digital\/?p=6711"]}]},{"@type":"ImageObject","inLanguage":"es","@id":"https:\/\/infobo.digital\/?p=6711#primaryimage","url":"https:\/\/infobo.digital\/wp-content\/uploads\/2026\/04\/1777309744224.webp","contentUrl":"https:\/\/infobo.digital\/wp-content\/uploads\/2026\/04\/1777309744224.webp","width":400,"height":225},{"@type":"BreadcrumbList","@id":"https:\/\/infobo.digital\/?p=6711#breadcrumb","itemListElement":[{"@type":"ListItem","position":1,"name":"Portada","item":"https:\/\/infobo.digital\/"},{"@type":"ListItem","position":2,"name":"Transporte y YPFB acuerdan levantar bloqueos y reactivar abastecimiento de combustibles"}]},{"@type":"WebSite","@id":"https:\/\/infobo.digital\/#website","url":"https:\/\/infobo.digital\/","name":"Info Bolivia Digital","description":"","publisher":{"@id":"https:\/\/infobo.digital\/#organization"},"potentialAction":[{"@type":"SearchAction","target":{"@type":"EntryPoint","urlTemplate":"https:\/\/infobo.digital\/?s={search_term_string}"},"query-input":{"@type":"PropertyValueSpecification","valueRequired":true,"valueName":"search_term_string"}}],"inLanguage":"es"},{"@type":"Organization","@id":"https:\/\/infobo.digital\/#organization","name":"Info Bolivia Digital","alternateName":"Info Bolivia Digital","url":"https:\/\/infobo.digital\/","logo":{"@type":"ImageObject","inLanguage":"es","@id":"https:\/\/infobo.digital\/#\/schema\/logo\/image\/","url":"https:\/\/infobo.digital\/wp-content\/uploads\/2024\/05\/cropped-logo-1.png","contentUrl":"https:\/\/infobo.digital\/wp-content\/uploads\/2024\/05\/cropped-logo-1.png","width":3000,"height":999,"caption":"Info Bolivia Digital"},"image":{"@id":"https:\/\/infobo.digital\/#\/schema\/logo\/image\/"},"sameAs":["https:\/\/www.facebook.com\/profile.php?id=61560121555099&mibextid=qi2Omg&rdid=j3LLjPu1LdtSYmlZ","https:\/\/www.tiktok.com\/@infodigital.bo?_t=8od23EgGmH8&_r=1"]},{"@type":"Person","@id":"https:\/\/infobo.digital\/#\/schema\/person\/ecf650d5ce7363a55760f67687117a7a","name":"Redacci\u00f3n General","image":{"@type":"ImageObject","inLanguage":"es","@id":"https:\/\/infobo.digital\/#\/schema\/person\/image\/","url":"https:\/\/secure.gravatar.com\/avatar\/97bd61f1308a28696179d42a05cfb514987ef11bd51bb8c6ad7056f2a513d186?s=96&d=mm&r=g","contentUrl":"https:\/\/secure.gravatar.com\/avatar\/97bd61f1308a28696179d42a05cfb514987ef11bd51bb8c6ad7056f2a513d186?s=96&d=mm&r=g","caption":"Redacci\u00f3n General"},"sameAs":["https:\/\/infobo.digital\/"]}]}},"jetpack_featured_media_url":"https:\/\/infobo.digital\/wp-content\/uploads\/2026\/04\/1777309744224.webp","jetpack_sharing_enabled":true,"_links":{"self":[{"href":"https:\/\/infobo.digital\/index.php?rest_route=\/wp\/v2\/posts\/6711","targetHints":{"allow":["GET"]}}],"collection":[{"href":"https:\/\/infobo.digital\/index.php?rest_route=\/wp\/v2\/posts"}],"about":[{"href":"https:\/\/infobo.digital\/index.php?rest_route=\/wp\/v2\/types\/post"}],"author":[{"embeddable":true,"href":"https:\/\/infobo.digital\/index.php?rest_route=\/wp\/v2\/users\/8"}],"replies":[{"embeddable":true,"href":"https:\/\/infobo.digital\/index.php?rest_route=%2Fwp%2Fv2%2Fcomments&post=6711"}],"version-history":[{"count":1,"href":"https:\/\/infobo.digital\/index.php?rest_route=\/wp\/v2\/posts\/6711\/revisions"}],"predecessor-version":[{"id":6713,"href":"https:\/\/infobo.digital\/index.php?rest_route=\/wp\/v2\/posts\/6711\/revisions\/6713"}],"wp:featuredmedia":[{"embeddable":true,"href":"https:\/\/infobo.digital\/index.php?rest_route=\/wp\/v2\/media\/6712"}],"wp:attachment":[{"href":"https:\/\/infobo.digital\/index.php?rest_route=%2Fwp%2Fv2%2Fmedia&parent=6711"}],"wp:term":[{"taxonomy":"category","embeddable":true,"href":"https:\/\/infobo.digital\/index.php?rest_route=%2Fwp%2Fv2%2Fcategories&post=6711"},{"taxonomy":"post_tag","embeddable":true,"href":"https:\/\/infobo.digital\/index.php?rest_route=%2Fwp%2Fv2%2Ftags&post=6711"}],"curies":[{"name":"wp","href":"https:\/\/api.w.org\/{rel}","templated":true}]}}