{"id":6718,"date":"2026-04-28T08:19:30","date_gmt":"2026-04-28T12:19:30","guid":{"rendered":"https:\/\/infobo.digital\/?p=6718"},"modified":"2026-04-28T08:19:31","modified_gmt":"2026-04-28T12:19:31","slug":"abastecimiento-de-diesel-comienza-a-normalizarse-en-la-paz","status":"publish","type":"post","link":"https:\/\/infobo.digital\/?p=6718","title":{"rendered":"Abastecimiento de di\u00e9sel comienza a normalizarse en La Paz tras llegada de cisternas"},"content":{"rendered":"\n<p><em>La reanudaci\u00f3n del suministro se produce luego del arribo nocturno de cisternas y acuerdos entre YPFB y el transporte pesado, lo que permiti\u00f3 reducir las filas en estaciones de servicio.\u200e<\/em><\/p>\n\n\n\n<p><strong>La Paz, 28 de abril de 2026 .\u2014<\/strong> El abastecimiento de di\u00e9sel en la ciudad de La Paz comenz\u00f3 a normalizarse tras la llegada de cisternas durante la noche y la implementaci\u00f3n de acuerdos entre Yacimientos Petrol\u00edferos Fiscales Bolivianos (YPFB) y el sector del transporte pesado.<\/p>\n\n\n\n<p>En estaciones de servicio ubicadas en inmediaciones de la avenida Montes, se observ\u00f3 una reducci\u00f3n en las filas de veh\u00edculos en comparaci\u00f3n con jornadas anteriores, cuando camiones y buses permanec\u00edan en espera durante varias horas, generando congesti\u00f3n vehicular en la zona.<\/p>\n\n\n\n<p>De acuerdo con operadores de estaciones de servicio, la provisi\u00f3n de combustible se reactiv\u00f3 desde la noche previa con la recepci\u00f3n de cisternas, lo que permiti\u00f3 retomar la atenci\u00f3n de manera continua. Esta situaci\u00f3n contribuy\u00f3 a mejorar la disponibilidad del producto y a agilizar el flujo de veh\u00edculos en los surtidores.<\/p>\n\n\n\n<p>El proceso de normalizaci\u00f3n se da en el marco de coordinaciones entre la estatal petrolera y representantes del transporte pesado, orientadas a garantizar la distribuci\u00f3n regular de di\u00e9sel en la ciudad.<\/p>\n","protected":false},"excerpt":{"rendered":"<p>La reanudaci\u00f3n del suministro se produce luego del arribo nocturno de cisternas y acuerdos entre YPFB y el transporte pesado<\/p>\n","protected":false},"author":8,"featured_media":6719,"comment_status":"closed","ping_status":"closed","sticky":false,"template":"","format":"standard","meta":{"jetpack_post_was_ever_published":false,"_jetpack_newsletter_access":"","_jetpack_dont_email_post_to_subs":false,"_jetpack_newsletter_tier_id":0,"_jetpack_memberships_contains_paywalled_content":false,"_jetpack_memberships_contains_paid_content":false,"footnotes":""},"categories":[5],"tags":[659,2246,127,1229,108],"class_list":["post-6718","post","type-post","status-publish","format-standard","has-post-thumbnail","hentry","category-economia","tag-abastecimiento","tag-cisternas","tag-combustible","tag-diesel-2","tag-la-paz"],"yoast_head":"<!-- This site is optimized with the Yoast SEO plugin v26.7 - https:\/\/yoast.com\/wordpress\/plugins\/seo\/ -->\n<title>Abastecimiento de di\u00e9sel comienza a normalizarse en La Paz<\/title>\n<meta name=\"description\" content=\"La reanudaci\u00f3n del suministro se produce luego del arribo nocturno de cisternas y acuerdos entre YPFB y el transporte pesado\" \/>\n<meta name=\"robots\" content=\"index, follow, max-snippet:-1, max-image-preview:large, max-video-preview:-1\" \/>\n<link rel=\"canonical\" href=\"https:\/\/infobo.digital\/?p=6718\" \/>\n<meta property=\"og:locale\" content=\"es_ES\" \/>\n<meta property=\"og:type\" content=\"article\" \/>\n<meta property=\"og:title\" content=\"Abastecimiento de di\u00e9sel comienza a normalizarse en La Paz\" \/>\n<meta property=\"og:description\" content=\"La reanudaci\u00f3n del suministro se produce luego del arribo nocturno de cisternas y acuerdos entre YPFB y el transporte pesado\" \/>\n<meta property=\"og:url\" content=\"https:\/\/infobo.digital\/?p=6718\" \/>\n<meta property=\"article:publisher\" content=\"https:\/\/www.facebook.com\/profile.php?id=61560121555099&amp;mibextid=qi2Omg&amp;rdid=j3LLjPu1LdtSYmlZ\" \/>\n<meta property=\"article:published_time\" content=\"2026-04-28T12:19:30+00:00\" \/>\n<meta property=\"article:modified_time\" content=\"2026-04-28T12:19:31+00:00\" \/>\n<meta property=\"og:image\" content=\"https:\/\/infobo.digital\/wp-content\/uploads\/2026\/04\/1777372965661.webp\" \/>\n\t<meta property=\"og:image:width\" content=\"400\" \/>\n\t<meta property=\"og:image:height\" content=\"225\" \/>\n\t<meta property=\"og:image:type\" content=\"image\/webp\" \/>\n<meta name=\"author\" content=\"Redacci\u00f3n General\" \/>\n<meta name=\"twitter:card\" content=\"summary_large_image\" \/>\n<meta name=\"twitter:title\" content=\"Abastecimiento de di\u00e9sel comienza a normalizarse en La Paz\" \/>\n<meta name=\"twitter:description\" content=\"La reanudaci\u00f3n del suministro se produce luego del arribo nocturno de cisternas y acuerdos entre YPFB y el transporte pesado\" \/>\n<meta name=\"twitter:image\" content=\"https:\/\/infobo.digital\/wp-content\/uploads\/2026\/04\/1777372965661.webp\" \/>\n<meta name=\"twitter:label1\" content=\"Escrito por\" \/>\n\t<meta name=\"twitter:data1\" content=\"Redacci\u00f3n General\" \/>\n\t<meta name=\"twitter:label2\" content=\"Tiempo de lectura\" \/>\n\t<meta name=\"twitter:data2\" content=\"2 minutos\" \/>\n<script type=\"application\/ld+json\" class=\"yoast-schema-graph\">{\"@context\":\"https:\/\/schema.org\",\"@graph\":[{\"@type\":\"Article\",\"@id\":\"https:\/\/infobo.digital\/?p=6718#article\",\"isPartOf\":{\"@id\":\"https:\/\/infobo.digital\/?p=6718\"},\"author\":{\"name\":\"Redacci\u00f3n General\",\"@id\":\"https:\/\/infobo.digital\/#\/schema\/person\/ecf650d5ce7363a55760f67687117a7a\"},\"headline\":\"Abastecimiento de di\u00e9sel comienza a normalizarse en La Paz tras llegada de cisternas\",\"datePublished\":\"2026-04-28T12:19:30+00:00\",\"dateModified\":\"2026-04-28T12:19:31+00:00\",\"mainEntityOfPage\":{\"@id\":\"https:\/\/infobo.digital\/?p=6718\"},\"wordCount\":227,\"publisher\":{\"@id\":\"https:\/\/infobo.digital\/#organization\"},\"image\":{\"@id\":\"https:\/\/infobo.digital\/?p=6718#primaryimage\"},\"thumbnailUrl\":\"https:\/\/infobo.digital\/wp-content\/uploads\/2026\/04\/1777372965661.webp\",\"keywords\":[\"abastecimiento\",\"cisternas\",\"Combustible\",\"diesel\",\"La Paz\"],\"articleSection\":[\"Econom\u00eda\"],\"inLanguage\":\"es\"},{\"@type\":\"WebPage\",\"@id\":\"https:\/\/infobo.digital\/?p=6718\",\"url\":\"https:\/\/infobo.digital\/?p=6718\",\"name\":\"Abastecimiento de di\u00e9sel comienza a normalizarse en La Paz\",\"isPartOf\":{\"@id\":\"https:\/\/infobo.digital\/#website\"},\"primaryImageOfPage\":{\"@id\":\"https:\/\/infobo.digital\/?p=6718#primaryimage\"},\"image\":{\"@id\":\"https:\/\/infobo.digital\/?p=6718#primaryimage\"},\"thumbnailUrl\":\"https:\/\/infobo.digital\/wp-content\/uploads\/2026\/04\/1777372965661.webp\",\"datePublished\":\"2026-04-28T12:19:30+00:00\",\"dateModified\":\"2026-04-28T12:19:31+00:00\",\"description\":\"La reanudaci\u00f3n del suministro se produce luego del arribo nocturno de cisternas y acuerdos entre YPFB y el transporte pesado\",\"breadcrumb\":{\"@id\":\"https:\/\/infobo.digital\/?p=6718#breadcrumb\"},\"inLanguage\":\"es\",\"potentialAction\":[{\"@type\":\"ReadAction\",\"target\":[\"https:\/\/infobo.digital\/?p=6718\"]}]},{\"@type\":\"ImageObject\",\"inLanguage\":\"es\",\"@id\":\"https:\/\/infobo.digital\/?p=6718#primaryimage\",\"url\":\"https:\/\/infobo.digital\/wp-content\/uploads\/2026\/04\/1777372965661.webp\",\"contentUrl\":\"https:\/\/infobo.digital\/wp-content\/uploads\/2026\/04\/1777372965661.webp\",\"width\":400,\"height\":225},{\"@type\":\"BreadcrumbList\",\"@id\":\"https:\/\/infobo.digital\/?p=6718#breadcrumb\",\"itemListElement\":[{\"@type\":\"ListItem\",\"position\":1,\"name\":\"Portada\",\"item\":\"https:\/\/infobo.digital\/\"},{\"@type\":\"ListItem\",\"position\":2,\"name\":\"Abastecimiento de di\u00e9sel comienza a normalizarse en La Paz tras llegada de cisternas\"}]},{\"@type\":\"WebSite\",\"@id\":\"https:\/\/infobo.digital\/#website\",\"url\":\"https:\/\/infobo.digital\/\",\"name\":\"Info Bolivia Digital\",\"description\":\"\",\"publisher\":{\"@id\":\"https:\/\/infobo.digital\/#organization\"},\"potentialAction\":[{\"@type\":\"SearchAction\",\"target\":{\"@type\":\"EntryPoint\",\"urlTemplate\":\"https:\/\/infobo.digital\/?s={search_term_string}\"},\"query-input\":{\"@type\":\"PropertyValueSpecification\",\"valueRequired\":true,\"valueName\":\"search_term_string\"}}],\"inLanguage\":\"es\"},{\"@type\":\"Organization\",\"@id\":\"https:\/\/infobo.digital\/#organization\",\"name\":\"Info Bolivia Digital\",\"alternateName\":\"Info Bolivia Digital\",\"url\":\"https:\/\/infobo.digital\/\",\"logo\":{\"@type\":\"ImageObject\",\"inLanguage\":\"es\",\"@id\":\"https:\/\/infobo.digital\/#\/schema\/logo\/image\/\",\"url\":\"https:\/\/infobo.digital\/wp-content\/uploads\/2024\/05\/cropped-logo-1.png\",\"contentUrl\":\"https:\/\/infobo.digital\/wp-content\/uploads\/2024\/05\/cropped-logo-1.png\",\"width\":3000,\"height\":999,\"caption\":\"Info Bolivia Digital\"},\"image\":{\"@id\":\"https:\/\/infobo.digital\/#\/schema\/logo\/image\/\"},\"sameAs\":[\"https:\/\/www.facebook.com\/profile.php?id=61560121555099&mibextid=qi2Omg&rdid=j3LLjPu1LdtSYmlZ\",\"https:\/\/www.tiktok.com\/@infodigital.bo?_t=8od23EgGmH8&_r=1\"]},{\"@type\":\"Person\",\"@id\":\"https:\/\/infobo.digital\/#\/schema\/person\/ecf650d5ce7363a55760f67687117a7a\",\"name\":\"Redacci\u00f3n General\",\"image\":{\"@type\":\"ImageObject\",\"inLanguage\":\"es\",\"@id\":\"https:\/\/infobo.digital\/#\/schema\/person\/image\/\",\"url\":\"https:\/\/secure.gravatar.com\/avatar\/97bd61f1308a28696179d42a05cfb514987ef11bd51bb8c6ad7056f2a513d186?s=96&d=mm&r=g\",\"contentUrl\":\"https:\/\/secure.gravatar.com\/avatar\/97bd61f1308a28696179d42a05cfb514987ef11bd51bb8c6ad7056f2a513d186?s=96&d=mm&r=g\",\"caption\":\"Redacci\u00f3n General\"},\"sameAs\":[\"https:\/\/infobo.digital\/\"]}]}<\/script>\n<!-- \/ Yoast SEO plugin. -->","yoast_head_json":{"title":"Abastecimiento de di\u00e9sel comienza a normalizarse en La Paz","description":"La reanudaci\u00f3n del suministro se produce luego del arribo nocturno de cisternas y acuerdos entre YPFB y el transporte pesado","robots":{"index":"index","follow":"follow","max-snippet":"max-snippet:-1","max-image-preview":"max-image-preview:large","max-video-preview":"max-video-preview:-1"},"canonical":"https:\/\/infobo.digital\/?p=6718","og_locale":"es_ES","og_type":"article","og_title":"Abastecimiento de di\u00e9sel comienza a normalizarse en La Paz","og_description":"La reanudaci\u00f3n del suministro se produce luego del arribo nocturno de cisternas y acuerdos entre YPFB y el transporte pesado","og_url":"https:\/\/infobo.digital\/?p=6718","article_publisher":"https:\/\/www.facebook.com\/profile.php?id=61560121555099&mibextid=qi2Omg&rdid=j3LLjPu1LdtSYmlZ","article_published_time":"2026-04-28T12:19:30+00:00","article_modified_time":"2026-04-28T12:19:31+00:00","og_image":[{"width":400,"height":225,"url":"https:\/\/infobo.digital\/wp-content\/uploads\/2026\/04\/1777372965661.webp","type":"image\/webp"}],"author":"Redacci\u00f3n General","twitter_card":"summary_large_image","twitter_title":"Abastecimiento de di\u00e9sel comienza a normalizarse en La Paz","twitter_description":"La reanudaci\u00f3n del suministro se produce luego del arribo nocturno de cisternas y acuerdos entre YPFB y el transporte pesado","twitter_image":"https:\/\/infobo.digital\/wp-content\/uploads\/2026\/04\/1777372965661.webp","twitter_misc":{"Escrito por":"Redacci\u00f3n General","Tiempo de lectura":"2 minutos"},"schema":{"@context":"https:\/\/schema.org","@graph":[{"@type":"Article","@id":"https:\/\/infobo.digital\/?p=6718#article","isPartOf":{"@id":"https:\/\/infobo.digital\/?p=6718"},"author":{"name":"Redacci\u00f3n General","@id":"https:\/\/infobo.digital\/#\/schema\/person\/ecf650d5ce7363a55760f67687117a7a"},"headline":"Abastecimiento de di\u00e9sel comienza a normalizarse en La Paz tras llegada de cisternas","datePublished":"2026-04-28T12:19:30+00:00","dateModified":"2026-04-28T12:19:31+00:00","mainEntityOfPage":{"@id":"https:\/\/infobo.digital\/?p=6718"},"wordCount":227,"publisher":{"@id":"https:\/\/infobo.digital\/#organization"},"image":{"@id":"https:\/\/infobo.digital\/?p=6718#primaryimage"},"thumbnailUrl":"https:\/\/infobo.digital\/wp-content\/uploads\/2026\/04\/1777372965661.webp","keywords":["abastecimiento","cisternas","Combustible","diesel","La Paz"],"articleSection":["Econom\u00eda"],"inLanguage":"es"},{"@type":"WebPage","@id":"https:\/\/infobo.digital\/?p=6718","url":"https:\/\/infobo.digital\/?p=6718","name":"Abastecimiento de di\u00e9sel comienza a normalizarse en La Paz","isPartOf":{"@id":"https:\/\/infobo.digital\/#website"},"primaryImageOfPage":{"@id":"https:\/\/infobo.digital\/?p=6718#primaryimage"},"image":{"@id":"https:\/\/infobo.digital\/?p=6718#primaryimage"},"thumbnailUrl":"https:\/\/infobo.digital\/wp-content\/uploads\/2026\/04\/1777372965661.webp","datePublished":"2026-04-28T12:19:30+00:00","dateModified":"2026-04-28T12:19:31+00:00","description":"La reanudaci\u00f3n del suministro se produce luego del arribo nocturno de cisternas y acuerdos entre YPFB y el transporte pesado","breadcrumb":{"@id":"https:\/\/infobo.digital\/?p=6718#breadcrumb"},"inLanguage":"es","potentialAction":[{"@type":"ReadAction","target":["https:\/\/infobo.digital\/?p=6718"]}]},{"@type":"ImageObject","inLanguage":"es","@id":"https:\/\/infobo.digital\/?p=6718#primaryimage","url":"https:\/\/infobo.digital\/wp-content\/uploads\/2026\/04\/1777372965661.webp","contentUrl":"https:\/\/infobo.digital\/wp-content\/uploads\/2026\/04\/1777372965661.webp","width":400,"height":225},{"@type":"BreadcrumbList","@id":"https:\/\/infobo.digital\/?p=6718#breadcrumb","itemListElement":[{"@type":"ListItem","position":1,"name":"Portada","item":"https:\/\/infobo.digital\/"},{"@type":"ListItem","position":2,"name":"Abastecimiento de di\u00e9sel comienza a normalizarse en La Paz tras llegada de cisternas"}]},{"@type":"WebSite","@id":"https:\/\/infobo.digital\/#website","url":"https:\/\/infobo.digital\/","name":"Info Bolivia Digital","description":"","publisher":{"@id":"https:\/\/infobo.digital\/#organization"},"potentialAction":[{"@type":"SearchAction","target":{"@type":"EntryPoint","urlTemplate":"https:\/\/infobo.digital\/?s={search_term_string}"},"query-input":{"@type":"PropertyValueSpecification","valueRequired":true,"valueName":"search_term_string"}}],"inLanguage":"es"},{"@type":"Organization","@id":"https:\/\/infobo.digital\/#organization","name":"Info Bolivia Digital","alternateName":"Info Bolivia Digital","url":"https:\/\/infobo.digital\/","logo":{"@type":"ImageObject","inLanguage":"es","@id":"https:\/\/infobo.digital\/#\/schema\/logo\/image\/","url":"https:\/\/infobo.digital\/wp-content\/uploads\/2024\/05\/cropped-logo-1.png","contentUrl":"https:\/\/infobo.digital\/wp-content\/uploads\/2024\/05\/cropped-logo-1.png","width":3000,"height":999,"caption":"Info Bolivia Digital"},"image":{"@id":"https:\/\/infobo.digital\/#\/schema\/logo\/image\/"},"sameAs":["https:\/\/www.facebook.com\/profile.php?id=61560121555099&mibextid=qi2Omg&rdid=j3LLjPu1LdtSYmlZ","https:\/\/www.tiktok.com\/@infodigital.bo?_t=8od23EgGmH8&_r=1"]},{"@type":"Person","@id":"https:\/\/infobo.digital\/#\/schema\/person\/ecf650d5ce7363a55760f67687117a7a","name":"Redacci\u00f3n General","image":{"@type":"ImageObject","inLanguage":"es","@id":"https:\/\/infobo.digital\/#\/schema\/person\/image\/","url":"https:\/\/secure.gravatar.com\/avatar\/97bd61f1308a28696179d42a05cfb514987ef11bd51bb8c6ad7056f2a513d186?s=96&d=mm&r=g","contentUrl":"https:\/\/secure.gravatar.com\/avatar\/97bd61f1308a28696179d42a05cfb514987ef11bd51bb8c6ad7056f2a513d186?s=96&d=mm&r=g","caption":"Redacci\u00f3n General"},"sameAs":["https:\/\/infobo.digital\/"]}]}},"jetpack_featured_media_url":"https:\/\/infobo.digital\/wp-content\/uploads\/2026\/04\/1777372965661.webp","jetpack_sharing_enabled":true,"_links":{"self":[{"href":"https:\/\/infobo.digital\/index.php?rest_route=\/wp\/v2\/posts\/6718","targetHints":{"allow":["GET"]}}],"collection":[{"href":"https:\/\/infobo.digital\/index.php?rest_route=\/wp\/v2\/posts"}],"about":[{"href":"https:\/\/infobo.digital\/index.php?rest_route=\/wp\/v2\/types\/post"}],"author":[{"embeddable":true,"href":"https:\/\/infobo.digital\/index.php?rest_route=\/wp\/v2\/users\/8"}],"replies":[{"embeddable":true,"href":"https:\/\/infobo.digital\/index.php?rest_route=%2Fwp%2Fv2%2Fcomments&post=6718"}],"version-history":[{"count":1,"href":"https:\/\/infobo.digital\/index.php?rest_route=\/wp\/v2\/posts\/6718\/revisions"}],"predecessor-version":[{"id":6720,"href":"https:\/\/infobo.digital\/index.php?rest_route=\/wp\/v2\/posts\/6718\/revisions\/6720"}],"wp:featuredmedia":[{"embeddable":true,"href":"https:\/\/infobo.digital\/index.php?rest_route=\/wp\/v2\/media\/6719"}],"wp:attachment":[{"href":"https:\/\/infobo.digital\/index.php?rest_route=%2Fwp%2Fv2%2Fmedia&parent=6718"}],"wp:term":[{"taxonomy":"category","embeddable":true,"href":"https:\/\/infobo.digital\/index.php?rest_route=%2Fwp%2Fv2%2Fcategories&post=6718"},{"taxonomy":"post_tag","embeddable":true,"href":"https:\/\/infobo.digital\/index.php?rest_route=%2Fwp%2Fv2%2Ftags&post=6718"}],"curies":[{"name":"wp","href":"https:\/\/api.w.org\/{rel}","templated":true}]}}