{"id":6728,"date":"2026-04-29T15:36:11","date_gmt":"2026-04-29T19:36:11","guid":{"rendered":"https:\/\/infobo.digital\/?p=6728"},"modified":"2026-04-29T15:36:12","modified_gmt":"2026-04-29T19:36:12","slug":"ministro-de-trabajo-suspende-dialogo-por-ausencia-de-la-cob","status":"publish","type":"post","link":"https:\/\/infobo.digital\/?p=6728","title":{"rendered":"Ministro de Trabajo suspende di\u00e1logo tripartito por ausencia de la COB"},"content":{"rendered":"\n<p><em>\u200eLa reuni\u00f3n estaba prevista para este mi\u00e9rcoles con participaci\u00f3n del Gobierno, la Central Obrera Boliviana y el sector empresarial para tratar el pliego petitorio, incluido el incremento salarial.\u200e\u200e<\/em><\/p>\n\n\n\n<p><strong>La Paz, 29 de abril de 2026 .\u2014 <\/strong>El ministro de Trabajo, Edgar Morales, anunci\u00f3 la suspensi\u00f3n del di\u00e1logo tripartito programado para este mi\u00e9rcoles, tras la inasistencia de la dirigencia de la Central Obrera Boliviana (COB). La reuni\u00f3n contemplaba abordar el pliego petitorio laboral, que incluye demandas como el incremento salarial.\u200e\u200e<\/p>\n\n\n\n<p>La autoridad inform\u00f3 que, ante la ausencia de la COB, no fue posible instalar el encuentro. \u201cNo asisti\u00f3 la COB, no hay otra cosa que suspender\u201d, declar\u00f3. Asimismo, se\u00f1al\u00f3 que la inasistencia estar\u00eda vinculada a decisiones internas de la organizaci\u00f3n sindical y mencion\u00f3 la convocatoria a un cabildo previsto para el 1 de mayo.\u200e\u200e<\/p>\n\n\n\n<p>El di\u00e1logo tripartito inclu\u00eda la participaci\u00f3n del sector empresarial, con el objetivo de establecer una agenda de trabajo orientada a temas laborales y de empleo en el pa\u00eds, adem\u00e1s del an\u00e1lisis del incremento salarial solicitado por los trabajadores.<\/p>\n\n\n\n<p>\u200e\u200eDesde la COB, el secretario ejecutivo Mario Argollo hab\u00eda informado previamente que la organizaci\u00f3n no asistir\u00eda al encuentro. Indic\u00f3 que la definici\u00f3n sobre la participaci\u00f3n en futuras reuniones con el Gobierno ser\u00e1 tomada en el cabildo nacional convocado para el 1 de mayo.\u200e\u200e<\/p>\n\n\n\n<p>Seg\u00fan Argollo, esa instancia determinar\u00e1 la postura de la organizaci\u00f3n respecto al di\u00e1logo y las acciones a seguir en adelante.<\/p>\n","protected":false},"excerpt":{"rendered":"<p>La reuni\u00f3n estaba prevista con participaci\u00f3n del Gobierno, la COB y el sector empresarial para tratar el pliego y el incremento salarial<\/p>\n","protected":false},"author":8,"featured_media":6729,"comment_status":"closed","ping_status":"closed","sticky":false,"template":"","format":"standard","meta":{"jetpack_post_was_ever_published":false,"_jetpack_newsletter_access":"","_jetpack_dont_email_post_to_subs":false,"_jetpack_newsletter_tier_id":0,"_jetpack_memberships_contains_paywalled_content":false,"_jetpack_memberships_contains_paid_content":false,"footnotes":""},"categories":[5],"tags":[356,329,1264,1117],"class_list":["post-6728","post","type-post","status-publish","format-standard","has-post-thumbnail","hentry","category-economia","tag-ausencia","tag-cob","tag-pliego-petitorio-de-mineros","tag-reunion"],"yoast_head":"<!-- This site is optimized with the Yoast SEO plugin v26.7 - https:\/\/yoast.com\/wordpress\/plugins\/seo\/ -->\n<title>Ministro de Trabajo suspende di\u00e1logo por ausencia de la COB<\/title>\n<meta name=\"description\" content=\"\u200eLa reuni\u00f3n estaba prevista con participaci\u00f3n del Gobierno, la COB y el sector empresarial para tratar el pliego y el incremento salarial\" \/>\n<meta name=\"robots\" content=\"index, follow, max-snippet:-1, max-image-preview:large, max-video-preview:-1\" \/>\n<link rel=\"canonical\" href=\"https:\/\/infobo.digital\/?p=6728\" \/>\n<meta property=\"og:locale\" content=\"es_ES\" \/>\n<meta property=\"og:type\" content=\"article\" \/>\n<meta property=\"og:title\" content=\"Ministro de Trabajo suspende di\u00e1logo por ausencia de la COB\" \/>\n<meta property=\"og:description\" content=\"La reuni\u00f3n estaba prevista con participaci\u00f3n del Gobierno, la COB y el sector empresarial para tratar el pliego y el incremento salarial\" \/>\n<meta property=\"og:url\" content=\"https:\/\/infobo.digital\/?p=6728\" \/>\n<meta property=\"article:publisher\" content=\"https:\/\/www.facebook.com\/profile.php?id=61560121555099&amp;mibextid=qi2Omg&amp;rdid=j3LLjPu1LdtSYmlZ\" \/>\n<meta property=\"article:published_time\" content=\"2026-04-29T19:36:11+00:00\" \/>\n<meta property=\"article:modified_time\" content=\"2026-04-29T19:36:12+00:00\" \/>\n<meta property=\"og:image\" content=\"https:\/\/infobo.digital\/wp-content\/uploads\/2026\/04\/noticias-unitel_101-15249019_20260429190304.webp\" \/>\n\t<meta property=\"og:image:width\" content=\"420\" \/>\n\t<meta property=\"og:image:height\" content=\"280\" \/>\n\t<meta property=\"og:image:type\" content=\"image\/webp\" \/>\n<meta name=\"author\" content=\"Redacci\u00f3n General\" \/>\n<meta name=\"twitter:card\" content=\"summary_large_image\" \/>\n<meta name=\"twitter:title\" content=\"Ministro de Trabajo suspende di\u00e1logo por ausencia de la COB\" \/>\n<meta name=\"twitter:description\" content=\"La reuni\u00f3n estaba prevista con participaci\u00f3n del Gobierno, la COB y el sector empresarial para tratar el pliego y el incremento salarial\" \/>\n<meta name=\"twitter:image\" content=\"https:\/\/infobo.digital\/wp-content\/uploads\/2026\/04\/noticias-unitel_101-15249019_20260429190304.webp\" \/>\n<meta name=\"twitter:label1\" content=\"Escrito por\" \/>\n\t<meta name=\"twitter:data1\" content=\"Redacci\u00f3n General\" \/>\n\t<meta name=\"twitter:label2\" content=\"Tiempo de lectura\" \/>\n\t<meta name=\"twitter:data2\" content=\"2 minutos\" \/>\n<script type=\"application\/ld+json\" class=\"yoast-schema-graph\">{\"@context\":\"https:\/\/schema.org\",\"@graph\":[{\"@type\":\"Article\",\"@id\":\"https:\/\/infobo.digital\/?p=6728#article\",\"isPartOf\":{\"@id\":\"https:\/\/infobo.digital\/?p=6728\"},\"author\":{\"name\":\"Redacci\u00f3n General\",\"@id\":\"https:\/\/infobo.digital\/#\/schema\/person\/ecf650d5ce7363a55760f67687117a7a\"},\"headline\":\"Ministro de Trabajo suspende di\u00e1logo tripartito por ausencia de la COB\",\"datePublished\":\"2026-04-29T19:36:11+00:00\",\"dateModified\":\"2026-04-29T19:36:12+00:00\",\"mainEntityOfPage\":{\"@id\":\"https:\/\/infobo.digital\/?p=6728\"},\"wordCount\":265,\"publisher\":{\"@id\":\"https:\/\/infobo.digital\/#organization\"},\"image\":{\"@id\":\"https:\/\/infobo.digital\/?p=6728#primaryimage\"},\"thumbnailUrl\":\"https:\/\/infobo.digital\/wp-content\/uploads\/2026\/04\/noticias-unitel_101-15249019_20260429190304.webp\",\"keywords\":[\"Ausencia\",\"COB\",\"Pliego Petitorio de Mineros\",\"reuni\u00f3n\"],\"articleSection\":[\"Econom\u00eda\"],\"inLanguage\":\"es\"},{\"@type\":\"WebPage\",\"@id\":\"https:\/\/infobo.digital\/?p=6728\",\"url\":\"https:\/\/infobo.digital\/?p=6728\",\"name\":\"Ministro de Trabajo suspende di\u00e1logo por ausencia de la COB\",\"isPartOf\":{\"@id\":\"https:\/\/infobo.digital\/#website\"},\"primaryImageOfPage\":{\"@id\":\"https:\/\/infobo.digital\/?p=6728#primaryimage\"},\"image\":{\"@id\":\"https:\/\/infobo.digital\/?p=6728#primaryimage\"},\"thumbnailUrl\":\"https:\/\/infobo.digital\/wp-content\/uploads\/2026\/04\/noticias-unitel_101-15249019_20260429190304.webp\",\"datePublished\":\"2026-04-29T19:36:11+00:00\",\"dateModified\":\"2026-04-29T19:36:12+00:00\",\"description\":\"\u200eLa reuni\u00f3n estaba prevista con participaci\u00f3n del Gobierno, la COB y el sector empresarial para tratar el pliego y el incremento salarial\",\"breadcrumb\":{\"@id\":\"https:\/\/infobo.digital\/?p=6728#breadcrumb\"},\"inLanguage\":\"es\",\"potentialAction\":[{\"@type\":\"ReadAction\",\"target\":[\"https:\/\/infobo.digital\/?p=6728\"]}]},{\"@type\":\"ImageObject\",\"inLanguage\":\"es\",\"@id\":\"https:\/\/infobo.digital\/?p=6728#primaryimage\",\"url\":\"https:\/\/infobo.digital\/wp-content\/uploads\/2026\/04\/noticias-unitel_101-15249019_20260429190304.webp\",\"contentUrl\":\"https:\/\/infobo.digital\/wp-content\/uploads\/2026\/04\/noticias-unitel_101-15249019_20260429190304.webp\",\"width\":420,\"height\":280},{\"@type\":\"BreadcrumbList\",\"@id\":\"https:\/\/infobo.digital\/?p=6728#breadcrumb\",\"itemListElement\":[{\"@type\":\"ListItem\",\"position\":1,\"name\":\"Portada\",\"item\":\"https:\/\/infobo.digital\/\"},{\"@type\":\"ListItem\",\"position\":2,\"name\":\"Ministro de Trabajo suspende di\u00e1logo tripartito por ausencia de la COB\"}]},{\"@type\":\"WebSite\",\"@id\":\"https:\/\/infobo.digital\/#website\",\"url\":\"https:\/\/infobo.digital\/\",\"name\":\"Info Bolivia Digital\",\"description\":\"\",\"publisher\":{\"@id\":\"https:\/\/infobo.digital\/#organization\"},\"potentialAction\":[{\"@type\":\"SearchAction\",\"target\":{\"@type\":\"EntryPoint\",\"urlTemplate\":\"https:\/\/infobo.digital\/?s={search_term_string}\"},\"query-input\":{\"@type\":\"PropertyValueSpecification\",\"valueRequired\":true,\"valueName\":\"search_term_string\"}}],\"inLanguage\":\"es\"},{\"@type\":\"Organization\",\"@id\":\"https:\/\/infobo.digital\/#organization\",\"name\":\"Info Bolivia Digital\",\"alternateName\":\"Info Bolivia Digital\",\"url\":\"https:\/\/infobo.digital\/\",\"logo\":{\"@type\":\"ImageObject\",\"inLanguage\":\"es\",\"@id\":\"https:\/\/infobo.digital\/#\/schema\/logo\/image\/\",\"url\":\"https:\/\/infobo.digital\/wp-content\/uploads\/2024\/05\/cropped-logo-1.png\",\"contentUrl\":\"https:\/\/infobo.digital\/wp-content\/uploads\/2024\/05\/cropped-logo-1.png\",\"width\":3000,\"height\":999,\"caption\":\"Info Bolivia Digital\"},\"image\":{\"@id\":\"https:\/\/infobo.digital\/#\/schema\/logo\/image\/\"},\"sameAs\":[\"https:\/\/www.facebook.com\/profile.php?id=61560121555099&mibextid=qi2Omg&rdid=j3LLjPu1LdtSYmlZ\",\"https:\/\/www.tiktok.com\/@infodigital.bo?_t=8od23EgGmH8&_r=1\"]},{\"@type\":\"Person\",\"@id\":\"https:\/\/infobo.digital\/#\/schema\/person\/ecf650d5ce7363a55760f67687117a7a\",\"name\":\"Redacci\u00f3n General\",\"image\":{\"@type\":\"ImageObject\",\"inLanguage\":\"es\",\"@id\":\"https:\/\/infobo.digital\/#\/schema\/person\/image\/\",\"url\":\"https:\/\/secure.gravatar.com\/avatar\/97bd61f1308a28696179d42a05cfb514987ef11bd51bb8c6ad7056f2a513d186?s=96&d=mm&r=g\",\"contentUrl\":\"https:\/\/secure.gravatar.com\/avatar\/97bd61f1308a28696179d42a05cfb514987ef11bd51bb8c6ad7056f2a513d186?s=96&d=mm&r=g\",\"caption\":\"Redacci\u00f3n General\"},\"sameAs\":[\"https:\/\/infobo.digital\/\"]}]}<\/script>\n<!-- \/ Yoast SEO plugin. -->","yoast_head_json":{"title":"Ministro de Trabajo suspende di\u00e1logo por ausencia de la COB","description":"\u200eLa reuni\u00f3n estaba prevista con participaci\u00f3n del Gobierno, la COB y el sector empresarial para tratar el pliego y el incremento salarial","robots":{"index":"index","follow":"follow","max-snippet":"max-snippet:-1","max-image-preview":"max-image-preview:large","max-video-preview":"max-video-preview:-1"},"canonical":"https:\/\/infobo.digital\/?p=6728","og_locale":"es_ES","og_type":"article","og_title":"Ministro de Trabajo suspende di\u00e1logo por ausencia de la COB","og_description":"La reuni\u00f3n estaba prevista con participaci\u00f3n del Gobierno, la COB y el sector empresarial para tratar el pliego y el incremento salarial","og_url":"https:\/\/infobo.digital\/?p=6728","article_publisher":"https:\/\/www.facebook.com\/profile.php?id=61560121555099&mibextid=qi2Omg&rdid=j3LLjPu1LdtSYmlZ","article_published_time":"2026-04-29T19:36:11+00:00","article_modified_time":"2026-04-29T19:36:12+00:00","og_image":[{"width":420,"height":280,"url":"https:\/\/infobo.digital\/wp-content\/uploads\/2026\/04\/noticias-unitel_101-15249019_20260429190304.webp","type":"image\/webp"}],"author":"Redacci\u00f3n General","twitter_card":"summary_large_image","twitter_title":"Ministro de Trabajo suspende di\u00e1logo por ausencia de la COB","twitter_description":"La reuni\u00f3n estaba prevista con participaci\u00f3n del Gobierno, la COB y el sector empresarial para tratar el pliego y el incremento salarial","twitter_image":"https:\/\/infobo.digital\/wp-content\/uploads\/2026\/04\/noticias-unitel_101-15249019_20260429190304.webp","twitter_misc":{"Escrito por":"Redacci\u00f3n General","Tiempo de lectura":"2 minutos"},"schema":{"@context":"https:\/\/schema.org","@graph":[{"@type":"Article","@id":"https:\/\/infobo.digital\/?p=6728#article","isPartOf":{"@id":"https:\/\/infobo.digital\/?p=6728"},"author":{"name":"Redacci\u00f3n General","@id":"https:\/\/infobo.digital\/#\/schema\/person\/ecf650d5ce7363a55760f67687117a7a"},"headline":"Ministro de Trabajo suspende di\u00e1logo tripartito por ausencia de la COB","datePublished":"2026-04-29T19:36:11+00:00","dateModified":"2026-04-29T19:36:12+00:00","mainEntityOfPage":{"@id":"https:\/\/infobo.digital\/?p=6728"},"wordCount":265,"publisher":{"@id":"https:\/\/infobo.digital\/#organization"},"image":{"@id":"https:\/\/infobo.digital\/?p=6728#primaryimage"},"thumbnailUrl":"https:\/\/infobo.digital\/wp-content\/uploads\/2026\/04\/noticias-unitel_101-15249019_20260429190304.webp","keywords":["Ausencia","COB","Pliego Petitorio de Mineros","reuni\u00f3n"],"articleSection":["Econom\u00eda"],"inLanguage":"es"},{"@type":"WebPage","@id":"https:\/\/infobo.digital\/?p=6728","url":"https:\/\/infobo.digital\/?p=6728","name":"Ministro de Trabajo suspende di\u00e1logo por ausencia de la COB","isPartOf":{"@id":"https:\/\/infobo.digital\/#website"},"primaryImageOfPage":{"@id":"https:\/\/infobo.digital\/?p=6728#primaryimage"},"image":{"@id":"https:\/\/infobo.digital\/?p=6728#primaryimage"},"thumbnailUrl":"https:\/\/infobo.digital\/wp-content\/uploads\/2026\/04\/noticias-unitel_101-15249019_20260429190304.webp","datePublished":"2026-04-29T19:36:11+00:00","dateModified":"2026-04-29T19:36:12+00:00","description":"\u200eLa reuni\u00f3n estaba prevista con participaci\u00f3n del Gobierno, la COB y el sector empresarial para tratar el pliego y el incremento salarial","breadcrumb":{"@id":"https:\/\/infobo.digital\/?p=6728#breadcrumb"},"inLanguage":"es","potentialAction":[{"@type":"ReadAction","target":["https:\/\/infobo.digital\/?p=6728"]}]},{"@type":"ImageObject","inLanguage":"es","@id":"https:\/\/infobo.digital\/?p=6728#primaryimage","url":"https:\/\/infobo.digital\/wp-content\/uploads\/2026\/04\/noticias-unitel_101-15249019_20260429190304.webp","contentUrl":"https:\/\/infobo.digital\/wp-content\/uploads\/2026\/04\/noticias-unitel_101-15249019_20260429190304.webp","width":420,"height":280},{"@type":"BreadcrumbList","@id":"https:\/\/infobo.digital\/?p=6728#breadcrumb","itemListElement":[{"@type":"ListItem","position":1,"name":"Portada","item":"https:\/\/infobo.digital\/"},{"@type":"ListItem","position":2,"name":"Ministro de Trabajo suspende di\u00e1logo tripartito por ausencia de la COB"}]},{"@type":"WebSite","@id":"https:\/\/infobo.digital\/#website","url":"https:\/\/infobo.digital\/","name":"Info Bolivia Digital","description":"","publisher":{"@id":"https:\/\/infobo.digital\/#organization"},"potentialAction":[{"@type":"SearchAction","target":{"@type":"EntryPoint","urlTemplate":"https:\/\/infobo.digital\/?s={search_term_string}"},"query-input":{"@type":"PropertyValueSpecification","valueRequired":true,"valueName":"search_term_string"}}],"inLanguage":"es"},{"@type":"Organization","@id":"https:\/\/infobo.digital\/#organization","name":"Info Bolivia Digital","alternateName":"Info Bolivia Digital","url":"https:\/\/infobo.digital\/","logo":{"@type":"ImageObject","inLanguage":"es","@id":"https:\/\/infobo.digital\/#\/schema\/logo\/image\/","url":"https:\/\/infobo.digital\/wp-content\/uploads\/2024\/05\/cropped-logo-1.png","contentUrl":"https:\/\/infobo.digital\/wp-content\/uploads\/2024\/05\/cropped-logo-1.png","width":3000,"height":999,"caption":"Info Bolivia Digital"},"image":{"@id":"https:\/\/infobo.digital\/#\/schema\/logo\/image\/"},"sameAs":["https:\/\/www.facebook.com\/profile.php?id=61560121555099&mibextid=qi2Omg&rdid=j3LLjPu1LdtSYmlZ","https:\/\/www.tiktok.com\/@infodigital.bo?_t=8od23EgGmH8&_r=1"]},{"@type":"Person","@id":"https:\/\/infobo.digital\/#\/schema\/person\/ecf650d5ce7363a55760f67687117a7a","name":"Redacci\u00f3n General","image":{"@type":"ImageObject","inLanguage":"es","@id":"https:\/\/infobo.digital\/#\/schema\/person\/image\/","url":"https:\/\/secure.gravatar.com\/avatar\/97bd61f1308a28696179d42a05cfb514987ef11bd51bb8c6ad7056f2a513d186?s=96&d=mm&r=g","contentUrl":"https:\/\/secure.gravatar.com\/avatar\/97bd61f1308a28696179d42a05cfb514987ef11bd51bb8c6ad7056f2a513d186?s=96&d=mm&r=g","caption":"Redacci\u00f3n General"},"sameAs":["https:\/\/infobo.digital\/"]}]}},"jetpack_featured_media_url":"https:\/\/infobo.digital\/wp-content\/uploads\/2026\/04\/noticias-unitel_101-15249019_20260429190304.webp","jetpack_sharing_enabled":true,"_links":{"self":[{"href":"https:\/\/infobo.digital\/index.php?rest_route=\/wp\/v2\/posts\/6728","targetHints":{"allow":["GET"]}}],"collection":[{"href":"https:\/\/infobo.digital\/index.php?rest_route=\/wp\/v2\/posts"}],"about":[{"href":"https:\/\/infobo.digital\/index.php?rest_route=\/wp\/v2\/types\/post"}],"author":[{"embeddable":true,"href":"https:\/\/infobo.digital\/index.php?rest_route=\/wp\/v2\/users\/8"}],"replies":[{"embeddable":true,"href":"https:\/\/infobo.digital\/index.php?rest_route=%2Fwp%2Fv2%2Fcomments&post=6728"}],"version-history":[{"count":1,"href":"https:\/\/infobo.digital\/index.php?rest_route=\/wp\/v2\/posts\/6728\/revisions"}],"predecessor-version":[{"id":6730,"href":"https:\/\/infobo.digital\/index.php?rest_route=\/wp\/v2\/posts\/6728\/revisions\/6730"}],"wp:featuredmedia":[{"embeddable":true,"href":"https:\/\/infobo.digital\/index.php?rest_route=\/wp\/v2\/media\/6729"}],"wp:attachment":[{"href":"https:\/\/infobo.digital\/index.php?rest_route=%2Fwp%2Fv2%2Fmedia&parent=6728"}],"wp:term":[{"taxonomy":"category","embeddable":true,"href":"https:\/\/infobo.digital\/index.php?rest_route=%2Fwp%2Fv2%2Fcategories&post=6728"},{"taxonomy":"post_tag","embeddable":true,"href":"https:\/\/infobo.digital\/index.php?rest_route=%2Fwp%2Fv2%2Ftags&post=6728"}],"curies":[{"name":"wp","href":"https:\/\/api.w.org\/{rel}","templated":true}]}}