{"id":6731,"date":"2026-04-29T19:21:20","date_gmt":"2026-04-29T23:21:20","guid":{"rendered":"https:\/\/infobo.digital\/?p=6731"},"modified":"2026-04-29T19:21:22","modified_gmt":"2026-04-29T23:21:22","slug":"denuncian-financiamiento-politico-en-marcha-contra-la-ley-1720","status":"publish","type":"post","link":"https:\/\/infobo.digital\/?p=6731","title":{"rendered":"Denuncian financiamiento pol\u00edtico en marcha contra la Ley 1720"},"content":{"rendered":"\n<p><em>El exviceministro Ren\u00e9 Flores afirm\u00f3 que la movilizaci\u00f3n en rechazo a la norma estar\u00eda respaldada por exautoridades vinculadas al masismo. Tambi\u00e9n se\u00f1al\u00f3 que existen sectores de productores que apoyan la ley y piden su vigencia sin modificaciones.<\/em><\/p>\n\n\n\n<p><strong>\u200eLa Paz, 29 de abril de 2026 .\u2014 <\/strong>El exviceministro Ren\u00e9 Flores denunci\u00f3 que la marcha contra la Ley 1720 estar\u00eda siendo financiada por exautoridades y exparlamentarios vinculados al Movimiento al Socialismo (MAS). Seg\u00fan su declaraci\u00f3n, la movilizaci\u00f3n no responder\u00eda \u00fanicamente a demandas sectoriales, sino a una estrategia pol\u00edtica.<\/p>\n\n\n\n<p>Flores sostuvo que los manifestantes estar\u00edan siendo influenciados por figuras pol\u00edticas y sindicales, y asegur\u00f3 que parte de los participantes no conoce el contenido de la norma. Indic\u00f3 adem\u00e1s que, en su criterio, la oposici\u00f3n a la ley se alimenta de informaci\u00f3n incorrecta difundida entre productores.<\/p>\n\n\n\n<p>En su evaluaci\u00f3n del conflicto, el exviceministro afirm\u00f3 que la movilizaci\u00f3n busca generar un escenario de presi\u00f3n contra el Gobierno mediante la distorsi\u00f3n del alcance de la Ley 1720 y de los mecanismos previstos para la resoluci\u00f3n de controversias en el \u00e1mbito agrario.<\/p>\n\n\n\n<p>Por otro lado, se\u00f1al\u00f3 que varias federaciones de productores respaldan la normativa vigente y prev\u00e9n solicitar al Ejecutivo que no se introduzcan modificaciones. De acuerdo con su versi\u00f3n, estos sectores consideran que la ley constituye una herramienta v\u00e1lida para el sector.<\/p>\n\n\n\n<p>El debate en torno a la Ley 1720 contin\u00faa abierto y refleja posiciones divergentes entre distintos actores. Mientras algunos sectores mantienen su rechazo, otros expresan su apoyo, en un contexto marcado por denuncias y posturas contrapuestas sobre el contenido y los efectos de la norma.<\/p>\n","protected":false},"excerpt":{"rendered":"<p>El exviceministro Ren\u00e9 Flores afirm\u00f3 que la movilizaci\u00f3n en rechazo a la norma estar\u00eda respaldada por el MAS<\/p>\n","protected":false},"author":8,"featured_media":6733,"comment_status":"closed","ping_status":"closed","sticky":false,"template":"","format":"standard","meta":{"jetpack_post_was_ever_published":false,"_jetpack_newsletter_access":"","_jetpack_dont_email_post_to_subs":false,"_jetpack_newsletter_tier_id":0,"_jetpack_memberships_contains_paywalled_content":false,"_jetpack_memberships_contains_paid_content":false,"footnotes":""},"categories":[10],"tags":[1808,386,464,543],"class_list":["post-6731","post","type-post","status-publish","format-standard","has-post-thumbnail","hentry","category-politica","tag-financiamiento","tag-marcha","tag-mas","tag-politica"],"yoast_head":"<!-- This site is optimized with the Yoast SEO plugin v26.7 - https:\/\/yoast.com\/wordpress\/plugins\/seo\/ -->\n<title>Denuncian financiamiento pol\u00edtico en marcha contra la Ley 1720<\/title>\n<meta name=\"description\" content=\"El exviceministro Ren\u00e9 Flores afirm\u00f3 que la movilizaci\u00f3n en rechazo a la norma estar\u00eda respaldada por el MAS\" \/>\n<meta name=\"robots\" content=\"index, follow, max-snippet:-1, max-image-preview:large, max-video-preview:-1\" \/>\n<link rel=\"canonical\" href=\"https:\/\/infobo.digital\/?p=6731\" \/>\n<meta property=\"og:locale\" content=\"es_ES\" \/>\n<meta property=\"og:type\" content=\"article\" \/>\n<meta property=\"og:title\" content=\"Denuncian financiamiento pol\u00edtico en marcha contra la Ley 1720\" \/>\n<meta property=\"og:description\" content=\"El exviceministro Ren\u00e9 Flores afirm\u00f3 que la movilizaci\u00f3n en rechazo a la norma estar\u00eda respaldada por el MAS\" \/>\n<meta property=\"og:url\" content=\"https:\/\/infobo.digital\/?p=6731\" \/>\n<meta property=\"article:publisher\" content=\"https:\/\/www.facebook.com\/profile.php?id=61560121555099&amp;mibextid=qi2Omg&amp;rdid=j3LLjPu1LdtSYmlZ\" \/>\n<meta property=\"article:published_time\" content=\"2026-04-29T23:21:20+00:00\" \/>\n<meta property=\"article:modified_time\" content=\"2026-04-29T23:21:22+00:00\" \/>\n<meta property=\"og:image\" content=\"https:\/\/infobo.digital\/wp-content\/uploads\/2026\/04\/IMG20260429182505.jpg\" \/>\n\t<meta property=\"og:image:width\" content=\"987\" \/>\n\t<meta property=\"og:image:height\" content=\"992\" \/>\n\t<meta property=\"og:image:type\" content=\"image\/jpeg\" \/>\n<meta name=\"author\" content=\"Redacci\u00f3n General\" \/>\n<meta name=\"twitter:card\" content=\"summary_large_image\" \/>\n<meta name=\"twitter:title\" content=\"Denuncian financiamiento pol\u00edtico en marcha contra la Ley 1720\" \/>\n<meta name=\"twitter:description\" content=\"El exviceministro Ren\u00e9 Flores afirm\u00f3 que la movilizaci\u00f3n en rechazo a la norma estar\u00eda respaldada por el MAS\" \/>\n<meta name=\"twitter:image\" content=\"https:\/\/infobo.digital\/wp-content\/uploads\/2026\/04\/IMG20260429182505.jpg\" \/>\n<meta name=\"twitter:label1\" content=\"Escrito por\" \/>\n\t<meta name=\"twitter:data1\" content=\"Redacci\u00f3n General\" \/>\n\t<meta name=\"twitter:label2\" content=\"Tiempo de lectura\" \/>\n\t<meta name=\"twitter:data2\" content=\"2 minutos\" \/>\n<script type=\"application\/ld+json\" class=\"yoast-schema-graph\">{\"@context\":\"https:\/\/schema.org\",\"@graph\":[{\"@type\":\"Article\",\"@id\":\"https:\/\/infobo.digital\/?p=6731#article\",\"isPartOf\":{\"@id\":\"https:\/\/infobo.digital\/?p=6731\"},\"author\":{\"name\":\"Redacci\u00f3n General\",\"@id\":\"https:\/\/infobo.digital\/#\/schema\/person\/ecf650d5ce7363a55760f67687117a7a\"},\"headline\":\"Denuncian financiamiento pol\u00edtico en marcha contra la Ley 1720\",\"datePublished\":\"2026-04-29T23:21:20+00:00\",\"dateModified\":\"2026-04-29T23:21:22+00:00\",\"mainEntityOfPage\":{\"@id\":\"https:\/\/infobo.digital\/?p=6731\"},\"wordCount\":289,\"publisher\":{\"@id\":\"https:\/\/infobo.digital\/#organization\"},\"image\":{\"@id\":\"https:\/\/infobo.digital\/?p=6731#primaryimage\"},\"thumbnailUrl\":\"https:\/\/infobo.digital\/wp-content\/uploads\/2026\/04\/IMG20260429182505.jpg\",\"keywords\":[\"financiamiento\",\"Marcha\",\"MAS\",\"Pol\u00edtica\"],\"articleSection\":[\"Pol\u00edtica\"],\"inLanguage\":\"es\"},{\"@type\":\"WebPage\",\"@id\":\"https:\/\/infobo.digital\/?p=6731\",\"url\":\"https:\/\/infobo.digital\/?p=6731\",\"name\":\"Denuncian financiamiento pol\u00edtico en marcha contra la Ley 1720\",\"isPartOf\":{\"@id\":\"https:\/\/infobo.digital\/#website\"},\"primaryImageOfPage\":{\"@id\":\"https:\/\/infobo.digital\/?p=6731#primaryimage\"},\"image\":{\"@id\":\"https:\/\/infobo.digital\/?p=6731#primaryimage\"},\"thumbnailUrl\":\"https:\/\/infobo.digital\/wp-content\/uploads\/2026\/04\/IMG20260429182505.jpg\",\"datePublished\":\"2026-04-29T23:21:20+00:00\",\"dateModified\":\"2026-04-29T23:21:22+00:00\",\"description\":\"El exviceministro Ren\u00e9 Flores afirm\u00f3 que la movilizaci\u00f3n en rechazo a la norma estar\u00eda respaldada por el MAS\",\"breadcrumb\":{\"@id\":\"https:\/\/infobo.digital\/?p=6731#breadcrumb\"},\"inLanguage\":\"es\",\"potentialAction\":[{\"@type\":\"ReadAction\",\"target\":[\"https:\/\/infobo.digital\/?p=6731\"]}]},{\"@type\":\"ImageObject\",\"inLanguage\":\"es\",\"@id\":\"https:\/\/infobo.digital\/?p=6731#primaryimage\",\"url\":\"https:\/\/infobo.digital\/wp-content\/uploads\/2026\/04\/IMG20260429182505.jpg\",\"contentUrl\":\"https:\/\/infobo.digital\/wp-content\/uploads\/2026\/04\/IMG20260429182505.jpg\",\"width\":987,\"height\":992},{\"@type\":\"BreadcrumbList\",\"@id\":\"https:\/\/infobo.digital\/?p=6731#breadcrumb\",\"itemListElement\":[{\"@type\":\"ListItem\",\"position\":1,\"name\":\"Portada\",\"item\":\"https:\/\/infobo.digital\/\"},{\"@type\":\"ListItem\",\"position\":2,\"name\":\"Denuncian financiamiento pol\u00edtico en marcha contra la Ley 1720\"}]},{\"@type\":\"WebSite\",\"@id\":\"https:\/\/infobo.digital\/#website\",\"url\":\"https:\/\/infobo.digital\/\",\"name\":\"Info Bolivia Digital\",\"description\":\"\",\"publisher\":{\"@id\":\"https:\/\/infobo.digital\/#organization\"},\"potentialAction\":[{\"@type\":\"SearchAction\",\"target\":{\"@type\":\"EntryPoint\",\"urlTemplate\":\"https:\/\/infobo.digital\/?s={search_term_string}\"},\"query-input\":{\"@type\":\"PropertyValueSpecification\",\"valueRequired\":true,\"valueName\":\"search_term_string\"}}],\"inLanguage\":\"es\"},{\"@type\":\"Organization\",\"@id\":\"https:\/\/infobo.digital\/#organization\",\"name\":\"Info Bolivia Digital\",\"alternateName\":\"Info Bolivia Digital\",\"url\":\"https:\/\/infobo.digital\/\",\"logo\":{\"@type\":\"ImageObject\",\"inLanguage\":\"es\",\"@id\":\"https:\/\/infobo.digital\/#\/schema\/logo\/image\/\",\"url\":\"https:\/\/infobo.digital\/wp-content\/uploads\/2024\/05\/cropped-logo-1.png\",\"contentUrl\":\"https:\/\/infobo.digital\/wp-content\/uploads\/2024\/05\/cropped-logo-1.png\",\"width\":3000,\"height\":999,\"caption\":\"Info Bolivia Digital\"},\"image\":{\"@id\":\"https:\/\/infobo.digital\/#\/schema\/logo\/image\/\"},\"sameAs\":[\"https:\/\/www.facebook.com\/profile.php?id=61560121555099&mibextid=qi2Omg&rdid=j3LLjPu1LdtSYmlZ\",\"https:\/\/www.tiktok.com\/@infodigital.bo?_t=8od23EgGmH8&_r=1\"]},{\"@type\":\"Person\",\"@id\":\"https:\/\/infobo.digital\/#\/schema\/person\/ecf650d5ce7363a55760f67687117a7a\",\"name\":\"Redacci\u00f3n General\",\"image\":{\"@type\":\"ImageObject\",\"inLanguage\":\"es\",\"@id\":\"https:\/\/infobo.digital\/#\/schema\/person\/image\/\",\"url\":\"https:\/\/secure.gravatar.com\/avatar\/97bd61f1308a28696179d42a05cfb514987ef11bd51bb8c6ad7056f2a513d186?s=96&d=mm&r=g\",\"contentUrl\":\"https:\/\/secure.gravatar.com\/avatar\/97bd61f1308a28696179d42a05cfb514987ef11bd51bb8c6ad7056f2a513d186?s=96&d=mm&r=g\",\"caption\":\"Redacci\u00f3n General\"},\"sameAs\":[\"https:\/\/infobo.digital\/\"]}]}<\/script>\n<!-- \/ Yoast SEO plugin. -->","yoast_head_json":{"title":"Denuncian financiamiento pol\u00edtico en marcha contra la Ley 1720","description":"El exviceministro Ren\u00e9 Flores afirm\u00f3 que la movilizaci\u00f3n en rechazo a la norma estar\u00eda respaldada por el MAS","robots":{"index":"index","follow":"follow","max-snippet":"max-snippet:-1","max-image-preview":"max-image-preview:large","max-video-preview":"max-video-preview:-1"},"canonical":"https:\/\/infobo.digital\/?p=6731","og_locale":"es_ES","og_type":"article","og_title":"Denuncian financiamiento pol\u00edtico en marcha contra la Ley 1720","og_description":"El exviceministro Ren\u00e9 Flores afirm\u00f3 que la movilizaci\u00f3n en rechazo a la norma estar\u00eda respaldada por el MAS","og_url":"https:\/\/infobo.digital\/?p=6731","article_publisher":"https:\/\/www.facebook.com\/profile.php?id=61560121555099&mibextid=qi2Omg&rdid=j3LLjPu1LdtSYmlZ","article_published_time":"2026-04-29T23:21:20+00:00","article_modified_time":"2026-04-29T23:21:22+00:00","og_image":[{"width":987,"height":992,"url":"https:\/\/infobo.digital\/wp-content\/uploads\/2026\/04\/IMG20260429182505.jpg","type":"image\/jpeg"}],"author":"Redacci\u00f3n General","twitter_card":"summary_large_image","twitter_title":"Denuncian financiamiento pol\u00edtico en marcha contra la Ley 1720","twitter_description":"El exviceministro Ren\u00e9 Flores afirm\u00f3 que la movilizaci\u00f3n en rechazo a la norma estar\u00eda respaldada por el MAS","twitter_image":"https:\/\/infobo.digital\/wp-content\/uploads\/2026\/04\/IMG20260429182505.jpg","twitter_misc":{"Escrito por":"Redacci\u00f3n General","Tiempo de lectura":"2 minutos"},"schema":{"@context":"https:\/\/schema.org","@graph":[{"@type":"Article","@id":"https:\/\/infobo.digital\/?p=6731#article","isPartOf":{"@id":"https:\/\/infobo.digital\/?p=6731"},"author":{"name":"Redacci\u00f3n General","@id":"https:\/\/infobo.digital\/#\/schema\/person\/ecf650d5ce7363a55760f67687117a7a"},"headline":"Denuncian financiamiento pol\u00edtico en marcha contra la Ley 1720","datePublished":"2026-04-29T23:21:20+00:00","dateModified":"2026-04-29T23:21:22+00:00","mainEntityOfPage":{"@id":"https:\/\/infobo.digital\/?p=6731"},"wordCount":289,"publisher":{"@id":"https:\/\/infobo.digital\/#organization"},"image":{"@id":"https:\/\/infobo.digital\/?p=6731#primaryimage"},"thumbnailUrl":"https:\/\/infobo.digital\/wp-content\/uploads\/2026\/04\/IMG20260429182505.jpg","keywords":["financiamiento","Marcha","MAS","Pol\u00edtica"],"articleSection":["Pol\u00edtica"],"inLanguage":"es"},{"@type":"WebPage","@id":"https:\/\/infobo.digital\/?p=6731","url":"https:\/\/infobo.digital\/?p=6731","name":"Denuncian financiamiento pol\u00edtico en marcha contra la Ley 1720","isPartOf":{"@id":"https:\/\/infobo.digital\/#website"},"primaryImageOfPage":{"@id":"https:\/\/infobo.digital\/?p=6731#primaryimage"},"image":{"@id":"https:\/\/infobo.digital\/?p=6731#primaryimage"},"thumbnailUrl":"https:\/\/infobo.digital\/wp-content\/uploads\/2026\/04\/IMG20260429182505.jpg","datePublished":"2026-04-29T23:21:20+00:00","dateModified":"2026-04-29T23:21:22+00:00","description":"El exviceministro Ren\u00e9 Flores afirm\u00f3 que la movilizaci\u00f3n en rechazo a la norma estar\u00eda respaldada por el MAS","breadcrumb":{"@id":"https:\/\/infobo.digital\/?p=6731#breadcrumb"},"inLanguage":"es","potentialAction":[{"@type":"ReadAction","target":["https:\/\/infobo.digital\/?p=6731"]}]},{"@type":"ImageObject","inLanguage":"es","@id":"https:\/\/infobo.digital\/?p=6731#primaryimage","url":"https:\/\/infobo.digital\/wp-content\/uploads\/2026\/04\/IMG20260429182505.jpg","contentUrl":"https:\/\/infobo.digital\/wp-content\/uploads\/2026\/04\/IMG20260429182505.jpg","width":987,"height":992},{"@type":"BreadcrumbList","@id":"https:\/\/infobo.digital\/?p=6731#breadcrumb","itemListElement":[{"@type":"ListItem","position":1,"name":"Portada","item":"https:\/\/infobo.digital\/"},{"@type":"ListItem","position":2,"name":"Denuncian financiamiento pol\u00edtico en marcha contra la Ley 1720"}]},{"@type":"WebSite","@id":"https:\/\/infobo.digital\/#website","url":"https:\/\/infobo.digital\/","name":"Info Bolivia Digital","description":"","publisher":{"@id":"https:\/\/infobo.digital\/#organization"},"potentialAction":[{"@type":"SearchAction","target":{"@type":"EntryPoint","urlTemplate":"https:\/\/infobo.digital\/?s={search_term_string}"},"query-input":{"@type":"PropertyValueSpecification","valueRequired":true,"valueName":"search_term_string"}}],"inLanguage":"es"},{"@type":"Organization","@id":"https:\/\/infobo.digital\/#organization","name":"Info Bolivia Digital","alternateName":"Info Bolivia Digital","url":"https:\/\/infobo.digital\/","logo":{"@type":"ImageObject","inLanguage":"es","@id":"https:\/\/infobo.digital\/#\/schema\/logo\/image\/","url":"https:\/\/infobo.digital\/wp-content\/uploads\/2024\/05\/cropped-logo-1.png","contentUrl":"https:\/\/infobo.digital\/wp-content\/uploads\/2024\/05\/cropped-logo-1.png","width":3000,"height":999,"caption":"Info Bolivia Digital"},"image":{"@id":"https:\/\/infobo.digital\/#\/schema\/logo\/image\/"},"sameAs":["https:\/\/www.facebook.com\/profile.php?id=61560121555099&mibextid=qi2Omg&rdid=j3LLjPu1LdtSYmlZ","https:\/\/www.tiktok.com\/@infodigital.bo?_t=8od23EgGmH8&_r=1"]},{"@type":"Person","@id":"https:\/\/infobo.digital\/#\/schema\/person\/ecf650d5ce7363a55760f67687117a7a","name":"Redacci\u00f3n General","image":{"@type":"ImageObject","inLanguage":"es","@id":"https:\/\/infobo.digital\/#\/schema\/person\/image\/","url":"https:\/\/secure.gravatar.com\/avatar\/97bd61f1308a28696179d42a05cfb514987ef11bd51bb8c6ad7056f2a513d186?s=96&d=mm&r=g","contentUrl":"https:\/\/secure.gravatar.com\/avatar\/97bd61f1308a28696179d42a05cfb514987ef11bd51bb8c6ad7056f2a513d186?s=96&d=mm&r=g","caption":"Redacci\u00f3n General"},"sameAs":["https:\/\/infobo.digital\/"]}]}},"jetpack_featured_media_url":"https:\/\/infobo.digital\/wp-content\/uploads\/2026\/04\/IMG20260429182505.jpg","jetpack_sharing_enabled":true,"_links":{"self":[{"href":"https:\/\/infobo.digital\/index.php?rest_route=\/wp\/v2\/posts\/6731","targetHints":{"allow":["GET"]}}],"collection":[{"href":"https:\/\/infobo.digital\/index.php?rest_route=\/wp\/v2\/posts"}],"about":[{"href":"https:\/\/infobo.digital\/index.php?rest_route=\/wp\/v2\/types\/post"}],"author":[{"embeddable":true,"href":"https:\/\/infobo.digital\/index.php?rest_route=\/wp\/v2\/users\/8"}],"replies":[{"embeddable":true,"href":"https:\/\/infobo.digital\/index.php?rest_route=%2Fwp%2Fv2%2Fcomments&post=6731"}],"version-history":[{"count":1,"href":"https:\/\/infobo.digital\/index.php?rest_route=\/wp\/v2\/posts\/6731\/revisions"}],"predecessor-version":[{"id":6734,"href":"https:\/\/infobo.digital\/index.php?rest_route=\/wp\/v2\/posts\/6731\/revisions\/6734"}],"wp:featuredmedia":[{"embeddable":true,"href":"https:\/\/infobo.digital\/index.php?rest_route=\/wp\/v2\/media\/6733"}],"wp:attachment":[{"href":"https:\/\/infobo.digital\/index.php?rest_route=%2Fwp%2Fv2%2Fmedia&parent=6731"}],"wp:term":[{"taxonomy":"category","embeddable":true,"href":"https:\/\/infobo.digital\/index.php?rest_route=%2Fwp%2Fv2%2Fcategories&post=6731"},{"taxonomy":"post_tag","embeddable":true,"href":"https:\/\/infobo.digital\/index.php?rest_route=%2Fwp%2Fv2%2Ftags&post=6731"}],"curies":[{"name":"wp","href":"https:\/\/api.w.org\/{rel}","templated":true}]}}