{"id":6735,"date":"2026-04-30T11:52:55","date_gmt":"2026-04-30T15:52:55","guid":{"rendered":"https:\/\/infobo.digital\/?p=6735"},"modified":"2026-04-30T11:52:56","modified_gmt":"2026-04-30T15:52:56","slug":"gobierno-amplia-programa-de-conversion-a-gnv-para-vehiculos","status":"publish","type":"post","link":"https:\/\/infobo.digital\/?p=6735","title":{"rendered":"Gobierno ampl\u00eda programa de conversi\u00f3n a GNV para veh\u00edculos"},"content":{"rendered":"\n<p><em>La iniciativa busca agilizar la provisi\u00f3n de kits, reforzar talleres y facilitar el acceso al gas natural vehicular para el transporte en el pa\u00eds.<\/em>\u200e<\/p>\n\n\n\n<p><strong>La Paz, 30 de abril de 2026 .\u2014<\/strong> El Gobierno anunci\u00f3 la expansi\u00f3n del Programa Nacional de Reconversi\u00f3n Vehicular a Gas Natural Vehicular (GNV), con el objetivo de mejorar el acceso a este combustible en el parque automotor y reducir los costos asociados al uso de carburantes l\u00edquidos.<\/p>\n\n\n\n<p>Seg\u00fan inform\u00f3 el ministro de Obras P\u00fablicas, la medida se implementa en coordinaci\u00f3n con el Ministerio de Hidrocarburos e incluye la adquisici\u00f3n de cilindros, as\u00ed como la aplicaci\u00f3n de mecanismos destinados a optimizar los procesos de conversi\u00f3n, mantenimiento y reposici\u00f3n de equipos.<\/p>\n\n\n\n<p>De acuerdo con datos oficiales, se instruy\u00f3 a la Entidad Ejecutora de Conversi\u00f3n a GNV (EEC-GNV) a reducir los tiempos de provisi\u00f3n de cilindros, kits de conversi\u00f3n y repuestos. Asimismo, se contempla la ampliaci\u00f3n de la red de talleres especializados mediante la contrataci\u00f3n de nuevos establecimientos.<\/p>\n\n\n\n<p>El Ejecutivo se\u00f1al\u00f3 que la iniciativa responde a la demanda del sector del transporte por alternativas de menor costo en el contexto actual de precios de combustibles. La expansi\u00f3n del programa apunta tambi\u00e9n a promover el uso de gas natural como parte de una transici\u00f3n en la matriz energ\u00e9tica del transporte<\/p>\n","protected":false},"excerpt":{"rendered":"<p>La iniciativa busca agilizar la provisi\u00f3n de kits, reforzar talleres y facilitar el acceso al gas natural vehicular para el transporte.<\/p>\n","protected":false},"author":8,"featured_media":6736,"comment_status":"closed","ping_status":"closed","sticky":false,"template":"","format":"standard","meta":{"jetpack_post_was_ever_published":false,"_jetpack_newsletter_access":"","_jetpack_dont_email_post_to_subs":false,"_jetpack_newsletter_tier_id":0,"_jetpack_memberships_contains_paywalled_content":false,"_jetpack_memberships_contains_paid_content":false,"footnotes":""},"categories":[5],"tags":[2771,639,2770,190,2577],"class_list":["post-6735","post","type-post","status-publish","format-standard","has-post-thumbnail","hentry","category-economia","tag-conversacion","tag-gas","tag-gnv","tag-gobierno","tag-vehiculos-2"],"yoast_head":"<!-- This site is optimized with the Yoast SEO plugin v26.7 - https:\/\/yoast.com\/wordpress\/plugins\/seo\/ -->\n<title>Gobierno ampl\u00eda programa de conversi\u00f3n a GNV para veh\u00edculos<\/title>\n<meta name=\"description\" content=\"La iniciativa busca agilizar la provisi\u00f3n de kits, reforzar talleres y facilitar el acceso al gas natural vehicular para el transporte.\" \/>\n<meta name=\"robots\" content=\"index, follow, max-snippet:-1, max-image-preview:large, max-video-preview:-1\" \/>\n<link rel=\"canonical\" href=\"https:\/\/infobo.digital\/?p=6735\" \/>\n<meta property=\"og:locale\" content=\"es_ES\" \/>\n<meta property=\"og:type\" content=\"article\" \/>\n<meta property=\"og:title\" content=\"Gobierno ampl\u00eda programa de conversi\u00f3n a GNV para veh\u00edculos\" \/>\n<meta property=\"og:description\" content=\"La iniciativa busca agilizar la provisi\u00f3n de kits, reforzar talleres y facilitar el acceso al gas natural vehicular para el transporte.\" \/>\n<meta property=\"og:url\" content=\"https:\/\/infobo.digital\/?p=6735\" \/>\n<meta property=\"article:publisher\" content=\"https:\/\/www.facebook.com\/profile.php?id=61560121555099&amp;mibextid=qi2Omg&amp;rdid=j3LLjPu1LdtSYmlZ\" \/>\n<meta property=\"article:published_time\" content=\"2026-04-30T15:52:55+00:00\" \/>\n<meta property=\"article:modified_time\" content=\"2026-04-30T15:52:56+00:00\" \/>\n<meta property=\"og:image\" content=\"https:\/\/infobo.digital\/wp-content\/uploads\/2026\/04\/1777556817603.webp\" \/>\n\t<meta property=\"og:image:width\" content=\"400\" \/>\n\t<meta property=\"og:image:height\" content=\"225\" \/>\n\t<meta property=\"og:image:type\" content=\"image\/webp\" \/>\n<meta name=\"author\" content=\"Redacci\u00f3n General\" \/>\n<meta name=\"twitter:card\" content=\"summary_large_image\" \/>\n<meta name=\"twitter:title\" content=\"Gobierno ampl\u00eda programa de conversi\u00f3n a GNV para veh\u00edculos\" \/>\n<meta name=\"twitter:description\" content=\"La iniciativa busca agilizar la provisi\u00f3n de kits, reforzar talleres y facilitar el acceso al gas natural vehicular para el transporte.\" \/>\n<meta name=\"twitter:image\" content=\"https:\/\/infobo.digital\/wp-content\/uploads\/2026\/04\/1777556817603.webp\" \/>\n<meta name=\"twitter:label1\" content=\"Escrito por\" \/>\n\t<meta name=\"twitter:data1\" content=\"Redacci\u00f3n General\" \/>\n\t<meta name=\"twitter:label2\" content=\"Tiempo de lectura\" \/>\n\t<meta name=\"twitter:data2\" content=\"2 minutos\" \/>\n<script type=\"application\/ld+json\" class=\"yoast-schema-graph\">{\"@context\":\"https:\/\/schema.org\",\"@graph\":[{\"@type\":\"Article\",\"@id\":\"https:\/\/infobo.digital\/?p=6735#article\",\"isPartOf\":{\"@id\":\"https:\/\/infobo.digital\/?p=6735\"},\"author\":{\"name\":\"Redacci\u00f3n General\",\"@id\":\"https:\/\/infobo.digital\/#\/schema\/person\/ecf650d5ce7363a55760f67687117a7a\"},\"headline\":\"Gobierno ampl\u00eda programa de conversi\u00f3n a GNV para veh\u00edculos\",\"datePublished\":\"2026-04-30T15:52:55+00:00\",\"dateModified\":\"2026-04-30T15:52:56+00:00\",\"mainEntityOfPage\":{\"@id\":\"https:\/\/infobo.digital\/?p=6735\"},\"wordCount\":242,\"publisher\":{\"@id\":\"https:\/\/infobo.digital\/#organization\"},\"image\":{\"@id\":\"https:\/\/infobo.digital\/?p=6735#primaryimage\"},\"thumbnailUrl\":\"https:\/\/infobo.digital\/wp-content\/uploads\/2026\/04\/1777556817603.webp\",\"keywords\":[\"Conversaci\u00f3n\",\"gas\",\"GNV\",\"Gobierno\",\"Veh\u00edculos\"],\"articleSection\":[\"Econom\u00eda\"],\"inLanguage\":\"es\"},{\"@type\":\"WebPage\",\"@id\":\"https:\/\/infobo.digital\/?p=6735\",\"url\":\"https:\/\/infobo.digital\/?p=6735\",\"name\":\"Gobierno ampl\u00eda programa de conversi\u00f3n a GNV para veh\u00edculos\",\"isPartOf\":{\"@id\":\"https:\/\/infobo.digital\/#website\"},\"primaryImageOfPage\":{\"@id\":\"https:\/\/infobo.digital\/?p=6735#primaryimage\"},\"image\":{\"@id\":\"https:\/\/infobo.digital\/?p=6735#primaryimage\"},\"thumbnailUrl\":\"https:\/\/infobo.digital\/wp-content\/uploads\/2026\/04\/1777556817603.webp\",\"datePublished\":\"2026-04-30T15:52:55+00:00\",\"dateModified\":\"2026-04-30T15:52:56+00:00\",\"description\":\"La iniciativa busca agilizar la provisi\u00f3n de kits, reforzar talleres y facilitar el acceso al gas natural vehicular para el transporte.\",\"breadcrumb\":{\"@id\":\"https:\/\/infobo.digital\/?p=6735#breadcrumb\"},\"inLanguage\":\"es\",\"potentialAction\":[{\"@type\":\"ReadAction\",\"target\":[\"https:\/\/infobo.digital\/?p=6735\"]}]},{\"@type\":\"ImageObject\",\"inLanguage\":\"es\",\"@id\":\"https:\/\/infobo.digital\/?p=6735#primaryimage\",\"url\":\"https:\/\/infobo.digital\/wp-content\/uploads\/2026\/04\/1777556817603.webp\",\"contentUrl\":\"https:\/\/infobo.digital\/wp-content\/uploads\/2026\/04\/1777556817603.webp\",\"width\":400,\"height\":225},{\"@type\":\"BreadcrumbList\",\"@id\":\"https:\/\/infobo.digital\/?p=6735#breadcrumb\",\"itemListElement\":[{\"@type\":\"ListItem\",\"position\":1,\"name\":\"Portada\",\"item\":\"https:\/\/infobo.digital\/\"},{\"@type\":\"ListItem\",\"position\":2,\"name\":\"Gobierno ampl\u00eda programa de conversi\u00f3n a GNV para veh\u00edculos\"}]},{\"@type\":\"WebSite\",\"@id\":\"https:\/\/infobo.digital\/#website\",\"url\":\"https:\/\/infobo.digital\/\",\"name\":\"Info Bolivia Digital\",\"description\":\"\",\"publisher\":{\"@id\":\"https:\/\/infobo.digital\/#organization\"},\"potentialAction\":[{\"@type\":\"SearchAction\",\"target\":{\"@type\":\"EntryPoint\",\"urlTemplate\":\"https:\/\/infobo.digital\/?s={search_term_string}\"},\"query-input\":{\"@type\":\"PropertyValueSpecification\",\"valueRequired\":true,\"valueName\":\"search_term_string\"}}],\"inLanguage\":\"es\"},{\"@type\":\"Organization\",\"@id\":\"https:\/\/infobo.digital\/#organization\",\"name\":\"Info Bolivia Digital\",\"alternateName\":\"Info Bolivia Digital\",\"url\":\"https:\/\/infobo.digital\/\",\"logo\":{\"@type\":\"ImageObject\",\"inLanguage\":\"es\",\"@id\":\"https:\/\/infobo.digital\/#\/schema\/logo\/image\/\",\"url\":\"https:\/\/infobo.digital\/wp-content\/uploads\/2024\/05\/cropped-logo-1.png\",\"contentUrl\":\"https:\/\/infobo.digital\/wp-content\/uploads\/2024\/05\/cropped-logo-1.png\",\"width\":3000,\"height\":999,\"caption\":\"Info Bolivia Digital\"},\"image\":{\"@id\":\"https:\/\/infobo.digital\/#\/schema\/logo\/image\/\"},\"sameAs\":[\"https:\/\/www.facebook.com\/profile.php?id=61560121555099&mibextid=qi2Omg&rdid=j3LLjPu1LdtSYmlZ\",\"https:\/\/www.tiktok.com\/@infodigital.bo?_t=8od23EgGmH8&_r=1\"]},{\"@type\":\"Person\",\"@id\":\"https:\/\/infobo.digital\/#\/schema\/person\/ecf650d5ce7363a55760f67687117a7a\",\"name\":\"Redacci\u00f3n General\",\"image\":{\"@type\":\"ImageObject\",\"inLanguage\":\"es\",\"@id\":\"https:\/\/infobo.digital\/#\/schema\/person\/image\/\",\"url\":\"https:\/\/secure.gravatar.com\/avatar\/97bd61f1308a28696179d42a05cfb514987ef11bd51bb8c6ad7056f2a513d186?s=96&d=mm&r=g\",\"contentUrl\":\"https:\/\/secure.gravatar.com\/avatar\/97bd61f1308a28696179d42a05cfb514987ef11bd51bb8c6ad7056f2a513d186?s=96&d=mm&r=g\",\"caption\":\"Redacci\u00f3n General\"},\"sameAs\":[\"https:\/\/infobo.digital\/\"]}]}<\/script>\n<!-- \/ Yoast SEO plugin. -->","yoast_head_json":{"title":"Gobierno ampl\u00eda programa de conversi\u00f3n a GNV para veh\u00edculos","description":"La iniciativa busca agilizar la provisi\u00f3n de kits, reforzar talleres y facilitar el acceso al gas natural vehicular para el transporte.","robots":{"index":"index","follow":"follow","max-snippet":"max-snippet:-1","max-image-preview":"max-image-preview:large","max-video-preview":"max-video-preview:-1"},"canonical":"https:\/\/infobo.digital\/?p=6735","og_locale":"es_ES","og_type":"article","og_title":"Gobierno ampl\u00eda programa de conversi\u00f3n a GNV para veh\u00edculos","og_description":"La iniciativa busca agilizar la provisi\u00f3n de kits, reforzar talleres y facilitar el acceso al gas natural vehicular para el transporte.","og_url":"https:\/\/infobo.digital\/?p=6735","article_publisher":"https:\/\/www.facebook.com\/profile.php?id=61560121555099&mibextid=qi2Omg&rdid=j3LLjPu1LdtSYmlZ","article_published_time":"2026-04-30T15:52:55+00:00","article_modified_time":"2026-04-30T15:52:56+00:00","og_image":[{"width":400,"height":225,"url":"https:\/\/infobo.digital\/wp-content\/uploads\/2026\/04\/1777556817603.webp","type":"image\/webp"}],"author":"Redacci\u00f3n General","twitter_card":"summary_large_image","twitter_title":"Gobierno ampl\u00eda programa de conversi\u00f3n a GNV para veh\u00edculos","twitter_description":"La iniciativa busca agilizar la provisi\u00f3n de kits, reforzar talleres y facilitar el acceso al gas natural vehicular para el transporte.","twitter_image":"https:\/\/infobo.digital\/wp-content\/uploads\/2026\/04\/1777556817603.webp","twitter_misc":{"Escrito por":"Redacci\u00f3n General","Tiempo de lectura":"2 minutos"},"schema":{"@context":"https:\/\/schema.org","@graph":[{"@type":"Article","@id":"https:\/\/infobo.digital\/?p=6735#article","isPartOf":{"@id":"https:\/\/infobo.digital\/?p=6735"},"author":{"name":"Redacci\u00f3n General","@id":"https:\/\/infobo.digital\/#\/schema\/person\/ecf650d5ce7363a55760f67687117a7a"},"headline":"Gobierno ampl\u00eda programa de conversi\u00f3n a GNV para veh\u00edculos","datePublished":"2026-04-30T15:52:55+00:00","dateModified":"2026-04-30T15:52:56+00:00","mainEntityOfPage":{"@id":"https:\/\/infobo.digital\/?p=6735"},"wordCount":242,"publisher":{"@id":"https:\/\/infobo.digital\/#organization"},"image":{"@id":"https:\/\/infobo.digital\/?p=6735#primaryimage"},"thumbnailUrl":"https:\/\/infobo.digital\/wp-content\/uploads\/2026\/04\/1777556817603.webp","keywords":["Conversaci\u00f3n","gas","GNV","Gobierno","Veh\u00edculos"],"articleSection":["Econom\u00eda"],"inLanguage":"es"},{"@type":"WebPage","@id":"https:\/\/infobo.digital\/?p=6735","url":"https:\/\/infobo.digital\/?p=6735","name":"Gobierno ampl\u00eda programa de conversi\u00f3n a GNV para veh\u00edculos","isPartOf":{"@id":"https:\/\/infobo.digital\/#website"},"primaryImageOfPage":{"@id":"https:\/\/infobo.digital\/?p=6735#primaryimage"},"image":{"@id":"https:\/\/infobo.digital\/?p=6735#primaryimage"},"thumbnailUrl":"https:\/\/infobo.digital\/wp-content\/uploads\/2026\/04\/1777556817603.webp","datePublished":"2026-04-30T15:52:55+00:00","dateModified":"2026-04-30T15:52:56+00:00","description":"La iniciativa busca agilizar la provisi\u00f3n de kits, reforzar talleres y facilitar el acceso al gas natural vehicular para el transporte.","breadcrumb":{"@id":"https:\/\/infobo.digital\/?p=6735#breadcrumb"},"inLanguage":"es","potentialAction":[{"@type":"ReadAction","target":["https:\/\/infobo.digital\/?p=6735"]}]},{"@type":"ImageObject","inLanguage":"es","@id":"https:\/\/infobo.digital\/?p=6735#primaryimage","url":"https:\/\/infobo.digital\/wp-content\/uploads\/2026\/04\/1777556817603.webp","contentUrl":"https:\/\/infobo.digital\/wp-content\/uploads\/2026\/04\/1777556817603.webp","width":400,"height":225},{"@type":"BreadcrumbList","@id":"https:\/\/infobo.digital\/?p=6735#breadcrumb","itemListElement":[{"@type":"ListItem","position":1,"name":"Portada","item":"https:\/\/infobo.digital\/"},{"@type":"ListItem","position":2,"name":"Gobierno ampl\u00eda programa de conversi\u00f3n a GNV para veh\u00edculos"}]},{"@type":"WebSite","@id":"https:\/\/infobo.digital\/#website","url":"https:\/\/infobo.digital\/","name":"Info Bolivia Digital","description":"","publisher":{"@id":"https:\/\/infobo.digital\/#organization"},"potentialAction":[{"@type":"SearchAction","target":{"@type":"EntryPoint","urlTemplate":"https:\/\/infobo.digital\/?s={search_term_string}"},"query-input":{"@type":"PropertyValueSpecification","valueRequired":true,"valueName":"search_term_string"}}],"inLanguage":"es"},{"@type":"Organization","@id":"https:\/\/infobo.digital\/#organization","name":"Info Bolivia Digital","alternateName":"Info Bolivia Digital","url":"https:\/\/infobo.digital\/","logo":{"@type":"ImageObject","inLanguage":"es","@id":"https:\/\/infobo.digital\/#\/schema\/logo\/image\/","url":"https:\/\/infobo.digital\/wp-content\/uploads\/2024\/05\/cropped-logo-1.png","contentUrl":"https:\/\/infobo.digital\/wp-content\/uploads\/2024\/05\/cropped-logo-1.png","width":3000,"height":999,"caption":"Info Bolivia Digital"},"image":{"@id":"https:\/\/infobo.digital\/#\/schema\/logo\/image\/"},"sameAs":["https:\/\/www.facebook.com\/profile.php?id=61560121555099&mibextid=qi2Omg&rdid=j3LLjPu1LdtSYmlZ","https:\/\/www.tiktok.com\/@infodigital.bo?_t=8od23EgGmH8&_r=1"]},{"@type":"Person","@id":"https:\/\/infobo.digital\/#\/schema\/person\/ecf650d5ce7363a55760f67687117a7a","name":"Redacci\u00f3n General","image":{"@type":"ImageObject","inLanguage":"es","@id":"https:\/\/infobo.digital\/#\/schema\/person\/image\/","url":"https:\/\/secure.gravatar.com\/avatar\/97bd61f1308a28696179d42a05cfb514987ef11bd51bb8c6ad7056f2a513d186?s=96&d=mm&r=g","contentUrl":"https:\/\/secure.gravatar.com\/avatar\/97bd61f1308a28696179d42a05cfb514987ef11bd51bb8c6ad7056f2a513d186?s=96&d=mm&r=g","caption":"Redacci\u00f3n General"},"sameAs":["https:\/\/infobo.digital\/"]}]}},"jetpack_featured_media_url":"https:\/\/infobo.digital\/wp-content\/uploads\/2026\/04\/1777556817603.webp","jetpack_sharing_enabled":true,"_links":{"self":[{"href":"https:\/\/infobo.digital\/index.php?rest_route=\/wp\/v2\/posts\/6735","targetHints":{"allow":["GET"]}}],"collection":[{"href":"https:\/\/infobo.digital\/index.php?rest_route=\/wp\/v2\/posts"}],"about":[{"href":"https:\/\/infobo.digital\/index.php?rest_route=\/wp\/v2\/types\/post"}],"author":[{"embeddable":true,"href":"https:\/\/infobo.digital\/index.php?rest_route=\/wp\/v2\/users\/8"}],"replies":[{"embeddable":true,"href":"https:\/\/infobo.digital\/index.php?rest_route=%2Fwp%2Fv2%2Fcomments&post=6735"}],"version-history":[{"count":1,"href":"https:\/\/infobo.digital\/index.php?rest_route=\/wp\/v2\/posts\/6735\/revisions"}],"predecessor-version":[{"id":6737,"href":"https:\/\/infobo.digital\/index.php?rest_route=\/wp\/v2\/posts\/6735\/revisions\/6737"}],"wp:featuredmedia":[{"embeddable":true,"href":"https:\/\/infobo.digital\/index.php?rest_route=\/wp\/v2\/media\/6736"}],"wp:attachment":[{"href":"https:\/\/infobo.digital\/index.php?rest_route=%2Fwp%2Fv2%2Fmedia&parent=6735"}],"wp:term":[{"taxonomy":"category","embeddable":true,"href":"https:\/\/infobo.digital\/index.php?rest_route=%2Fwp%2Fv2%2Fcategories&post=6735"},{"taxonomy":"post_tag","embeddable":true,"href":"https:\/\/infobo.digital\/index.php?rest_route=%2Fwp%2Fv2%2Ftags&post=6735"}],"curies":[{"name":"wp","href":"https:\/\/api.w.org\/{rel}","templated":true}]}}