{"id":6738,"date":"2026-04-30T15:07:56","date_gmt":"2026-04-30T19:07:56","guid":{"rendered":"https:\/\/infobo.digital\/?p=6738"},"modified":"2026-04-30T15:07:58","modified_gmt":"2026-04-30T19:07:58","slug":"gobierno-convoca-a-reunion-con-la-confederacion-de-choferes","status":"publish","type":"post","link":"https:\/\/infobo.digital\/?p=6738","title":{"rendered":"Gobierno convoca a reuni\u00f3n con la Confederaci\u00f3n de Choferes para el lunes en La Paz"},"content":{"rendered":"\n<p>\u200eEl encuentro se realizar\u00e1 a las 16:00 en la Casa Grande del Pueblo. El sector del transporte anunci\u00f3 un paro nacional escalonado de 24 horas a partir del martes 5 de mayo.\u200e\u200e<\/p>\n\n\n\n<p>La Paz, 30 de abril de 2026 .\u2014 El Gobierno convoc\u00f3 a la Confederaci\u00f3n de Choferes de Bolivia a una reuni\u00f3n de trabajo para el lunes a las 16:00 en la Casa Grande del Pueblo, en la ciudad de La Paz, con el objetivo de abordar las demandas planteadas por el sector, inform\u00f3 este jueves el ministro de Obras P\u00fablicas, Mauricio Zamora.\u200e\u200e<\/p>\n\n\n\n<p>La autoridad se\u00f1al\u00f3 que la convocatoria busca \u201cencontrar juntos una soluci\u00f3n a los planteamientos de ese sector\u201d. En ese marco, indic\u00f3 que no considera necesario recurrir a medidas de presi\u00f3n para alcanzar acuerdos.\u200e\u200e<\/p>\n\n\n\n<p>Seg\u00fan la convocatoria oficial, en la reuni\u00f3n participar\u00e1n representantes del Ministerio de Obras P\u00fablicas, el Ministerio de Hidrocarburos, Yacimientos Petrol\u00edferos Fiscales Bolivianos (YPFB), la Agencia Nacional de Hidrocarburos (ANH), la Entidad Ejecutora de Conversi\u00f3n a Gas Natural Vehicular (EEC-GNV) y el Ministerio de Econom\u00eda y Finanzas P\u00fablicas.<\/p>\n\n\n\n<p>\u200e\u200ePor su parte, el ejecutivo de la Confederaci\u00f3n Sindical de Choferes de Bolivia, Lucio G\u00f3mez, anunci\u00f3 el mi\u00e9rcoles la realizaci\u00f3n de un paro nacional escalonado a partir del martes 5 de mayo. La decisi\u00f3n fue asumida en un ampliado del sector desarrollado en la ciudad de Santa Cruz.<\/p>\n","protected":false},"excerpt":{"rendered":"<p>El Gobierno convoc\u00f3 a la Confederaci\u00f3n de Choferes de Bolivia a una reuni\u00f3n de trabajo para el lunes a las 16:00 en La Paz<\/p>\n","protected":false},"author":8,"featured_media":6739,"comment_status":"closed","ping_status":"closed","sticky":false,"template":"","format":"standard","meta":{"jetpack_post_was_ever_published":false,"_jetpack_newsletter_access":"","_jetpack_dont_email_post_to_subs":false,"_jetpack_newsletter_tier_id":0,"_jetpack_memberships_contains_paywalled_content":false,"_jetpack_memberships_contains_paid_content":false,"footnotes":""},"categories":[5],"tags":[668,406,190,608],"class_list":["post-6738","post","type-post","status-publish","format-standard","has-post-thumbnail","hentry","category-economia","tag-convocatoria","tag-dialogo-2","tag-gobierno","tag-transporte"],"yoast_head":"<!-- This site is optimized with the Yoast SEO plugin v26.7 - https:\/\/yoast.com\/wordpress\/plugins\/seo\/ -->\n<title>Gobierno convoca a reuni\u00f3n con la Confederaci\u00f3n de Choferes<\/title>\n<meta name=\"description\" content=\"El Gobierno convoc\u00f3 a la Confederaci\u00f3n de Choferes de Bolivia a una reuni\u00f3n de trabajo para el lunes a las 16:00 en La Paz\" \/>\n<meta name=\"robots\" content=\"index, follow, max-snippet:-1, max-image-preview:large, max-video-preview:-1\" \/>\n<link rel=\"canonical\" href=\"https:\/\/infobo.digital\/?p=6738\" \/>\n<meta property=\"og:locale\" content=\"es_ES\" \/>\n<meta property=\"og:type\" content=\"article\" \/>\n<meta property=\"og:title\" content=\"Gobierno convoca a reuni\u00f3n con la Confederaci\u00f3n de Choferes\" \/>\n<meta property=\"og:description\" content=\"El Gobierno convoc\u00f3 a la Confederaci\u00f3n de Choferes de Bolivia a una reuni\u00f3n de trabajo para el lunes a las 16:00 en La Paz\" \/>\n<meta property=\"og:url\" content=\"https:\/\/infobo.digital\/?p=6738\" \/>\n<meta property=\"article:publisher\" content=\"https:\/\/www.facebook.com\/profile.php?id=61560121555099&amp;mibextid=qi2Omg&amp;rdid=j3LLjPu1LdtSYmlZ\" \/>\n<meta property=\"article:published_time\" content=\"2026-04-30T19:07:56+00:00\" \/>\n<meta property=\"article:modified_time\" content=\"2026-04-30T19:07:58+00:00\" \/>\n<meta property=\"og:image\" content=\"https:\/\/infobo.digital\/wp-content\/uploads\/2026\/04\/1777569152893.webp\" \/>\n\t<meta property=\"og:image:width\" content=\"400\" \/>\n\t<meta property=\"og:image:height\" content=\"225\" \/>\n\t<meta property=\"og:image:type\" content=\"image\/webp\" \/>\n<meta name=\"author\" content=\"Redacci\u00f3n General\" \/>\n<meta name=\"twitter:card\" content=\"summary_large_image\" \/>\n<meta name=\"twitter:title\" content=\"Gobierno convoca a reuni\u00f3n con la Confederaci\u00f3n de Choferes\" \/>\n<meta name=\"twitter:description\" content=\"El Gobierno convoc\u00f3 a la Confederaci\u00f3n de Choferes de Bolivia a una reuni\u00f3n de trabajo para el lunes a las 16:00 en La Paz\" \/>\n<meta name=\"twitter:image\" content=\"https:\/\/infobo.digital\/wp-content\/uploads\/2026\/04\/1777569152893.webp\" \/>\n<meta name=\"twitter:label1\" content=\"Escrito por\" \/>\n\t<meta name=\"twitter:data1\" content=\"Redacci\u00f3n General\" \/>\n\t<meta name=\"twitter:label2\" content=\"Tiempo de lectura\" \/>\n\t<meta name=\"twitter:data2\" content=\"2 minutos\" \/>\n<script type=\"application\/ld+json\" class=\"yoast-schema-graph\">{\"@context\":\"https:\/\/schema.org\",\"@graph\":[{\"@type\":\"Article\",\"@id\":\"https:\/\/infobo.digital\/?p=6738#article\",\"isPartOf\":{\"@id\":\"https:\/\/infobo.digital\/?p=6738\"},\"author\":{\"name\":\"Redacci\u00f3n General\",\"@id\":\"https:\/\/infobo.digital\/#\/schema\/person\/ecf650d5ce7363a55760f67687117a7a\"},\"headline\":\"Gobierno convoca a reuni\u00f3n con la Confederaci\u00f3n de Choferes para el lunes en La Paz\",\"datePublished\":\"2026-04-30T19:07:56+00:00\",\"dateModified\":\"2026-04-30T19:07:58+00:00\",\"mainEntityOfPage\":{\"@id\":\"https:\/\/infobo.digital\/?p=6738\"},\"wordCount\":250,\"publisher\":{\"@id\":\"https:\/\/infobo.digital\/#organization\"},\"image\":{\"@id\":\"https:\/\/infobo.digital\/?p=6738#primaryimage\"},\"thumbnailUrl\":\"https:\/\/infobo.digital\/wp-content\/uploads\/2026\/04\/1777569152893.webp\",\"keywords\":[\"convocatoria\",\"Di\u00e1logo\",\"Gobierno\",\"transporte\"],\"articleSection\":[\"Econom\u00eda\"],\"inLanguage\":\"es\"},{\"@type\":\"WebPage\",\"@id\":\"https:\/\/infobo.digital\/?p=6738\",\"url\":\"https:\/\/infobo.digital\/?p=6738\",\"name\":\"Gobierno convoca a reuni\u00f3n con la Confederaci\u00f3n de Choferes\",\"isPartOf\":{\"@id\":\"https:\/\/infobo.digital\/#website\"},\"primaryImageOfPage\":{\"@id\":\"https:\/\/infobo.digital\/?p=6738#primaryimage\"},\"image\":{\"@id\":\"https:\/\/infobo.digital\/?p=6738#primaryimage\"},\"thumbnailUrl\":\"https:\/\/infobo.digital\/wp-content\/uploads\/2026\/04\/1777569152893.webp\",\"datePublished\":\"2026-04-30T19:07:56+00:00\",\"dateModified\":\"2026-04-30T19:07:58+00:00\",\"description\":\"El Gobierno convoc\u00f3 a la Confederaci\u00f3n de Choferes de Bolivia a una reuni\u00f3n de trabajo para el lunes a las 16:00 en La Paz\",\"breadcrumb\":{\"@id\":\"https:\/\/infobo.digital\/?p=6738#breadcrumb\"},\"inLanguage\":\"es\",\"potentialAction\":[{\"@type\":\"ReadAction\",\"target\":[\"https:\/\/infobo.digital\/?p=6738\"]}]},{\"@type\":\"ImageObject\",\"inLanguage\":\"es\",\"@id\":\"https:\/\/infobo.digital\/?p=6738#primaryimage\",\"url\":\"https:\/\/infobo.digital\/wp-content\/uploads\/2026\/04\/1777569152893.webp\",\"contentUrl\":\"https:\/\/infobo.digital\/wp-content\/uploads\/2026\/04\/1777569152893.webp\",\"width\":400,\"height\":225},{\"@type\":\"BreadcrumbList\",\"@id\":\"https:\/\/infobo.digital\/?p=6738#breadcrumb\",\"itemListElement\":[{\"@type\":\"ListItem\",\"position\":1,\"name\":\"Portada\",\"item\":\"https:\/\/infobo.digital\/\"},{\"@type\":\"ListItem\",\"position\":2,\"name\":\"Gobierno convoca a reuni\u00f3n con la Confederaci\u00f3n de Choferes para el lunes en La Paz\"}]},{\"@type\":\"WebSite\",\"@id\":\"https:\/\/infobo.digital\/#website\",\"url\":\"https:\/\/infobo.digital\/\",\"name\":\"Info Bolivia Digital\",\"description\":\"\",\"publisher\":{\"@id\":\"https:\/\/infobo.digital\/#organization\"},\"potentialAction\":[{\"@type\":\"SearchAction\",\"target\":{\"@type\":\"EntryPoint\",\"urlTemplate\":\"https:\/\/infobo.digital\/?s={search_term_string}\"},\"query-input\":{\"@type\":\"PropertyValueSpecification\",\"valueRequired\":true,\"valueName\":\"search_term_string\"}}],\"inLanguage\":\"es\"},{\"@type\":\"Organization\",\"@id\":\"https:\/\/infobo.digital\/#organization\",\"name\":\"Info Bolivia Digital\",\"alternateName\":\"Info Bolivia Digital\",\"url\":\"https:\/\/infobo.digital\/\",\"logo\":{\"@type\":\"ImageObject\",\"inLanguage\":\"es\",\"@id\":\"https:\/\/infobo.digital\/#\/schema\/logo\/image\/\",\"url\":\"https:\/\/infobo.digital\/wp-content\/uploads\/2024\/05\/cropped-logo-1.png\",\"contentUrl\":\"https:\/\/infobo.digital\/wp-content\/uploads\/2024\/05\/cropped-logo-1.png\",\"width\":3000,\"height\":999,\"caption\":\"Info Bolivia Digital\"},\"image\":{\"@id\":\"https:\/\/infobo.digital\/#\/schema\/logo\/image\/\"},\"sameAs\":[\"https:\/\/www.facebook.com\/profile.php?id=61560121555099&mibextid=qi2Omg&rdid=j3LLjPu1LdtSYmlZ\",\"https:\/\/www.tiktok.com\/@infodigital.bo?_t=8od23EgGmH8&_r=1\"]},{\"@type\":\"Person\",\"@id\":\"https:\/\/infobo.digital\/#\/schema\/person\/ecf650d5ce7363a55760f67687117a7a\",\"name\":\"Redacci\u00f3n General\",\"image\":{\"@type\":\"ImageObject\",\"inLanguage\":\"es\",\"@id\":\"https:\/\/infobo.digital\/#\/schema\/person\/image\/\",\"url\":\"https:\/\/secure.gravatar.com\/avatar\/97bd61f1308a28696179d42a05cfb514987ef11bd51bb8c6ad7056f2a513d186?s=96&d=mm&r=g\",\"contentUrl\":\"https:\/\/secure.gravatar.com\/avatar\/97bd61f1308a28696179d42a05cfb514987ef11bd51bb8c6ad7056f2a513d186?s=96&d=mm&r=g\",\"caption\":\"Redacci\u00f3n General\"},\"sameAs\":[\"https:\/\/infobo.digital\/\"]}]}<\/script>\n<!-- \/ Yoast SEO plugin. -->","yoast_head_json":{"title":"Gobierno convoca a reuni\u00f3n con la Confederaci\u00f3n de Choferes","description":"El Gobierno convoc\u00f3 a la Confederaci\u00f3n de Choferes de Bolivia a una reuni\u00f3n de trabajo para el lunes a las 16:00 en La Paz","robots":{"index":"index","follow":"follow","max-snippet":"max-snippet:-1","max-image-preview":"max-image-preview:large","max-video-preview":"max-video-preview:-1"},"canonical":"https:\/\/infobo.digital\/?p=6738","og_locale":"es_ES","og_type":"article","og_title":"Gobierno convoca a reuni\u00f3n con la Confederaci\u00f3n de Choferes","og_description":"El Gobierno convoc\u00f3 a la Confederaci\u00f3n de Choferes de Bolivia a una reuni\u00f3n de trabajo para el lunes a las 16:00 en La Paz","og_url":"https:\/\/infobo.digital\/?p=6738","article_publisher":"https:\/\/www.facebook.com\/profile.php?id=61560121555099&mibextid=qi2Omg&rdid=j3LLjPu1LdtSYmlZ","article_published_time":"2026-04-30T19:07:56+00:00","article_modified_time":"2026-04-30T19:07:58+00:00","og_image":[{"width":400,"height":225,"url":"https:\/\/infobo.digital\/wp-content\/uploads\/2026\/04\/1777569152893.webp","type":"image\/webp"}],"author":"Redacci\u00f3n General","twitter_card":"summary_large_image","twitter_title":"Gobierno convoca a reuni\u00f3n con la Confederaci\u00f3n de Choferes","twitter_description":"El Gobierno convoc\u00f3 a la Confederaci\u00f3n de Choferes de Bolivia a una reuni\u00f3n de trabajo para el lunes a las 16:00 en La Paz","twitter_image":"https:\/\/infobo.digital\/wp-content\/uploads\/2026\/04\/1777569152893.webp","twitter_misc":{"Escrito por":"Redacci\u00f3n General","Tiempo de lectura":"2 minutos"},"schema":{"@context":"https:\/\/schema.org","@graph":[{"@type":"Article","@id":"https:\/\/infobo.digital\/?p=6738#article","isPartOf":{"@id":"https:\/\/infobo.digital\/?p=6738"},"author":{"name":"Redacci\u00f3n General","@id":"https:\/\/infobo.digital\/#\/schema\/person\/ecf650d5ce7363a55760f67687117a7a"},"headline":"Gobierno convoca a reuni\u00f3n con la Confederaci\u00f3n de Choferes para el lunes en La Paz","datePublished":"2026-04-30T19:07:56+00:00","dateModified":"2026-04-30T19:07:58+00:00","mainEntityOfPage":{"@id":"https:\/\/infobo.digital\/?p=6738"},"wordCount":250,"publisher":{"@id":"https:\/\/infobo.digital\/#organization"},"image":{"@id":"https:\/\/infobo.digital\/?p=6738#primaryimage"},"thumbnailUrl":"https:\/\/infobo.digital\/wp-content\/uploads\/2026\/04\/1777569152893.webp","keywords":["convocatoria","Di\u00e1logo","Gobierno","transporte"],"articleSection":["Econom\u00eda"],"inLanguage":"es"},{"@type":"WebPage","@id":"https:\/\/infobo.digital\/?p=6738","url":"https:\/\/infobo.digital\/?p=6738","name":"Gobierno convoca a reuni\u00f3n con la Confederaci\u00f3n de Choferes","isPartOf":{"@id":"https:\/\/infobo.digital\/#website"},"primaryImageOfPage":{"@id":"https:\/\/infobo.digital\/?p=6738#primaryimage"},"image":{"@id":"https:\/\/infobo.digital\/?p=6738#primaryimage"},"thumbnailUrl":"https:\/\/infobo.digital\/wp-content\/uploads\/2026\/04\/1777569152893.webp","datePublished":"2026-04-30T19:07:56+00:00","dateModified":"2026-04-30T19:07:58+00:00","description":"El Gobierno convoc\u00f3 a la Confederaci\u00f3n de Choferes de Bolivia a una reuni\u00f3n de trabajo para el lunes a las 16:00 en La Paz","breadcrumb":{"@id":"https:\/\/infobo.digital\/?p=6738#breadcrumb"},"inLanguage":"es","potentialAction":[{"@type":"ReadAction","target":["https:\/\/infobo.digital\/?p=6738"]}]},{"@type":"ImageObject","inLanguage":"es","@id":"https:\/\/infobo.digital\/?p=6738#primaryimage","url":"https:\/\/infobo.digital\/wp-content\/uploads\/2026\/04\/1777569152893.webp","contentUrl":"https:\/\/infobo.digital\/wp-content\/uploads\/2026\/04\/1777569152893.webp","width":400,"height":225},{"@type":"BreadcrumbList","@id":"https:\/\/infobo.digital\/?p=6738#breadcrumb","itemListElement":[{"@type":"ListItem","position":1,"name":"Portada","item":"https:\/\/infobo.digital\/"},{"@type":"ListItem","position":2,"name":"Gobierno convoca a reuni\u00f3n con la Confederaci\u00f3n de Choferes para el lunes en La Paz"}]},{"@type":"WebSite","@id":"https:\/\/infobo.digital\/#website","url":"https:\/\/infobo.digital\/","name":"Info Bolivia Digital","description":"","publisher":{"@id":"https:\/\/infobo.digital\/#organization"},"potentialAction":[{"@type":"SearchAction","target":{"@type":"EntryPoint","urlTemplate":"https:\/\/infobo.digital\/?s={search_term_string}"},"query-input":{"@type":"PropertyValueSpecification","valueRequired":true,"valueName":"search_term_string"}}],"inLanguage":"es"},{"@type":"Organization","@id":"https:\/\/infobo.digital\/#organization","name":"Info Bolivia Digital","alternateName":"Info Bolivia Digital","url":"https:\/\/infobo.digital\/","logo":{"@type":"ImageObject","inLanguage":"es","@id":"https:\/\/infobo.digital\/#\/schema\/logo\/image\/","url":"https:\/\/infobo.digital\/wp-content\/uploads\/2024\/05\/cropped-logo-1.png","contentUrl":"https:\/\/infobo.digital\/wp-content\/uploads\/2024\/05\/cropped-logo-1.png","width":3000,"height":999,"caption":"Info Bolivia Digital"},"image":{"@id":"https:\/\/infobo.digital\/#\/schema\/logo\/image\/"},"sameAs":["https:\/\/www.facebook.com\/profile.php?id=61560121555099&mibextid=qi2Omg&rdid=j3LLjPu1LdtSYmlZ","https:\/\/www.tiktok.com\/@infodigital.bo?_t=8od23EgGmH8&_r=1"]},{"@type":"Person","@id":"https:\/\/infobo.digital\/#\/schema\/person\/ecf650d5ce7363a55760f67687117a7a","name":"Redacci\u00f3n General","image":{"@type":"ImageObject","inLanguage":"es","@id":"https:\/\/infobo.digital\/#\/schema\/person\/image\/","url":"https:\/\/secure.gravatar.com\/avatar\/97bd61f1308a28696179d42a05cfb514987ef11bd51bb8c6ad7056f2a513d186?s=96&d=mm&r=g","contentUrl":"https:\/\/secure.gravatar.com\/avatar\/97bd61f1308a28696179d42a05cfb514987ef11bd51bb8c6ad7056f2a513d186?s=96&d=mm&r=g","caption":"Redacci\u00f3n General"},"sameAs":["https:\/\/infobo.digital\/"]}]}},"jetpack_featured_media_url":"https:\/\/infobo.digital\/wp-content\/uploads\/2026\/04\/1777569152893.webp","jetpack_sharing_enabled":true,"_links":{"self":[{"href":"https:\/\/infobo.digital\/index.php?rest_route=\/wp\/v2\/posts\/6738","targetHints":{"allow":["GET"]}}],"collection":[{"href":"https:\/\/infobo.digital\/index.php?rest_route=\/wp\/v2\/posts"}],"about":[{"href":"https:\/\/infobo.digital\/index.php?rest_route=\/wp\/v2\/types\/post"}],"author":[{"embeddable":true,"href":"https:\/\/infobo.digital\/index.php?rest_route=\/wp\/v2\/users\/8"}],"replies":[{"embeddable":true,"href":"https:\/\/infobo.digital\/index.php?rest_route=%2Fwp%2Fv2%2Fcomments&post=6738"}],"version-history":[{"count":1,"href":"https:\/\/infobo.digital\/index.php?rest_route=\/wp\/v2\/posts\/6738\/revisions"}],"predecessor-version":[{"id":6740,"href":"https:\/\/infobo.digital\/index.php?rest_route=\/wp\/v2\/posts\/6738\/revisions\/6740"}],"wp:featuredmedia":[{"embeddable":true,"href":"https:\/\/infobo.digital\/index.php?rest_route=\/wp\/v2\/media\/6739"}],"wp:attachment":[{"href":"https:\/\/infobo.digital\/index.php?rest_route=%2Fwp%2Fv2%2Fmedia&parent=6738"}],"wp:term":[{"taxonomy":"category","embeddable":true,"href":"https:\/\/infobo.digital\/index.php?rest_route=%2Fwp%2Fv2%2Fcategories&post=6738"},{"taxonomy":"post_tag","embeddable":true,"href":"https:\/\/infobo.digital\/index.php?rest_route=%2Fwp%2Fv2%2Ftags&post=6738"}],"curies":[{"name":"wp","href":"https:\/\/api.w.org\/{rel}","templated":true}]}}