{"id":7447,"date":"2026-09-01T09:54:58","date_gmt":"2026-09-01T13:54:58","guid":{"rendered":"https:\/\/infobo.digital\/?p=7447"},"modified":"2026-09-01T09:55:01","modified_gmt":"2026-09-01T13:55:01","slug":"sismo-de-magnitud-32-se-registra-en-la-provincia-ichilo","status":"publish","type":"post","link":"https:\/\/infobo.digital\/?p=7447","title":{"rendered":"Sismo de magnitud 3,2 se registra de madrugada en la provincia Ichilo de Santa Cruz"},"content":{"rendered":"\n<p><em>Un movimiento s\u00edsmico de magnitud 3,2 fue registrado la madrugada de este martes 1 de septiembre en la provincia Ichilo, en el departamento de Santa Cruz. El evento ocurri\u00f3 a poca profundidad y tuvo su epicentro en una zona cercana a los municipios de Yapacan\u00ed, Santa Rosa del Sara y Portachuelo.<\/em><\/p>\n\n\n\n<p><strong>\u200e\u200eSanta Cruz, 1 de septiembre de 2026 .\u2014 <\/strong>De acuerdo con el reporte del Observatorio San Calixto, el sismo se produjo a las 03:29:30, hora local, y tuvo una profundidad de 16,4 kil\u00f3metros. El epicentro fue ubicado a 19 kil\u00f3metros al noreste de Yapacan\u00ed, a 25 kil\u00f3metros al suroeste de Santa Rosa del Sara y a 41 kil\u00f3metros al oeste-noroeste de Portachuelo.<\/p>\n\n\n\n<p>\u200e\u200eEl Observatorio San Calixto se\u00f1ala que, debido a que el movimiento se produjo a una profundidad menor a 70 kil\u00f3metros, corresponde a un sismo cortical, por lo que existe la posibilidad de que este tipo de eventos sea percibido en regiones pr\u00f3ximas al epicentro y, dependiendo de sus caracter\u00edsticas, pueda generar da\u00f1os en zonas aleda\u00f1as.<\/p>\n\n\n\n<p>\u200e\u200ePese a estas condiciones, hasta el momento del reporte no se registraron da\u00f1os materiales ni afectaciones a la poblaci\u00f3n en la provincia Ichilo.\u200e\u200e<\/p>\n\n\n\n<p>La misma jornada tambi\u00e9n se registr\u00f3 otro movimiento s\u00edsmico en el departamento de Potos\u00ed. El evento tuvo una magnitud de 3,4 y se produjo en la provincia Nor L\u00edpez. Aunque fue ligeramente superior en magnitud al registrado en Santa Cruz, tampoco se reportaron da\u00f1os en edificaciones ni afectaciones a la poblaci\u00f3n.<\/p>\n\n\n\n<p>\u200e\u200eLos dos movimientos fueron registrados durante las primeras horas de este martes, sin que se hayan informado consecuencias relevantes. El monitoreo de estos eventos permite mantener vigilancia sobre la actividad s\u00edsmica y evaluar oportunamente posibles efectos en las zonas cercanas a los epicentros.<\/p>\n","protected":false},"excerpt":{"rendered":"<p>Un movimiento s\u00edsmico de magnitud 3,2 fue registrado la madrugada en la provincia Ichilo, en el departamento de Santa Cruz.<\/p>\n","protected":false},"author":8,"featured_media":7448,"comment_status":"closed","ping_status":"closed","sticky":false,"template":"","format":"standard","meta":{"jetpack_post_was_ever_published":false,"_jetpack_newsletter_access":"","_jetpack_dont_email_post_to_subs":false,"_jetpack_newsletter_tier_id":0,"_jetpack_memberships_contains_paywalled_content":false,"_jetpack_memberships_contains_paid_content":false,"footnotes":""},"categories":[1312],"tags":[2288,83,279],"class_list":["post-7447","post","type-post","status-publish","format-standard","has-post-thumbnail","hentry","category-social","tag-ichilo","tag-santa-cruz","tag-sismo"],"yoast_head":"<!-- This site is optimized with the Yoast SEO plugin v28.0 - https:\/\/yoast.com\/product\/yoast-seo-wordpress\/ -->\n<title>Sismo de magnitud 3,2 se registra en la provincia Ichilo<\/title>\n<meta name=\"description\" content=\"Un movimiento s\u00edsmico de magnitud 3,2 fue registrado la madrugada en la provincia Ichilo, en el departamento de Santa Cruz.\" \/>\n<meta name=\"robots\" content=\"index, follow, max-snippet:-1, max-image-preview:large, max-video-preview:-1\" \/>\n<link rel=\"canonical\" href=\"https:\/\/infobo.digital\/?p=7447\" \/>\n<meta property=\"og:locale\" content=\"es_ES\" \/>\n<meta property=\"og:type\" content=\"article\" \/>\n<meta property=\"og:title\" content=\"Sismo de magnitud 3,2 se registra en la provincia Ichilo\" \/>\n<meta property=\"og:description\" content=\"Un movimiento s\u00edsmico de magnitud 3,2 fue registrado la madrugada en la provincia Ichilo, en el departamento de Santa Cruz.\" \/>\n<meta property=\"og:url\" content=\"https:\/\/infobo.digital\/?p=7447\" \/>\n<meta property=\"article:publisher\" content=\"https:\/\/www.facebook.com\/profile.php?id=61560121555099&amp;mibextid=qi2Omg&amp;rdid=j3LLjPu1LdtSYmlZ\" \/>\n<meta property=\"article:published_time\" content=\"2026-09-01T13:54:58+00:00\" \/>\n<meta property=\"article:modified_time\" content=\"2026-09-01T13:55:01+00:00\" \/>\n<meta property=\"og:image\" content=\"https:\/\/infobo.digital\/wp-content\/uploads\/2026\/09\/sismo_101-16901374_20260901132846.webp\" \/>\n\t<meta property=\"og:image:width\" content=\"420\" \/>\n\t<meta property=\"og:image:height\" content=\"280\" \/>\n\t<meta property=\"og:image:type\" content=\"image\/webp\" \/>\n<meta name=\"author\" content=\"Redacci\u00f3n General\" \/>\n<meta name=\"twitter:card\" content=\"summary_large_image\" \/>\n<meta name=\"twitter:title\" content=\"Sismo de magnitud 3,2 se registra en la provincia Ichilo\" \/>\n<meta name=\"twitter:description\" content=\"Un movimiento s\u00edsmico de magnitud 3,2 fue registrado la madrugada en la provincia Ichilo, en el departamento de Santa Cruz.\" \/>\n<meta name=\"twitter:image\" content=\"https:\/\/infobo.digital\/wp-content\/uploads\/2026\/09\/sismo_101-16901374_20260901132846.webp\" \/>\n<meta name=\"twitter:label1\" content=\"Escrito por\" \/>\n\t<meta name=\"twitter:data1\" content=\"Redacci\u00f3n General\" \/>\n\t<meta name=\"twitter:label2\" content=\"Tiempo de lectura\" \/>\n\t<meta name=\"twitter:data2\" content=\"2 minutos\" \/>\n<script type=\"application\/ld+json\" class=\"yoast-schema-graph\">{\"@context\":\"https:\\\/\\\/schema.org\",\"@graph\":[{\"@type\":\"Article\",\"@id\":\"https:\\\/\\\/infobo.digital\\\/?p=7447#article\",\"isPartOf\":{\"@id\":\"https:\\\/\\\/infobo.digital\\\/?p=7447\"},\"author\":{\"name\":\"Redacci\u00f3n General\",\"@id\":\"https:\\\/\\\/infobo.digital\\\/#\\\/schema\\\/person\\\/ecf650d5ce7363a55760f67687117a7a\"},\"headline\":\"Sismo de magnitud 3,2 se registra de madrugada en la provincia Ichilo de Santa Cruz\",\"datePublished\":\"2026-09-01T13:54:58+00:00\",\"dateModified\":\"2026-09-01T13:55:01+00:00\",\"mainEntityOfPage\":{\"@id\":\"https:\\\/\\\/infobo.digital\\\/?p=7447\"},\"wordCount\":306,\"publisher\":{\"@id\":\"https:\\\/\\\/infobo.digital\\\/#organization\"},\"image\":{\"@id\":\"https:\\\/\\\/infobo.digital\\\/?p=7447#primaryimage\"},\"thumbnailUrl\":\"https:\\\/\\\/infobo.digital\\\/wp-content\\\/uploads\\\/2026\\\/09\\\/sismo_101-16901374_20260901132846.webp\",\"keywords\":[\"Ichilo\",\"Santa Cruz\",\"Sismo\"],\"articleSection\":[\"Social\"],\"inLanguage\":\"es\"},{\"@type\":\"WebPage\",\"@id\":\"https:\\\/\\\/infobo.digital\\\/?p=7447\",\"url\":\"https:\\\/\\\/infobo.digital\\\/?p=7447\",\"name\":\"Sismo de magnitud 3,2 se registra en la provincia Ichilo\",\"isPartOf\":{\"@id\":\"https:\\\/\\\/infobo.digital\\\/#website\"},\"primaryImageOfPage\":{\"@id\":\"https:\\\/\\\/infobo.digital\\\/?p=7447#primaryimage\"},\"image\":{\"@id\":\"https:\\\/\\\/infobo.digital\\\/?p=7447#primaryimage\"},\"thumbnailUrl\":\"https:\\\/\\\/infobo.digital\\\/wp-content\\\/uploads\\\/2026\\\/09\\\/sismo_101-16901374_20260901132846.webp\",\"datePublished\":\"2026-09-01T13:54:58+00:00\",\"dateModified\":\"2026-09-01T13:55:01+00:00\",\"description\":\"Un movimiento s\u00edsmico de magnitud 3,2 fue registrado la madrugada en la provincia Ichilo, en el departamento de Santa Cruz.\",\"breadcrumb\":{\"@id\":\"https:\\\/\\\/infobo.digital\\\/?p=7447#breadcrumb\"},\"inLanguage\":\"es\",\"potentialAction\":[{\"@type\":\"ReadAction\",\"target\":[\"https:\\\/\\\/infobo.digital\\\/?p=7447\"]}]},{\"@type\":\"ImageObject\",\"inLanguage\":\"es\",\"@id\":\"https:\\\/\\\/infobo.digital\\\/?p=7447#primaryimage\",\"url\":\"https:\\\/\\\/infobo.digital\\\/wp-content\\\/uploads\\\/2026\\\/09\\\/sismo_101-16901374_20260901132846.webp\",\"contentUrl\":\"https:\\\/\\\/infobo.digital\\\/wp-content\\\/uploads\\\/2026\\\/09\\\/sismo_101-16901374_20260901132846.webp\",\"width\":420,\"height\":280},{\"@type\":\"BreadcrumbList\",\"@id\":\"https:\\\/\\\/infobo.digital\\\/?p=7447#breadcrumb\",\"itemListElement\":[{\"@type\":\"ListItem\",\"position\":1,\"name\":\"Portada\",\"item\":\"https:\\\/\\\/infobo.digital\\\/\"},{\"@type\":\"ListItem\",\"position\":2,\"name\":\"Sismo de magnitud 3,2 se registra de madrugada en la provincia Ichilo de Santa Cruz\"}]},{\"@type\":\"WebSite\",\"@id\":\"https:\\\/\\\/infobo.digital\\\/#website\",\"url\":\"https:\\\/\\\/infobo.digital\\\/\",\"name\":\"Info Bolivia Digital\",\"description\":\"\",\"publisher\":{\"@id\":\"https:\\\/\\\/infobo.digital\\\/#organization\"},\"potentialAction\":[{\"@type\":\"SearchAction\",\"target\":{\"@type\":\"EntryPoint\",\"urlTemplate\":\"https:\\\/\\\/infobo.digital\\\/?s={search_term_string}\"},\"query-input\":{\"@type\":\"PropertyValueSpecification\",\"valueRequired\":true,\"valueName\":\"search_term_string\"}}],\"inLanguage\":\"es\"},{\"@type\":\"Organization\",\"@id\":\"https:\\\/\\\/infobo.digital\\\/#organization\",\"name\":\"Info Bolivia Digital\",\"alternateName\":\"Info Bolivia Digital\",\"url\":\"https:\\\/\\\/infobo.digital\\\/\",\"logo\":{\"@type\":\"ImageObject\",\"inLanguage\":\"es\",\"@id\":\"https:\\\/\\\/infobo.digital\\\/#\\\/schema\\\/logo\\\/image\\\/\",\"url\":\"https:\\\/\\\/infobo.digital\\\/wp-content\\\/uploads\\\/2024\\\/05\\\/cropped-logo-1.png\",\"contentUrl\":\"https:\\\/\\\/infobo.digital\\\/wp-content\\\/uploads\\\/2024\\\/05\\\/cropped-logo-1.png\",\"width\":3000,\"height\":999,\"caption\":\"Info Bolivia Digital\"},\"image\":{\"@id\":\"https:\\\/\\\/infobo.digital\\\/#\\\/schema\\\/logo\\\/image\\\/\"},\"sameAs\":[\"https:\\\/\\\/www.facebook.com\\\/profile.php?id=61560121555099&mibextid=qi2Omg&rdid=j3LLjPu1LdtSYmlZ\",\"https:\\\/\\\/www.tiktok.com\\\/@infodigital.bo?_t=8od23EgGmH8&_r=1\"]},{\"@type\":\"Person\",\"@id\":\"https:\\\/\\\/infobo.digital\\\/#\\\/schema\\\/person\\\/ecf650d5ce7363a55760f67687117a7a\",\"name\":\"Redacci\u00f3n General\",\"image\":{\"@type\":\"ImageObject\",\"inLanguage\":\"es\",\"@id\":\"https:\\\/\\\/secure.gravatar.com\\\/avatar\\\/97bd61f1308a28696179d42a05cfb514987ef11bd51bb8c6ad7056f2a513d186?s=96&d=mm&r=g\",\"url\":\"https:\\\/\\\/secure.gravatar.com\\\/avatar\\\/97bd61f1308a28696179d42a05cfb514987ef11bd51bb8c6ad7056f2a513d186?s=96&d=mm&r=g\",\"contentUrl\":\"https:\\\/\\\/secure.gravatar.com\\\/avatar\\\/97bd61f1308a28696179d42a05cfb514987ef11bd51bb8c6ad7056f2a513d186?s=96&d=mm&r=g\",\"caption\":\"Redacci\u00f3n General\"},\"sameAs\":[\"https:\\\/\\\/infobo.digital\\\/\"]}]}<\/script>\n<!-- \/ Yoast SEO plugin. -->","yoast_head_json":{"title":"Sismo de magnitud 3,2 se registra en la provincia Ichilo","description":"Un movimiento s\u00edsmico de magnitud 3,2 fue registrado la madrugada en la provincia Ichilo, en el departamento de Santa Cruz.","robots":{"index":"index","follow":"follow","max-snippet":"max-snippet:-1","max-image-preview":"max-image-preview:large","max-video-preview":"max-video-preview:-1"},"canonical":"https:\/\/infobo.digital\/?p=7447","og_locale":"es_ES","og_type":"article","og_title":"Sismo de magnitud 3,2 se registra en la provincia Ichilo","og_description":"Un movimiento s\u00edsmico de magnitud 3,2 fue registrado la madrugada en la provincia Ichilo, en el departamento de Santa Cruz.","og_url":"https:\/\/infobo.digital\/?p=7447","article_publisher":"https:\/\/www.facebook.com\/profile.php?id=61560121555099&mibextid=qi2Omg&rdid=j3LLjPu1LdtSYmlZ","article_published_time":"2026-09-01T13:54:58+00:00","article_modified_time":"2026-09-01T13:55:01+00:00","og_image":[{"width":420,"height":280,"url":"https:\/\/infobo.digital\/wp-content\/uploads\/2026\/09\/sismo_101-16901374_20260901132846.webp","type":"image\/webp"}],"author":"Redacci\u00f3n General","twitter_card":"summary_large_image","twitter_title":"Sismo de magnitud 3,2 se registra en la provincia Ichilo","twitter_description":"Un movimiento s\u00edsmico de magnitud 3,2 fue registrado la madrugada en la provincia Ichilo, en el departamento de Santa Cruz.","twitter_image":"https:\/\/infobo.digital\/wp-content\/uploads\/2026\/09\/sismo_101-16901374_20260901132846.webp","twitter_misc":{"Escrito por":"Redacci\u00f3n General","Tiempo de lectura":"2 minutos"},"schema":{"@context":"https:\/\/schema.org","@graph":[{"@type":"Article","@id":"https:\/\/infobo.digital\/?p=7447#article","isPartOf":{"@id":"https:\/\/infobo.digital\/?p=7447"},"author":{"name":"Redacci\u00f3n General","@id":"https:\/\/infobo.digital\/#\/schema\/person\/ecf650d5ce7363a55760f67687117a7a"},"headline":"Sismo de magnitud 3,2 se registra de madrugada en la provincia Ichilo de Santa Cruz","datePublished":"2026-09-01T13:54:58+00:00","dateModified":"2026-09-01T13:55:01+00:00","mainEntityOfPage":{"@id":"https:\/\/infobo.digital\/?p=7447"},"wordCount":306,"publisher":{"@id":"https:\/\/infobo.digital\/#organization"},"image":{"@id":"https:\/\/infobo.digital\/?p=7447#primaryimage"},"thumbnailUrl":"https:\/\/infobo.digital\/wp-content\/uploads\/2026\/09\/sismo_101-16901374_20260901132846.webp","keywords":["Ichilo","Santa Cruz","Sismo"],"articleSection":["Social"],"inLanguage":"es"},{"@type":"WebPage","@id":"https:\/\/infobo.digital\/?p=7447","url":"https:\/\/infobo.digital\/?p=7447","name":"Sismo de magnitud 3,2 se registra en la provincia Ichilo","isPartOf":{"@id":"https:\/\/infobo.digital\/#website"},"primaryImageOfPage":{"@id":"https:\/\/infobo.digital\/?p=7447#primaryimage"},"image":{"@id":"https:\/\/infobo.digital\/?p=7447#primaryimage"},"thumbnailUrl":"https:\/\/infobo.digital\/wp-content\/uploads\/2026\/09\/sismo_101-16901374_20260901132846.webp","datePublished":"2026-09-01T13:54:58+00:00","dateModified":"2026-09-01T13:55:01+00:00","description":"Un movimiento s\u00edsmico de magnitud 3,2 fue registrado la madrugada en la provincia Ichilo, en el departamento de Santa Cruz.","breadcrumb":{"@id":"https:\/\/infobo.digital\/?p=7447#breadcrumb"},"inLanguage":"es","potentialAction":[{"@type":"ReadAction","target":["https:\/\/infobo.digital\/?p=7447"]}]},{"@type":"ImageObject","inLanguage":"es","@id":"https:\/\/infobo.digital\/?p=7447#primaryimage","url":"https:\/\/infobo.digital\/wp-content\/uploads\/2026\/09\/sismo_101-16901374_20260901132846.webp","contentUrl":"https:\/\/infobo.digital\/wp-content\/uploads\/2026\/09\/sismo_101-16901374_20260901132846.webp","width":420,"height":280},{"@type":"BreadcrumbList","@id":"https:\/\/infobo.digital\/?p=7447#breadcrumb","itemListElement":[{"@type":"ListItem","position":1,"name":"Portada","item":"https:\/\/infobo.digital\/"},{"@type":"ListItem","position":2,"name":"Sismo de magnitud 3,2 se registra de madrugada en la provincia Ichilo de Santa Cruz"}]},{"@type":"WebSite","@id":"https:\/\/infobo.digital\/#website","url":"https:\/\/infobo.digital\/","name":"Info Bolivia Digital","description":"","publisher":{"@id":"https:\/\/infobo.digital\/#organization"},"potentialAction":[{"@type":"SearchAction","target":{"@type":"EntryPoint","urlTemplate":"https:\/\/infobo.digital\/?s={search_term_string}"},"query-input":{"@type":"PropertyValueSpecification","valueRequired":true,"valueName":"search_term_string"}}],"inLanguage":"es"},{"@type":"Organization","@id":"https:\/\/infobo.digital\/#organization","name":"Info Bolivia Digital","alternateName":"Info Bolivia Digital","url":"https:\/\/infobo.digital\/","logo":{"@type":"ImageObject","inLanguage":"es","@id":"https:\/\/infobo.digital\/#\/schema\/logo\/image\/","url":"https:\/\/infobo.digital\/wp-content\/uploads\/2024\/05\/cropped-logo-1.png","contentUrl":"https:\/\/infobo.digital\/wp-content\/uploads\/2024\/05\/cropped-logo-1.png","width":3000,"height":999,"caption":"Info Bolivia Digital"},"image":{"@id":"https:\/\/infobo.digital\/#\/schema\/logo\/image\/"},"sameAs":["https:\/\/www.facebook.com\/profile.php?id=61560121555099&mibextid=qi2Omg&rdid=j3LLjPu1LdtSYmlZ","https:\/\/www.tiktok.com\/@infodigital.bo?_t=8od23EgGmH8&_r=1"]},{"@type":"Person","@id":"https:\/\/infobo.digital\/#\/schema\/person\/ecf650d5ce7363a55760f67687117a7a","name":"Redacci\u00f3n General","image":{"@type":"ImageObject","inLanguage":"es","@id":"https:\/\/secure.gravatar.com\/avatar\/97bd61f1308a28696179d42a05cfb514987ef11bd51bb8c6ad7056f2a513d186?s=96&d=mm&r=g","url":"https:\/\/secure.gravatar.com\/avatar\/97bd61f1308a28696179d42a05cfb514987ef11bd51bb8c6ad7056f2a513d186?s=96&d=mm&r=g","contentUrl":"https:\/\/secure.gravatar.com\/avatar\/97bd61f1308a28696179d42a05cfb514987ef11bd51bb8c6ad7056f2a513d186?s=96&d=mm&r=g","caption":"Redacci\u00f3n General"},"sameAs":["https:\/\/infobo.digital\/"]}]}},"jetpack_featured_media_url":"https:\/\/infobo.digital\/wp-content\/uploads\/2026\/09\/sismo_101-16901374_20260901132846.webp","jetpack_sharing_enabled":true,"_links":{"self":[{"href":"https:\/\/infobo.digital\/index.php?rest_route=\/wp\/v2\/posts\/7447","targetHints":{"allow":["GET"]}}],"collection":[{"href":"https:\/\/infobo.digital\/index.php?rest_route=\/wp\/v2\/posts"}],"about":[{"href":"https:\/\/infobo.digital\/index.php?rest_route=\/wp\/v2\/types\/post"}],"author":[{"embeddable":true,"href":"https:\/\/infobo.digital\/index.php?rest_route=\/wp\/v2\/users\/8"}],"replies":[{"embeddable":true,"href":"https:\/\/infobo.digital\/index.php?rest_route=%2Fwp%2Fv2%2Fcomments&post=7447"}],"version-history":[{"count":1,"href":"https:\/\/infobo.digital\/index.php?rest_route=\/wp\/v2\/posts\/7447\/revisions"}],"predecessor-version":[{"id":7449,"href":"https:\/\/infobo.digital\/index.php?rest_route=\/wp\/v2\/posts\/7447\/revisions\/7449"}],"wp:featuredmedia":[{"embeddable":true,"href":"https:\/\/infobo.digital\/index.php?rest_route=\/wp\/v2\/media\/7448"}],"wp:attachment":[{"href":"https:\/\/infobo.digital\/index.php?rest_route=%2Fwp%2Fv2%2Fmedia&parent=7447"}],"wp:term":[{"taxonomy":"category","embeddable":true,"href":"https:\/\/infobo.digital\/index.php?rest_route=%2Fwp%2Fv2%2Fcategories&post=7447"},{"taxonomy":"post_tag","embeddable":true,"href":"https:\/\/infobo.digital\/index.php?rest_route=%2Fwp%2Fv2%2Ftags&post=7447"}],"curies":[{"name":"wp","href":"https:\/\/api.w.org\/{rel}","templated":true}]}}