{"id":7450,"date":"2026-09-01T18:33:40","date_gmt":"2026-09-01T22:33:40","guid":{"rendered":"https:\/\/infobo.digital\/?p=7450"},"modified":"2026-09-01T18:33:47","modified_gmt":"2026-09-01T22:33:47","slug":"hidrocarburos-incorpora-a-tres-nuevos-viceministros","status":"publish","type":"post","link":"https:\/\/infobo.digital\/?p=7450","title":{"rendered":"Hidrocarburos incorpora a tres nuevos viceministros para \u00e1reas estrat\u00e9gicas"},"content":{"rendered":"\n<p><em>Tatiana Genuzio Patzi, Jos\u00e9 Eduardo Ustariz M\u00e1rquez y Luis Eduardo Osorio Calder\u00f3n fueron posesionados este martes en cargos clave del Ministerio de Hidrocarburos y Energ\u00edas.<\/em>\u200e\u200e<\/p>\n\n\n\n<p><strong>La Paz, 1 de septiembre de 2026.\u2014<\/strong> El Ministerio de Hidrocarburos y Energ\u00edas incorpor\u00f3 este martes a tres nuevas autoridades para asumir responsabilidades en \u00e1reas estrat\u00e9gicas vinculadas con los hidrocarburos, la planificaci\u00f3n energ\u00e9tica y los recursos evapor\u00edticos y las tecnolog\u00edas energ\u00e9ticas emergentes.<\/p>\n\n\n\n<p>\u200e\u200eEl acto de posesi\u00f3n estuvo encabezado por el ministro de Hidrocarburos y Energ\u00edas, Marcelo Blanco Quintanilla, quien tom\u00f3 el juramento de ley a las nuevas autoridades.\u200e\u200e<\/p>\n\n\n\n<p>Las designaciones fueron establecidas mediante tres resoluciones supremas emitidas el 26 de agosto de 2026 y firmadas por el presidente Rodrigo Paz Pereira.\u200e\u200e<\/p>\n\n\n\n<p>Tatiana Genuzio Patzi fue designada como viceministra de Hidrocarburos mediante la Resoluci\u00f3n Suprema 32438. La nueva autoridad tendr\u00e1 bajo su responsabilidad el \u00e1rea vinculada directamente con el sector de hidrocarburos.<\/p>\n\n\n\n<p>\u200e\u200eEn tanto, Jos\u00e9 Eduardo Ustariz M\u00e1rquez asumi\u00f3 como viceministro de Planificaci\u00f3n y Desarrollo Energ\u00e9tico, de acuerdo con la Resoluci\u00f3n Suprema 32439. Su designaci\u00f3n se enmarca en una instancia encargada de la planificaci\u00f3n y el desarrollo de pol\u00edticas dentro del \u00e1mbito energ\u00e9tico.\u200e\u200e<\/p>\n\n\n\n<p>Por su parte, Luis Eduardo Osorio Calder\u00f3n fue posesionado como viceministro de Recursos Evapor\u00edticos y Tecnolog\u00edas Energ\u00e9ticas Emergentes, conforme a la Resoluci\u00f3n Suprema 32440.\u200e\u200e<\/p>\n\n\n\n<p>Con estas designaciones, el Ministerio de Hidrocarburos y Energ\u00edas completa la incorporaci\u00f3n de tres autoridades en \u00e1reas consideradas estrat\u00e9gicas para la gesti\u00f3n del sector energ\u00e9tico nacional, desde los hidrocarburos hasta la planificaci\u00f3n y el desarrollo de nuevas tecnolog\u00edas energ\u00e9ticas.<\/p>\n","protected":false},"excerpt":{"rendered":"<p>Tatiana Genuzio Patzi, Jos\u00e9 Ustariz M\u00e1rquez y Luis Eduardo Osorio Calder\u00f3n fueron posesionados en cargos del Ministerio de Hidrocarburos <\/p>\n","protected":false},"author":8,"featured_media":7451,"comment_status":"closed","ping_status":"closed","sticky":false,"template":"","format":"standard","meta":{"jetpack_post_was_ever_published":false,"_jetpack_newsletter_access":"","_jetpack_dont_email_post_to_subs":false,"_jetpack_newsletter_tier_id":0,"_jetpack_memberships_contains_paywalled_content":false,"_jetpack_memberships_contains_paid_content":false,"footnotes":""},"categories":[8],"tags":[60,617,2001],"class_list":["post-7450","post","type-post","status-publish","format-standard","has-post-thumbnail","hentry","category-nacional","tag-hidrocarburos","tag-ministerio","tag-posesion"],"yoast_head":"<!-- This site is optimized with the Yoast SEO plugin v28.0 - https:\/\/yoast.com\/product\/yoast-seo-wordpress\/ -->\n<title>Hidrocarburos incorpora a tres nuevos viceministros<\/title>\n<meta name=\"description\" content=\"Tatiana Genuzio Patzi, Jos\u00e9 Ustariz M\u00e1rquez y Luis Eduardo Osorio Calder\u00f3n fueron posesionados en cargos del Ministerio de Hidrocarburos\" \/>\n<meta name=\"robots\" content=\"index, follow, max-snippet:-1, max-image-preview:large, max-video-preview:-1\" \/>\n<link rel=\"canonical\" href=\"https:\/\/infobo.digital\/?p=7450\" \/>\n<meta property=\"og:locale\" content=\"es_ES\" \/>\n<meta property=\"og:type\" content=\"article\" \/>\n<meta property=\"og:title\" content=\"Hidrocarburos incorpora a tres nuevos viceministros\" \/>\n<meta property=\"og:description\" content=\"Tatiana Genuzio Patzi, Jos\u00e9 Ustariz M\u00e1rquez y Luis Eduardo Osorio Calder\u00f3n fueron posesionados en cargos del Ministerio de Hidrocarburos\" \/>\n<meta property=\"og:url\" content=\"https:\/\/infobo.digital\/?p=7450\" \/>\n<meta property=\"article:publisher\" content=\"https:\/\/www.facebook.com\/profile.php?id=61560121555099&amp;mibextid=qi2Omg&amp;rdid=j3LLjPu1LdtSYmlZ\" \/>\n<meta property=\"article:published_time\" content=\"2026-09-01T22:33:40+00:00\" \/>\n<meta property=\"article:modified_time\" content=\"2026-09-01T22:33:47+00:00\" \/>\n<meta property=\"og:image\" content=\"https:\/\/infobo.digital\/wp-content\/uploads\/2026\/09\/1788295431742.webp\" \/>\n\t<meta property=\"og:image:width\" content=\"400\" \/>\n\t<meta property=\"og:image:height\" content=\"225\" \/>\n\t<meta property=\"og:image:type\" content=\"image\/webp\" \/>\n<meta name=\"author\" content=\"Redacci\u00f3n General\" \/>\n<meta name=\"twitter:card\" content=\"summary_large_image\" \/>\n<meta name=\"twitter:title\" content=\"Hidrocarburos incorpora a tres nuevos viceministros\" \/>\n<meta name=\"twitter:description\" content=\"Tatiana Genuzio Patzi, Jos\u00e9 Ustariz M\u00e1rquez y Luis Eduardo Osorio Calder\u00f3n fueron posesionados en cargos del Ministerio de Hidrocarburos\" \/>\n<meta name=\"twitter:image\" content=\"https:\/\/infobo.digital\/wp-content\/uploads\/2026\/09\/1788295431742.webp\" \/>\n<meta name=\"twitter:label1\" content=\"Escrito por\" \/>\n\t<meta name=\"twitter:data1\" content=\"Redacci\u00f3n General\" \/>\n\t<meta name=\"twitter:label2\" content=\"Tiempo de lectura\" \/>\n\t<meta name=\"twitter:data2\" content=\"2 minutos\" \/>\n<script type=\"application\/ld+json\" class=\"yoast-schema-graph\">{\"@context\":\"https:\\\/\\\/schema.org\",\"@graph\":[{\"@type\":\"Article\",\"@id\":\"https:\\\/\\\/infobo.digital\\\/?p=7450#article\",\"isPartOf\":{\"@id\":\"https:\\\/\\\/infobo.digital\\\/?p=7450\"},\"author\":{\"name\":\"Redacci\u00f3n General\",\"@id\":\"https:\\\/\\\/infobo.digital\\\/#\\\/schema\\\/person\\\/ecf650d5ce7363a55760f67687117a7a\"},\"headline\":\"Hidrocarburos incorpora a tres nuevos viceministros para \u00e1reas estrat\u00e9gicas\",\"datePublished\":\"2026-09-01T22:33:40+00:00\",\"dateModified\":\"2026-09-01T22:33:47+00:00\",\"mainEntityOfPage\":{\"@id\":\"https:\\\/\\\/infobo.digital\\\/?p=7450\"},\"wordCount\":287,\"publisher\":{\"@id\":\"https:\\\/\\\/infobo.digital\\\/#organization\"},\"image\":{\"@id\":\"https:\\\/\\\/infobo.digital\\\/?p=7450#primaryimage\"},\"thumbnailUrl\":\"https:\\\/\\\/infobo.digital\\\/wp-content\\\/uploads\\\/2026\\\/09\\\/1788295431742.webp\",\"keywords\":[\"Hidrocarburos\",\"Ministerio\",\"posesi\u00f3n\"],\"articleSection\":[\"Nacional\"],\"inLanguage\":\"es\"},{\"@type\":\"WebPage\",\"@id\":\"https:\\\/\\\/infobo.digital\\\/?p=7450\",\"url\":\"https:\\\/\\\/infobo.digital\\\/?p=7450\",\"name\":\"Hidrocarburos incorpora a tres nuevos viceministros\",\"isPartOf\":{\"@id\":\"https:\\\/\\\/infobo.digital\\\/#website\"},\"primaryImageOfPage\":{\"@id\":\"https:\\\/\\\/infobo.digital\\\/?p=7450#primaryimage\"},\"image\":{\"@id\":\"https:\\\/\\\/infobo.digital\\\/?p=7450#primaryimage\"},\"thumbnailUrl\":\"https:\\\/\\\/infobo.digital\\\/wp-content\\\/uploads\\\/2026\\\/09\\\/1788295431742.webp\",\"datePublished\":\"2026-09-01T22:33:40+00:00\",\"dateModified\":\"2026-09-01T22:33:47+00:00\",\"description\":\"Tatiana Genuzio Patzi, Jos\u00e9 Ustariz M\u00e1rquez y Luis Eduardo Osorio Calder\u00f3n fueron posesionados en cargos del Ministerio de Hidrocarburos\",\"breadcrumb\":{\"@id\":\"https:\\\/\\\/infobo.digital\\\/?p=7450#breadcrumb\"},\"inLanguage\":\"es\",\"potentialAction\":[{\"@type\":\"ReadAction\",\"target\":[\"https:\\\/\\\/infobo.digital\\\/?p=7450\"]}]},{\"@type\":\"ImageObject\",\"inLanguage\":\"es\",\"@id\":\"https:\\\/\\\/infobo.digital\\\/?p=7450#primaryimage\",\"url\":\"https:\\\/\\\/infobo.digital\\\/wp-content\\\/uploads\\\/2026\\\/09\\\/1788295431742.webp\",\"contentUrl\":\"https:\\\/\\\/infobo.digital\\\/wp-content\\\/uploads\\\/2026\\\/09\\\/1788295431742.webp\",\"width\":400,\"height\":225},{\"@type\":\"BreadcrumbList\",\"@id\":\"https:\\\/\\\/infobo.digital\\\/?p=7450#breadcrumb\",\"itemListElement\":[{\"@type\":\"ListItem\",\"position\":1,\"name\":\"Portada\",\"item\":\"https:\\\/\\\/infobo.digital\\\/\"},{\"@type\":\"ListItem\",\"position\":2,\"name\":\"Hidrocarburos incorpora a tres nuevos viceministros para \u00e1reas estrat\u00e9gicas\"}]},{\"@type\":\"WebSite\",\"@id\":\"https:\\\/\\\/infobo.digital\\\/#website\",\"url\":\"https:\\\/\\\/infobo.digital\\\/\",\"name\":\"Info Bolivia Digital\",\"description\":\"\",\"publisher\":{\"@id\":\"https:\\\/\\\/infobo.digital\\\/#organization\"},\"potentialAction\":[{\"@type\":\"SearchAction\",\"target\":{\"@type\":\"EntryPoint\",\"urlTemplate\":\"https:\\\/\\\/infobo.digital\\\/?s={search_term_string}\"},\"query-input\":{\"@type\":\"PropertyValueSpecification\",\"valueRequired\":true,\"valueName\":\"search_term_string\"}}],\"inLanguage\":\"es\"},{\"@type\":\"Organization\",\"@id\":\"https:\\\/\\\/infobo.digital\\\/#organization\",\"name\":\"Info Bolivia Digital\",\"alternateName\":\"Info Bolivia Digital\",\"url\":\"https:\\\/\\\/infobo.digital\\\/\",\"logo\":{\"@type\":\"ImageObject\",\"inLanguage\":\"es\",\"@id\":\"https:\\\/\\\/infobo.digital\\\/#\\\/schema\\\/logo\\\/image\\\/\",\"url\":\"https:\\\/\\\/infobo.digital\\\/wp-content\\\/uploads\\\/2024\\\/05\\\/cropped-logo-1.png\",\"contentUrl\":\"https:\\\/\\\/infobo.digital\\\/wp-content\\\/uploads\\\/2024\\\/05\\\/cropped-logo-1.png\",\"width\":3000,\"height\":999,\"caption\":\"Info Bolivia Digital\"},\"image\":{\"@id\":\"https:\\\/\\\/infobo.digital\\\/#\\\/schema\\\/logo\\\/image\\\/\"},\"sameAs\":[\"https:\\\/\\\/www.facebook.com\\\/profile.php?id=61560121555099&mibextid=qi2Omg&rdid=j3LLjPu1LdtSYmlZ\",\"https:\\\/\\\/www.tiktok.com\\\/@infodigital.bo?_t=8od23EgGmH8&_r=1\"]},{\"@type\":\"Person\",\"@id\":\"https:\\\/\\\/infobo.digital\\\/#\\\/schema\\\/person\\\/ecf650d5ce7363a55760f67687117a7a\",\"name\":\"Redacci\u00f3n General\",\"image\":{\"@type\":\"ImageObject\",\"inLanguage\":\"es\",\"@id\":\"https:\\\/\\\/secure.gravatar.com\\\/avatar\\\/97bd61f1308a28696179d42a05cfb514987ef11bd51bb8c6ad7056f2a513d186?s=96&d=mm&r=g\",\"url\":\"https:\\\/\\\/secure.gravatar.com\\\/avatar\\\/97bd61f1308a28696179d42a05cfb514987ef11bd51bb8c6ad7056f2a513d186?s=96&d=mm&r=g\",\"contentUrl\":\"https:\\\/\\\/secure.gravatar.com\\\/avatar\\\/97bd61f1308a28696179d42a05cfb514987ef11bd51bb8c6ad7056f2a513d186?s=96&d=mm&r=g\",\"caption\":\"Redacci\u00f3n General\"},\"sameAs\":[\"https:\\\/\\\/infobo.digital\\\/\"]}]}<\/script>\n<!-- \/ Yoast SEO plugin. -->","yoast_head_json":{"title":"Hidrocarburos incorpora a tres nuevos viceministros","description":"Tatiana Genuzio Patzi, Jos\u00e9 Ustariz M\u00e1rquez y Luis Eduardo Osorio Calder\u00f3n fueron posesionados en cargos del Ministerio de Hidrocarburos","robots":{"index":"index","follow":"follow","max-snippet":"max-snippet:-1","max-image-preview":"max-image-preview:large","max-video-preview":"max-video-preview:-1"},"canonical":"https:\/\/infobo.digital\/?p=7450","og_locale":"es_ES","og_type":"article","og_title":"Hidrocarburos incorpora a tres nuevos viceministros","og_description":"Tatiana Genuzio Patzi, Jos\u00e9 Ustariz M\u00e1rquez y Luis Eduardo Osorio Calder\u00f3n fueron posesionados en cargos del Ministerio de Hidrocarburos","og_url":"https:\/\/infobo.digital\/?p=7450","article_publisher":"https:\/\/www.facebook.com\/profile.php?id=61560121555099&mibextid=qi2Omg&rdid=j3LLjPu1LdtSYmlZ","article_published_time":"2026-09-01T22:33:40+00:00","article_modified_time":"2026-09-01T22:33:47+00:00","og_image":[{"width":400,"height":225,"url":"https:\/\/infobo.digital\/wp-content\/uploads\/2026\/09\/1788295431742.webp","type":"image\/webp"}],"author":"Redacci\u00f3n General","twitter_card":"summary_large_image","twitter_title":"Hidrocarburos incorpora a tres nuevos viceministros","twitter_description":"Tatiana Genuzio Patzi, Jos\u00e9 Ustariz M\u00e1rquez y Luis Eduardo Osorio Calder\u00f3n fueron posesionados en cargos del Ministerio de Hidrocarburos","twitter_image":"https:\/\/infobo.digital\/wp-content\/uploads\/2026\/09\/1788295431742.webp","twitter_misc":{"Escrito por":"Redacci\u00f3n General","Tiempo de lectura":"2 minutos"},"schema":{"@context":"https:\/\/schema.org","@graph":[{"@type":"Article","@id":"https:\/\/infobo.digital\/?p=7450#article","isPartOf":{"@id":"https:\/\/infobo.digital\/?p=7450"},"author":{"name":"Redacci\u00f3n General","@id":"https:\/\/infobo.digital\/#\/schema\/person\/ecf650d5ce7363a55760f67687117a7a"},"headline":"Hidrocarburos incorpora a tres nuevos viceministros para \u00e1reas estrat\u00e9gicas","datePublished":"2026-09-01T22:33:40+00:00","dateModified":"2026-09-01T22:33:47+00:00","mainEntityOfPage":{"@id":"https:\/\/infobo.digital\/?p=7450"},"wordCount":287,"publisher":{"@id":"https:\/\/infobo.digital\/#organization"},"image":{"@id":"https:\/\/infobo.digital\/?p=7450#primaryimage"},"thumbnailUrl":"https:\/\/infobo.digital\/wp-content\/uploads\/2026\/09\/1788295431742.webp","keywords":["Hidrocarburos","Ministerio","posesi\u00f3n"],"articleSection":["Nacional"],"inLanguage":"es"},{"@type":"WebPage","@id":"https:\/\/infobo.digital\/?p=7450","url":"https:\/\/infobo.digital\/?p=7450","name":"Hidrocarburos incorpora a tres nuevos viceministros","isPartOf":{"@id":"https:\/\/infobo.digital\/#website"},"primaryImageOfPage":{"@id":"https:\/\/infobo.digital\/?p=7450#primaryimage"},"image":{"@id":"https:\/\/infobo.digital\/?p=7450#primaryimage"},"thumbnailUrl":"https:\/\/infobo.digital\/wp-content\/uploads\/2026\/09\/1788295431742.webp","datePublished":"2026-09-01T22:33:40+00:00","dateModified":"2026-09-01T22:33:47+00:00","description":"Tatiana Genuzio Patzi, Jos\u00e9 Ustariz M\u00e1rquez y Luis Eduardo Osorio Calder\u00f3n fueron posesionados en cargos del Ministerio de Hidrocarburos","breadcrumb":{"@id":"https:\/\/infobo.digital\/?p=7450#breadcrumb"},"inLanguage":"es","potentialAction":[{"@type":"ReadAction","target":["https:\/\/infobo.digital\/?p=7450"]}]},{"@type":"ImageObject","inLanguage":"es","@id":"https:\/\/infobo.digital\/?p=7450#primaryimage","url":"https:\/\/infobo.digital\/wp-content\/uploads\/2026\/09\/1788295431742.webp","contentUrl":"https:\/\/infobo.digital\/wp-content\/uploads\/2026\/09\/1788295431742.webp","width":400,"height":225},{"@type":"BreadcrumbList","@id":"https:\/\/infobo.digital\/?p=7450#breadcrumb","itemListElement":[{"@type":"ListItem","position":1,"name":"Portada","item":"https:\/\/infobo.digital\/"},{"@type":"ListItem","position":2,"name":"Hidrocarburos incorpora a tres nuevos viceministros para \u00e1reas estrat\u00e9gicas"}]},{"@type":"WebSite","@id":"https:\/\/infobo.digital\/#website","url":"https:\/\/infobo.digital\/","name":"Info Bolivia Digital","description":"","publisher":{"@id":"https:\/\/infobo.digital\/#organization"},"potentialAction":[{"@type":"SearchAction","target":{"@type":"EntryPoint","urlTemplate":"https:\/\/infobo.digital\/?s={search_term_string}"},"query-input":{"@type":"PropertyValueSpecification","valueRequired":true,"valueName":"search_term_string"}}],"inLanguage":"es"},{"@type":"Organization","@id":"https:\/\/infobo.digital\/#organization","name":"Info Bolivia Digital","alternateName":"Info Bolivia Digital","url":"https:\/\/infobo.digital\/","logo":{"@type":"ImageObject","inLanguage":"es","@id":"https:\/\/infobo.digital\/#\/schema\/logo\/image\/","url":"https:\/\/infobo.digital\/wp-content\/uploads\/2024\/05\/cropped-logo-1.png","contentUrl":"https:\/\/infobo.digital\/wp-content\/uploads\/2024\/05\/cropped-logo-1.png","width":3000,"height":999,"caption":"Info Bolivia Digital"},"image":{"@id":"https:\/\/infobo.digital\/#\/schema\/logo\/image\/"},"sameAs":["https:\/\/www.facebook.com\/profile.php?id=61560121555099&mibextid=qi2Omg&rdid=j3LLjPu1LdtSYmlZ","https:\/\/www.tiktok.com\/@infodigital.bo?_t=8od23EgGmH8&_r=1"]},{"@type":"Person","@id":"https:\/\/infobo.digital\/#\/schema\/person\/ecf650d5ce7363a55760f67687117a7a","name":"Redacci\u00f3n General","image":{"@type":"ImageObject","inLanguage":"es","@id":"https:\/\/secure.gravatar.com\/avatar\/97bd61f1308a28696179d42a05cfb514987ef11bd51bb8c6ad7056f2a513d186?s=96&d=mm&r=g","url":"https:\/\/secure.gravatar.com\/avatar\/97bd61f1308a28696179d42a05cfb514987ef11bd51bb8c6ad7056f2a513d186?s=96&d=mm&r=g","contentUrl":"https:\/\/secure.gravatar.com\/avatar\/97bd61f1308a28696179d42a05cfb514987ef11bd51bb8c6ad7056f2a513d186?s=96&d=mm&r=g","caption":"Redacci\u00f3n General"},"sameAs":["https:\/\/infobo.digital\/"]}]}},"jetpack_featured_media_url":"https:\/\/infobo.digital\/wp-content\/uploads\/2026\/09\/1788295431742.webp","jetpack_sharing_enabled":true,"_links":{"self":[{"href":"https:\/\/infobo.digital\/index.php?rest_route=\/wp\/v2\/posts\/7450","targetHints":{"allow":["GET"]}}],"collection":[{"href":"https:\/\/infobo.digital\/index.php?rest_route=\/wp\/v2\/posts"}],"about":[{"href":"https:\/\/infobo.digital\/index.php?rest_route=\/wp\/v2\/types\/post"}],"author":[{"embeddable":true,"href":"https:\/\/infobo.digital\/index.php?rest_route=\/wp\/v2\/users\/8"}],"replies":[{"embeddable":true,"href":"https:\/\/infobo.digital\/index.php?rest_route=%2Fwp%2Fv2%2Fcomments&post=7450"}],"version-history":[{"count":1,"href":"https:\/\/infobo.digital\/index.php?rest_route=\/wp\/v2\/posts\/7450\/revisions"}],"predecessor-version":[{"id":7452,"href":"https:\/\/infobo.digital\/index.php?rest_route=\/wp\/v2\/posts\/7450\/revisions\/7452"}],"wp:featuredmedia":[{"embeddable":true,"href":"https:\/\/infobo.digital\/index.php?rest_route=\/wp\/v2\/media\/7451"}],"wp:attachment":[{"href":"https:\/\/infobo.digital\/index.php?rest_route=%2Fwp%2Fv2%2Fmedia&parent=7450"}],"wp:term":[{"taxonomy":"category","embeddable":true,"href":"https:\/\/infobo.digital\/index.php?rest_route=%2Fwp%2Fv2%2Fcategories&post=7450"},{"taxonomy":"post_tag","embeddable":true,"href":"https:\/\/infobo.digital\/index.php?rest_route=%2Fwp%2Fv2%2Ftags&post=7450"}],"curies":[{"name":"wp","href":"https:\/\/api.w.org\/{rel}","templated":true}]}}