{"id":7453,"date":"2026-09-02T12:10:34","date_gmt":"2026-09-02T16:10:34","guid":{"rendered":"https:\/\/infobo.digital\/?p=7453"},"modified":"2026-09-02T12:10:38","modified_gmt":"2026-09-02T16:10:38","slug":"tarija-tiene-nueva-fiscal-departamental-lesly-tania-aleman-leano","status":"publish","type":"post","link":"https:\/\/infobo.digital\/?p=7453","title":{"rendered":"Tarija tiene nueva Fiscal Departamental y marca un hito para las mujeres en el Ministerio P\u00fablico"},"content":{"rendered":"\n<p><em>Lesly Tania Aleman Lea\u00f1o asumi\u00f3 oficialmente como Fiscal Departamental de Tarija, en una designaci\u00f3n que destaca la trayectoria de una joven profesional y marca un hecho hist\u00f3rico en la conducci\u00f3n del Ministerio P\u00fablico durante la presente gesti\u00f3n.\u200e<\/em><\/p>\n\n\n\n<p><strong>Tarija, 2 de septiembre de 2026 .\u2014<\/strong> La Dra. Lesly Tania Aleman Lea\u00f1o asumi\u00f3 oficialmente como nueva Fiscal Departamental de Tarija, consolidando un nuevo cap\u00edtulo en la conducci\u00f3n institucional del Ministerio P\u00fablico y destacando, al mismo tiempo, el creciente protagonismo de las mujeres en espacios de alta responsabilidad dentro de la administraci\u00f3n de justicia.<\/p>\n\n\n\n<p>Aleman Lea\u00f1o es profesional formada en la Universidad Aut\u00f3noma Juan Misael Saracho (UAJMS) de Tarija y cuenta con una amplia preparaci\u00f3n acad\u00e9mica de posgrado realizada en distintas universidades del pa\u00eds. <\/p>\n\n\n\n<p>A esta formaci\u00f3n se suma una trayectoria institucional de m\u00e1s de ocho a\u00f1os, desarrollada tanto en la Fiscal\u00eda Departamental de Tarija como en la Fiscal\u00eda General del Estado.Su designaci\u00f3n adquiere una relevancia particular al coincidir con la de la nueva Fiscal Departamental del Beni, convirti\u00e9ndose ambas en las dos primeras mujeres en conducir fiscal\u00edas departamentales dentro del Ministerio P\u00fablico durante la presente gesti\u00f3n.<\/p>\n\n\n\n<p>El nombramiento representa un reconocimiento a la capacidad, trayectoria y compromiso de las mujeres en la construcci\u00f3n y fortalecimiento de las instituciones del Estado, adem\u00e1s de reflejar la incorporaci\u00f3n de nuevos liderazgos en responsabilidades estrat\u00e9gicas de la administraci\u00f3n de justicia.<\/p>\n\n\n\n<p>Este proceso se desarrolla durante la gesti\u00f3n del Fiscal General del Estado, Dr. Roger Rider Mariaca Montenegro, quien impulsa una visi\u00f3n institucional orientada al fortalecimiento del Ministerio P\u00fablico, la transparencia, la eficiencia y una justicia cercana a la ciudadan\u00eda.<\/p>\n\n\n\n<p>Al asumir sus nuevas funciones, Aleman Lea\u00f1o afronta el desaf\u00edo con un profundo sentido de responsabilidad y reafirma su compromiso de ejercer el cargo con integridad, vocaci\u00f3n de servicio y sensibilidad social.<\/p>\n\n\n\n<p>La llegada de una mujer con experiencia dentro de la propia estructura del Ministerio P\u00fablico a la conducci\u00f3n de la Fiscal\u00eda Departamental de Tarija constituye, as\u00ed, un acontecimiento relevante para la instituci\u00f3n y para la participaci\u00f3n femenina en la toma de decisiones p\u00fablicas, en un momento en que el fortalecimiento institucional y la cercan\u00eda con la ciudadan\u00eda se plantean como desaf\u00edos centrales de la justicia boliviana.<\/p>\n","protected":false},"excerpt":{"rendered":"<p>Lesly Tania Aleman Lea\u00f1o asumi\u00f3 como Fiscal Departamental de Tarija, en una designaci\u00f3n que destaca la trayectoria de una joven profesional<\/p>\n","protected":false},"author":8,"featured_media":7454,"comment_status":"closed","ping_status":"closed","sticky":false,"template":"","format":"standard","meta":{"jetpack_post_was_ever_published":false,"_jetpack_newsletter_access":"","_jetpack_dont_email_post_to_subs":false,"_jetpack_newsletter_tier_id":0,"_jetpack_memberships_contains_paywalled_content":false,"_jetpack_memberships_contains_paid_content":false,"footnotes":""},"categories":[8],"tags":[2003,745,57],"class_list":["post-7453","post","type-post","status-publish","format-standard","has-post-thumbnail","hentry","category-nacional","tag-fiscal","tag-ministerio-publico","tag-tarija"],"yoast_head":"<!-- This site is optimized with the Yoast SEO plugin v28.0 - https:\/\/yoast.com\/product\/yoast-seo-wordpress\/ -->\n<title>Tarija tiene nueva Fiscal Departamental, Lesly Tania Aleman Lea\u00f1o<\/title>\n<meta name=\"description\" content=\"Lesly Tania Aleman Lea\u00f1o asumi\u00f3 como Fiscal Departamental de Tarija, en una designaci\u00f3n que destaca la trayectoria de una joven profesional\" \/>\n<meta name=\"robots\" content=\"index, follow, max-snippet:-1, max-image-preview:large, max-video-preview:-1\" \/>\n<link rel=\"canonical\" href=\"https:\/\/infobo.digital\/?p=7453\" \/>\n<meta property=\"og:locale\" content=\"es_ES\" \/>\n<meta property=\"og:type\" content=\"article\" \/>\n<meta property=\"og:title\" content=\"Tarija tiene nueva Fiscal Departamental, Lesly Tania Aleman Lea\u00f1o\" \/>\n<meta property=\"og:description\" content=\"Lesly Tania Aleman Lea\u00f1o asumi\u00f3 como Fiscal Departamental de Tarija, en una designaci\u00f3n que destaca la trayectoria de una joven profesional\" \/>\n<meta property=\"og:url\" content=\"https:\/\/infobo.digital\/?p=7453\" \/>\n<meta property=\"article:publisher\" content=\"https:\/\/www.facebook.com\/profile.php?id=61560121555099&amp;mibextid=qi2Omg&amp;rdid=j3LLjPu1LdtSYmlZ\" \/>\n<meta property=\"article:published_time\" content=\"2026-09-02T16:10:34+00:00\" \/>\n<meta property=\"article:modified_time\" content=\"2026-09-02T16:10:38+00:00\" \/>\n<meta property=\"og:image\" content=\"https:\/\/infobo.digital\/wp-content\/uploads\/2026\/09\/FB_IMG_1788364804565.jpg\" \/>\n\t<meta property=\"og:image:width\" content=\"1280\" \/>\n\t<meta property=\"og:image:height\" content=\"721\" \/>\n\t<meta property=\"og:image:type\" content=\"image\/jpeg\" \/>\n<meta name=\"author\" content=\"Redacci\u00f3n General\" \/>\n<meta name=\"twitter:card\" content=\"summary_large_image\" \/>\n<meta name=\"twitter:title\" content=\"Tarija tiene nueva Fiscal Departamental, Lesly Tania Aleman Lea\u00f1o\" \/>\n<meta name=\"twitter:description\" content=\"Lesly Tania Aleman Lea\u00f1o asumi\u00f3 como Fiscal Departamental de Tarija, en una designaci\u00f3n que destaca la trayectoria de una joven profesional\" \/>\n<meta name=\"twitter:image\" content=\"https:\/\/infobo.digital\/wp-content\/uploads\/2026\/09\/FB_IMG_1788364804565.jpg\" \/>\n<meta name=\"twitter:label1\" content=\"Escrito por\" \/>\n\t<meta name=\"twitter:data1\" content=\"Redacci\u00f3n General\" \/>\n\t<meta name=\"twitter:label2\" content=\"Tiempo de lectura\" \/>\n\t<meta name=\"twitter:data2\" content=\"2 minutos\" \/>\n<script type=\"application\/ld+json\" class=\"yoast-schema-graph\">{\"@context\":\"https:\\\/\\\/schema.org\",\"@graph\":[{\"@type\":\"Article\",\"@id\":\"https:\\\/\\\/infobo.digital\\\/?p=7453#article\",\"isPartOf\":{\"@id\":\"https:\\\/\\\/infobo.digital\\\/?p=7453\"},\"author\":{\"name\":\"Redacci\u00f3n General\",\"@id\":\"https:\\\/\\\/infobo.digital\\\/#\\\/schema\\\/person\\\/ecf650d5ce7363a55760f67687117a7a\"},\"headline\":\"Tarija tiene nueva Fiscal Departamental y marca un hito para las mujeres en el Ministerio P\u00fablico\",\"datePublished\":\"2026-09-02T16:10:34+00:00\",\"dateModified\":\"2026-09-02T16:10:38+00:00\",\"mainEntityOfPage\":{\"@id\":\"https:\\\/\\\/infobo.digital\\\/?p=7453\"},\"wordCount\":423,\"publisher\":{\"@id\":\"https:\\\/\\\/infobo.digital\\\/#organization\"},\"image\":{\"@id\":\"https:\\\/\\\/infobo.digital\\\/?p=7453#primaryimage\"},\"thumbnailUrl\":\"https:\\\/\\\/infobo.digital\\\/wp-content\\\/uploads\\\/2026\\\/09\\\/FB_IMG_1788364804565.jpg\",\"keywords\":[\"fiscal\",\"Ministerio P\u00fablico\",\"Tarija\"],\"articleSection\":[\"Nacional\"],\"inLanguage\":\"es\"},{\"@type\":\"WebPage\",\"@id\":\"https:\\\/\\\/infobo.digital\\\/?p=7453\",\"url\":\"https:\\\/\\\/infobo.digital\\\/?p=7453\",\"name\":\"Tarija tiene nueva Fiscal Departamental, Lesly Tania Aleman Lea\u00f1o\",\"isPartOf\":{\"@id\":\"https:\\\/\\\/infobo.digital\\\/#website\"},\"primaryImageOfPage\":{\"@id\":\"https:\\\/\\\/infobo.digital\\\/?p=7453#primaryimage\"},\"image\":{\"@id\":\"https:\\\/\\\/infobo.digital\\\/?p=7453#primaryimage\"},\"thumbnailUrl\":\"https:\\\/\\\/infobo.digital\\\/wp-content\\\/uploads\\\/2026\\\/09\\\/FB_IMG_1788364804565.jpg\",\"datePublished\":\"2026-09-02T16:10:34+00:00\",\"dateModified\":\"2026-09-02T16:10:38+00:00\",\"description\":\"Lesly Tania Aleman Lea\u00f1o asumi\u00f3 como Fiscal Departamental de Tarija, en una designaci\u00f3n que destaca la trayectoria de una joven profesional\",\"breadcrumb\":{\"@id\":\"https:\\\/\\\/infobo.digital\\\/?p=7453#breadcrumb\"},\"inLanguage\":\"es\",\"potentialAction\":[{\"@type\":\"ReadAction\",\"target\":[\"https:\\\/\\\/infobo.digital\\\/?p=7453\"]}]},{\"@type\":\"ImageObject\",\"inLanguage\":\"es\",\"@id\":\"https:\\\/\\\/infobo.digital\\\/?p=7453#primaryimage\",\"url\":\"https:\\\/\\\/infobo.digital\\\/wp-content\\\/uploads\\\/2026\\\/09\\\/FB_IMG_1788364804565.jpg\",\"contentUrl\":\"https:\\\/\\\/infobo.digital\\\/wp-content\\\/uploads\\\/2026\\\/09\\\/FB_IMG_1788364804565.jpg\",\"width\":1280,\"height\":721},{\"@type\":\"BreadcrumbList\",\"@id\":\"https:\\\/\\\/infobo.digital\\\/?p=7453#breadcrumb\",\"itemListElement\":[{\"@type\":\"ListItem\",\"position\":1,\"name\":\"Portada\",\"item\":\"https:\\\/\\\/infobo.digital\\\/\"},{\"@type\":\"ListItem\",\"position\":2,\"name\":\"Tarija tiene nueva Fiscal Departamental y marca un hito para las mujeres en el Ministerio P\u00fablico\"}]},{\"@type\":\"WebSite\",\"@id\":\"https:\\\/\\\/infobo.digital\\\/#website\",\"url\":\"https:\\\/\\\/infobo.digital\\\/\",\"name\":\"Info Bolivia Digital\",\"description\":\"\",\"publisher\":{\"@id\":\"https:\\\/\\\/infobo.digital\\\/#organization\"},\"potentialAction\":[{\"@type\":\"SearchAction\",\"target\":{\"@type\":\"EntryPoint\",\"urlTemplate\":\"https:\\\/\\\/infobo.digital\\\/?s={search_term_string}\"},\"query-input\":{\"@type\":\"PropertyValueSpecification\",\"valueRequired\":true,\"valueName\":\"search_term_string\"}}],\"inLanguage\":\"es\"},{\"@type\":\"Organization\",\"@id\":\"https:\\\/\\\/infobo.digital\\\/#organization\",\"name\":\"Info Bolivia Digital\",\"alternateName\":\"Info Bolivia Digital\",\"url\":\"https:\\\/\\\/infobo.digital\\\/\",\"logo\":{\"@type\":\"ImageObject\",\"inLanguage\":\"es\",\"@id\":\"https:\\\/\\\/infobo.digital\\\/#\\\/schema\\\/logo\\\/image\\\/\",\"url\":\"https:\\\/\\\/infobo.digital\\\/wp-content\\\/uploads\\\/2024\\\/05\\\/cropped-logo-1.png\",\"contentUrl\":\"https:\\\/\\\/infobo.digital\\\/wp-content\\\/uploads\\\/2024\\\/05\\\/cropped-logo-1.png\",\"width\":3000,\"height\":999,\"caption\":\"Info Bolivia Digital\"},\"image\":{\"@id\":\"https:\\\/\\\/infobo.digital\\\/#\\\/schema\\\/logo\\\/image\\\/\"},\"sameAs\":[\"https:\\\/\\\/www.facebook.com\\\/profile.php?id=61560121555099&mibextid=qi2Omg&rdid=j3LLjPu1LdtSYmlZ\",\"https:\\\/\\\/www.tiktok.com\\\/@infodigital.bo?_t=8od23EgGmH8&_r=1\"]},{\"@type\":\"Person\",\"@id\":\"https:\\\/\\\/infobo.digital\\\/#\\\/schema\\\/person\\\/ecf650d5ce7363a55760f67687117a7a\",\"name\":\"Redacci\u00f3n General\",\"image\":{\"@type\":\"ImageObject\",\"inLanguage\":\"es\",\"@id\":\"https:\\\/\\\/secure.gravatar.com\\\/avatar\\\/97bd61f1308a28696179d42a05cfb514987ef11bd51bb8c6ad7056f2a513d186?s=96&d=mm&r=g\",\"url\":\"https:\\\/\\\/secure.gravatar.com\\\/avatar\\\/97bd61f1308a28696179d42a05cfb514987ef11bd51bb8c6ad7056f2a513d186?s=96&d=mm&r=g\",\"contentUrl\":\"https:\\\/\\\/secure.gravatar.com\\\/avatar\\\/97bd61f1308a28696179d42a05cfb514987ef11bd51bb8c6ad7056f2a513d186?s=96&d=mm&r=g\",\"caption\":\"Redacci\u00f3n General\"},\"sameAs\":[\"https:\\\/\\\/infobo.digital\\\/\"]}]}<\/script>\n<!-- \/ Yoast SEO plugin. -->","yoast_head_json":{"title":"Tarija tiene nueva Fiscal Departamental, Lesly Tania Aleman Lea\u00f1o","description":"Lesly Tania Aleman Lea\u00f1o asumi\u00f3 como Fiscal Departamental de Tarija, en una designaci\u00f3n que destaca la trayectoria de una joven profesional","robots":{"index":"index","follow":"follow","max-snippet":"max-snippet:-1","max-image-preview":"max-image-preview:large","max-video-preview":"max-video-preview:-1"},"canonical":"https:\/\/infobo.digital\/?p=7453","og_locale":"es_ES","og_type":"article","og_title":"Tarija tiene nueva Fiscal Departamental, Lesly Tania Aleman Lea\u00f1o","og_description":"Lesly Tania Aleman Lea\u00f1o asumi\u00f3 como Fiscal Departamental de Tarija, en una designaci\u00f3n que destaca la trayectoria de una joven profesional","og_url":"https:\/\/infobo.digital\/?p=7453","article_publisher":"https:\/\/www.facebook.com\/profile.php?id=61560121555099&mibextid=qi2Omg&rdid=j3LLjPu1LdtSYmlZ","article_published_time":"2026-09-02T16:10:34+00:00","article_modified_time":"2026-09-02T16:10:38+00:00","og_image":[{"width":1280,"height":721,"url":"https:\/\/infobo.digital\/wp-content\/uploads\/2026\/09\/FB_IMG_1788364804565.jpg","type":"image\/jpeg"}],"author":"Redacci\u00f3n General","twitter_card":"summary_large_image","twitter_title":"Tarija tiene nueva Fiscal Departamental, Lesly Tania Aleman Lea\u00f1o","twitter_description":"Lesly Tania Aleman Lea\u00f1o asumi\u00f3 como Fiscal Departamental de Tarija, en una designaci\u00f3n que destaca la trayectoria de una joven profesional","twitter_image":"https:\/\/infobo.digital\/wp-content\/uploads\/2026\/09\/FB_IMG_1788364804565.jpg","twitter_misc":{"Escrito por":"Redacci\u00f3n General","Tiempo de lectura":"2 minutos"},"schema":{"@context":"https:\/\/schema.org","@graph":[{"@type":"Article","@id":"https:\/\/infobo.digital\/?p=7453#article","isPartOf":{"@id":"https:\/\/infobo.digital\/?p=7453"},"author":{"name":"Redacci\u00f3n General","@id":"https:\/\/infobo.digital\/#\/schema\/person\/ecf650d5ce7363a55760f67687117a7a"},"headline":"Tarija tiene nueva Fiscal Departamental y marca un hito para las mujeres en el Ministerio P\u00fablico","datePublished":"2026-09-02T16:10:34+00:00","dateModified":"2026-09-02T16:10:38+00:00","mainEntityOfPage":{"@id":"https:\/\/infobo.digital\/?p=7453"},"wordCount":423,"publisher":{"@id":"https:\/\/infobo.digital\/#organization"},"image":{"@id":"https:\/\/infobo.digital\/?p=7453#primaryimage"},"thumbnailUrl":"https:\/\/infobo.digital\/wp-content\/uploads\/2026\/09\/FB_IMG_1788364804565.jpg","keywords":["fiscal","Ministerio P\u00fablico","Tarija"],"articleSection":["Nacional"],"inLanguage":"es"},{"@type":"WebPage","@id":"https:\/\/infobo.digital\/?p=7453","url":"https:\/\/infobo.digital\/?p=7453","name":"Tarija tiene nueva Fiscal Departamental, Lesly Tania Aleman Lea\u00f1o","isPartOf":{"@id":"https:\/\/infobo.digital\/#website"},"primaryImageOfPage":{"@id":"https:\/\/infobo.digital\/?p=7453#primaryimage"},"image":{"@id":"https:\/\/infobo.digital\/?p=7453#primaryimage"},"thumbnailUrl":"https:\/\/infobo.digital\/wp-content\/uploads\/2026\/09\/FB_IMG_1788364804565.jpg","datePublished":"2026-09-02T16:10:34+00:00","dateModified":"2026-09-02T16:10:38+00:00","description":"Lesly Tania Aleman Lea\u00f1o asumi\u00f3 como Fiscal Departamental de Tarija, en una designaci\u00f3n que destaca la trayectoria de una joven profesional","breadcrumb":{"@id":"https:\/\/infobo.digital\/?p=7453#breadcrumb"},"inLanguage":"es","potentialAction":[{"@type":"ReadAction","target":["https:\/\/infobo.digital\/?p=7453"]}]},{"@type":"ImageObject","inLanguage":"es","@id":"https:\/\/infobo.digital\/?p=7453#primaryimage","url":"https:\/\/infobo.digital\/wp-content\/uploads\/2026\/09\/FB_IMG_1788364804565.jpg","contentUrl":"https:\/\/infobo.digital\/wp-content\/uploads\/2026\/09\/FB_IMG_1788364804565.jpg","width":1280,"height":721},{"@type":"BreadcrumbList","@id":"https:\/\/infobo.digital\/?p=7453#breadcrumb","itemListElement":[{"@type":"ListItem","position":1,"name":"Portada","item":"https:\/\/infobo.digital\/"},{"@type":"ListItem","position":2,"name":"Tarija tiene nueva Fiscal Departamental y marca un hito para las mujeres en el Ministerio P\u00fablico"}]},{"@type":"WebSite","@id":"https:\/\/infobo.digital\/#website","url":"https:\/\/infobo.digital\/","name":"Info Bolivia Digital","description":"","publisher":{"@id":"https:\/\/infobo.digital\/#organization"},"potentialAction":[{"@type":"SearchAction","target":{"@type":"EntryPoint","urlTemplate":"https:\/\/infobo.digital\/?s={search_term_string}"},"query-input":{"@type":"PropertyValueSpecification","valueRequired":true,"valueName":"search_term_string"}}],"inLanguage":"es"},{"@type":"Organization","@id":"https:\/\/infobo.digital\/#organization","name":"Info Bolivia Digital","alternateName":"Info Bolivia Digital","url":"https:\/\/infobo.digital\/","logo":{"@type":"ImageObject","inLanguage":"es","@id":"https:\/\/infobo.digital\/#\/schema\/logo\/image\/","url":"https:\/\/infobo.digital\/wp-content\/uploads\/2024\/05\/cropped-logo-1.png","contentUrl":"https:\/\/infobo.digital\/wp-content\/uploads\/2024\/05\/cropped-logo-1.png","width":3000,"height":999,"caption":"Info Bolivia Digital"},"image":{"@id":"https:\/\/infobo.digital\/#\/schema\/logo\/image\/"},"sameAs":["https:\/\/www.facebook.com\/profile.php?id=61560121555099&mibextid=qi2Omg&rdid=j3LLjPu1LdtSYmlZ","https:\/\/www.tiktok.com\/@infodigital.bo?_t=8od23EgGmH8&_r=1"]},{"@type":"Person","@id":"https:\/\/infobo.digital\/#\/schema\/person\/ecf650d5ce7363a55760f67687117a7a","name":"Redacci\u00f3n General","image":{"@type":"ImageObject","inLanguage":"es","@id":"https:\/\/secure.gravatar.com\/avatar\/97bd61f1308a28696179d42a05cfb514987ef11bd51bb8c6ad7056f2a513d186?s=96&d=mm&r=g","url":"https:\/\/secure.gravatar.com\/avatar\/97bd61f1308a28696179d42a05cfb514987ef11bd51bb8c6ad7056f2a513d186?s=96&d=mm&r=g","contentUrl":"https:\/\/secure.gravatar.com\/avatar\/97bd61f1308a28696179d42a05cfb514987ef11bd51bb8c6ad7056f2a513d186?s=96&d=mm&r=g","caption":"Redacci\u00f3n General"},"sameAs":["https:\/\/infobo.digital\/"]}]}},"jetpack_featured_media_url":"https:\/\/infobo.digital\/wp-content\/uploads\/2026\/09\/FB_IMG_1788364804565.jpg","jetpack_sharing_enabled":true,"_links":{"self":[{"href":"https:\/\/infobo.digital\/index.php?rest_route=\/wp\/v2\/posts\/7453","targetHints":{"allow":["GET"]}}],"collection":[{"href":"https:\/\/infobo.digital\/index.php?rest_route=\/wp\/v2\/posts"}],"about":[{"href":"https:\/\/infobo.digital\/index.php?rest_route=\/wp\/v2\/types\/post"}],"author":[{"embeddable":true,"href":"https:\/\/infobo.digital\/index.php?rest_route=\/wp\/v2\/users\/8"}],"replies":[{"embeddable":true,"href":"https:\/\/infobo.digital\/index.php?rest_route=%2Fwp%2Fv2%2Fcomments&post=7453"}],"version-history":[{"count":2,"href":"https:\/\/infobo.digital\/index.php?rest_route=\/wp\/v2\/posts\/7453\/revisions"}],"predecessor-version":[{"id":7456,"href":"https:\/\/infobo.digital\/index.php?rest_route=\/wp\/v2\/posts\/7453\/revisions\/7456"}],"wp:featuredmedia":[{"embeddable":true,"href":"https:\/\/infobo.digital\/index.php?rest_route=\/wp\/v2\/media\/7454"}],"wp:attachment":[{"href":"https:\/\/infobo.digital\/index.php?rest_route=%2Fwp%2Fv2%2Fmedia&parent=7453"}],"wp:term":[{"taxonomy":"category","embeddable":true,"href":"https:\/\/infobo.digital\/index.php?rest_route=%2Fwp%2Fv2%2Fcategories&post=7453"},{"taxonomy":"post_tag","embeddable":true,"href":"https:\/\/infobo.digital\/index.php?rest_route=%2Fwp%2Fv2%2Ftags&post=7453"}],"curies":[{"name":"wp","href":"https:\/\/api.w.org\/{rel}","templated":true}]}}