{"id":7457,"date":"2026-09-02T18:28:13","date_gmt":"2026-09-02T22:28:13","guid":{"rendered":"https:\/\/infobo.digital\/?p=7457"},"modified":"2026-09-02T18:28:15","modified_gmt":"2026-09-02T22:28:15","slug":"se-prevee-que-privados-asuman-la-importacion-de-combustibles","status":"publish","type":"post","link":"https:\/\/infobo.digital\/?p=7457","title":{"rendered":"Gobierno proyecta que privados asuman la importaci\u00f3n de combustibles y que YPFB vuelva a enfocarse en exploraci\u00f3n y refiner\u00edas"},"content":{"rendered":"\n<p><em>El Gobierno plantea modificar progresivamente el papel de Yacimientos Petrol\u00edferos Fiscales Bolivianos (YPFB) en la cadena de abastecimiento de combustibles para que el sector privado asuma la importaci\u00f3n y provisi\u00f3n de carburantes, mientras la petrolera estatal concentra sus operaciones en exploraci\u00f3n, explotaci\u00f3n y refiner\u00edas.\u200e\u200e<\/em><\/p>\n\n\n\n<p><strong>La Paz, 2 de septiembre de 2026 .\u2014<\/strong> El ministro de Hidrocarburos, Marcelo Blanco, inform\u00f3 este mi\u00e9rcoles que la propuesta contempla una participaci\u00f3n gradual de empresas privadas en la importaci\u00f3n y comercializaci\u00f3n de combustibles, con el objetivo de que YPFB deje paulatinamente el rol de importador y retorne a funciones vinculadas con sus actividades productivas.<\/p>\n\n\n\n<p>\u200e\u200e\u201cLa intenci\u00f3n del Gobierno es que YPFB vuelva a su rol natural y no se dedique a comercializar hidrocarburos\u201d, afirm\u00f3 Blanco. En esa l\u00ednea, se\u00f1al\u00f3 que se busca que los privados participen \u201cen toda la cadena\u201d, aunque aclar\u00f3 que la empresa estatal continuar\u00e1 interviniendo durante el proceso de transici\u00f3n.<\/p>\n\n\n\n<p>\u200e\u200e\u201cYPFB va a seguir participando, pero paulatinamente se tendr\u00e1 que retirar y empezar a dedicarse a actividades de explotaci\u00f3n, exploraci\u00f3n y trabajar con las refiner\u00edas\u201d, sostuvo el ministro.<\/p>\n\n\n\n<p>\u200e\u200eLa propuesta se conoce en medio de la crisis de abastecimiento de combustibles que afecta al pa\u00eds y de la intervenci\u00f3n de YPFB dispuesta por el Gobierno mediante el Decreto Supremo 5697. La medida tendr\u00e1 una vigencia de 180 d\u00edas y busca atender, entre otros aspectos, las deficiencias log\u00edsticas que han contribuido a la escasez de carburantes y a la formaci\u00f3n de extensas filas en los puntos de abastecimiento.\u200e\u200e<\/p>\n\n\n\n<p>El planteamiento oficial apunta, de esta manera, a una transformaci\u00f3n del esquema actual de provisi\u00f3n de combustibles, en el que YPFB cumple un papel central en la importaci\u00f3n y comercializaci\u00f3n.<\/p>\n\n\n\n<p> Bajo el nuevo enfoque anunciado por el Ejecutivo, la participaci\u00f3n privada se ampliar\u00eda progresivamente, mientras la estatal recuperar\u00eda un mayor \u00e9nfasis en las actividades vinculadas con la producci\u00f3n y procesamiento de hidrocarburos.\u200e\u200e<\/p>\n\n\n\n<p>El Gobierno prev\u00e9 que esta transici\u00f3n permita redefinir las responsabilidades dentro de la cadena de hidrocarburos y atender las dificultades que han marcado el suministro de combustibles. Por ahora, el proceso se encuentra en fase de planteamiento, mientras la intervenci\u00f3n.<\/p>\n","protected":false},"excerpt":{"rendered":"<p>Gobierno plantea modificar el papel de YPFB en el abastecimiento de combustibles para que el sector privado asuma la importaci\u00f3n<\/p>\n","protected":false},"author":8,"featured_media":7458,"comment_status":"closed","ping_status":"closed","sticky":false,"template":"","format":"standard","meta":{"jetpack_post_was_ever_published":false,"_jetpack_newsletter_access":"","_jetpack_dont_email_post_to_subs":false,"_jetpack_newsletter_tier_id":0,"_jetpack_memberships_contains_paywalled_content":false,"_jetpack_memberships_contains_paid_content":false,"footnotes":""},"categories":[5],"tags":[127,190,2041,25],"class_list":["post-7457","post","type-post","status-publish","format-standard","has-post-thumbnail","hentry","category-economia","tag-combustible","tag-gobierno","tag-importacion-2","tag-ypfb"],"yoast_head":"<!-- This site is optimized with the Yoast SEO plugin v28.0 - https:\/\/yoast.com\/product\/yoast-seo-wordpress\/ -->\n<title>Se prevee que privados asuman la importaci\u00f3n de combustibles<\/title>\n<meta name=\"description\" content=\"Gobierno plantea modificar el papel de YPFB en el abastecimiento de combustibles para que el sector privado asuma la importaci\u00f3n\" \/>\n<meta name=\"robots\" content=\"index, follow, max-snippet:-1, max-image-preview:large, max-video-preview:-1\" \/>\n<link rel=\"canonical\" href=\"https:\/\/infobo.digital\/?p=7457\" \/>\n<meta property=\"og:locale\" content=\"es_ES\" \/>\n<meta property=\"og:type\" content=\"article\" \/>\n<meta property=\"og:title\" content=\"Se prevee que privados asuman la importaci\u00f3n de combustibles\" \/>\n<meta property=\"og:description\" content=\"Gobierno plantea modificar el papel de YPFB en el abastecimiento de combustibles para que el sector privado asuma la importaci\u00f3n\" \/>\n<meta property=\"og:url\" content=\"https:\/\/infobo.digital\/?p=7457\" \/>\n<meta property=\"article:publisher\" content=\"https:\/\/www.facebook.com\/profile.php?id=61560121555099&amp;mibextid=qi2Omg&amp;rdid=j3LLjPu1LdtSYmlZ\" \/>\n<meta property=\"article:published_time\" content=\"2026-09-02T22:28:13+00:00\" \/>\n<meta property=\"article:modified_time\" content=\"2026-09-02T22:28:15+00:00\" \/>\n<meta property=\"og:image\" content=\"https:\/\/infobo.digital\/wp-content\/uploads\/2026\/09\/noticias-unitel_101-16944140_20260902221257.webp\" \/>\n\t<meta property=\"og:image:width\" content=\"860\" \/>\n\t<meta property=\"og:image:height\" content=\"502\" \/>\n\t<meta property=\"og:image:type\" content=\"image\/webp\" \/>\n<meta name=\"author\" content=\"Redacci\u00f3n General\" \/>\n<meta name=\"twitter:card\" content=\"summary_large_image\" \/>\n<meta name=\"twitter:title\" content=\"Se prevee que privados asuman la importaci\u00f3n de combustibles\" \/>\n<meta name=\"twitter:description\" content=\"Gobierno plantea modificar el papel de YPFB en el abastecimiento de combustibles para que el sector privado asuma la importaci\u00f3n\" \/>\n<meta name=\"twitter:image\" content=\"https:\/\/infobo.digital\/wp-content\/uploads\/2026\/09\/noticias-unitel_101-16944140_20260902221257.webp\" \/>\n<meta name=\"twitter:label1\" content=\"Escrito por\" \/>\n\t<meta name=\"twitter:data1\" content=\"Redacci\u00f3n General\" \/>\n\t<meta name=\"twitter:label2\" content=\"Tiempo de lectura\" \/>\n\t<meta name=\"twitter:data2\" content=\"2 minutos\" \/>\n<script type=\"application\/ld+json\" class=\"yoast-schema-graph\">{\"@context\":\"https:\\\/\\\/schema.org\",\"@graph\":[{\"@type\":\"Article\",\"@id\":\"https:\\\/\\\/infobo.digital\\\/?p=7457#article\",\"isPartOf\":{\"@id\":\"https:\\\/\\\/infobo.digital\\\/?p=7457\"},\"author\":{\"name\":\"Redacci\u00f3n General\",\"@id\":\"https:\\\/\\\/infobo.digital\\\/#\\\/schema\\\/person\\\/ecf650d5ce7363a55760f67687117a7a\"},\"headline\":\"Gobierno proyecta que privados asuman la importaci\u00f3n de combustibles y que YPFB vuelva a enfocarse en exploraci\u00f3n y refiner\u00edas\",\"datePublished\":\"2026-09-02T22:28:13+00:00\",\"dateModified\":\"2026-09-02T22:28:15+00:00\",\"mainEntityOfPage\":{\"@id\":\"https:\\\/\\\/infobo.digital\\\/?p=7457\"},\"wordCount\":396,\"publisher\":{\"@id\":\"https:\\\/\\\/infobo.digital\\\/#organization\"},\"image\":{\"@id\":\"https:\\\/\\\/infobo.digital\\\/?p=7457#primaryimage\"},\"thumbnailUrl\":\"https:\\\/\\\/infobo.digital\\\/wp-content\\\/uploads\\\/2026\\\/09\\\/noticias-unitel_101-16944140_20260902221257.webp\",\"keywords\":[\"Combustible\",\"Gobierno\",\"importaci\u00f3n\",\"YPFB\"],\"articleSection\":[\"Econom\u00eda\"],\"inLanguage\":\"es\"},{\"@type\":\"WebPage\",\"@id\":\"https:\\\/\\\/infobo.digital\\\/?p=7457\",\"url\":\"https:\\\/\\\/infobo.digital\\\/?p=7457\",\"name\":\"Se prevee que privados asuman la importaci\u00f3n de combustibles\",\"isPartOf\":{\"@id\":\"https:\\\/\\\/infobo.digital\\\/#website\"},\"primaryImageOfPage\":{\"@id\":\"https:\\\/\\\/infobo.digital\\\/?p=7457#primaryimage\"},\"image\":{\"@id\":\"https:\\\/\\\/infobo.digital\\\/?p=7457#primaryimage\"},\"thumbnailUrl\":\"https:\\\/\\\/infobo.digital\\\/wp-content\\\/uploads\\\/2026\\\/09\\\/noticias-unitel_101-16944140_20260902221257.webp\",\"datePublished\":\"2026-09-02T22:28:13+00:00\",\"dateModified\":\"2026-09-02T22:28:15+00:00\",\"description\":\"Gobierno plantea modificar el papel de YPFB en el abastecimiento de combustibles para que el sector privado asuma la importaci\u00f3n\",\"breadcrumb\":{\"@id\":\"https:\\\/\\\/infobo.digital\\\/?p=7457#breadcrumb\"},\"inLanguage\":\"es\",\"potentialAction\":[{\"@type\":\"ReadAction\",\"target\":[\"https:\\\/\\\/infobo.digital\\\/?p=7457\"]}]},{\"@type\":\"ImageObject\",\"inLanguage\":\"es\",\"@id\":\"https:\\\/\\\/infobo.digital\\\/?p=7457#primaryimage\",\"url\":\"https:\\\/\\\/infobo.digital\\\/wp-content\\\/uploads\\\/2026\\\/09\\\/noticias-unitel_101-16944140_20260902221257.webp\",\"contentUrl\":\"https:\\\/\\\/infobo.digital\\\/wp-content\\\/uploads\\\/2026\\\/09\\\/noticias-unitel_101-16944140_20260902221257.webp\",\"width\":860,\"height\":502},{\"@type\":\"BreadcrumbList\",\"@id\":\"https:\\\/\\\/infobo.digital\\\/?p=7457#breadcrumb\",\"itemListElement\":[{\"@type\":\"ListItem\",\"position\":1,\"name\":\"Portada\",\"item\":\"https:\\\/\\\/infobo.digital\\\/\"},{\"@type\":\"ListItem\",\"position\":2,\"name\":\"Gobierno proyecta que privados asuman la importaci\u00f3n de combustibles y que YPFB vuelva a enfocarse en exploraci\u00f3n y refiner\u00edas\"}]},{\"@type\":\"WebSite\",\"@id\":\"https:\\\/\\\/infobo.digital\\\/#website\",\"url\":\"https:\\\/\\\/infobo.digital\\\/\",\"name\":\"Info Bolivia Digital\",\"description\":\"\",\"publisher\":{\"@id\":\"https:\\\/\\\/infobo.digital\\\/#organization\"},\"potentialAction\":[{\"@type\":\"SearchAction\",\"target\":{\"@type\":\"EntryPoint\",\"urlTemplate\":\"https:\\\/\\\/infobo.digital\\\/?s={search_term_string}\"},\"query-input\":{\"@type\":\"PropertyValueSpecification\",\"valueRequired\":true,\"valueName\":\"search_term_string\"}}],\"inLanguage\":\"es\"},{\"@type\":\"Organization\",\"@id\":\"https:\\\/\\\/infobo.digital\\\/#organization\",\"name\":\"Info Bolivia Digital\",\"alternateName\":\"Info Bolivia Digital\",\"url\":\"https:\\\/\\\/infobo.digital\\\/\",\"logo\":{\"@type\":\"ImageObject\",\"inLanguage\":\"es\",\"@id\":\"https:\\\/\\\/infobo.digital\\\/#\\\/schema\\\/logo\\\/image\\\/\",\"url\":\"https:\\\/\\\/infobo.digital\\\/wp-content\\\/uploads\\\/2024\\\/05\\\/cropped-logo-1.png\",\"contentUrl\":\"https:\\\/\\\/infobo.digital\\\/wp-content\\\/uploads\\\/2024\\\/05\\\/cropped-logo-1.png\",\"width\":3000,\"height\":999,\"caption\":\"Info Bolivia Digital\"},\"image\":{\"@id\":\"https:\\\/\\\/infobo.digital\\\/#\\\/schema\\\/logo\\\/image\\\/\"},\"sameAs\":[\"https:\\\/\\\/www.facebook.com\\\/profile.php?id=61560121555099&mibextid=qi2Omg&rdid=j3LLjPu1LdtSYmlZ\",\"https:\\\/\\\/www.tiktok.com\\\/@infodigital.bo?_t=8od23EgGmH8&_r=1\"]},{\"@type\":\"Person\",\"@id\":\"https:\\\/\\\/infobo.digital\\\/#\\\/schema\\\/person\\\/ecf650d5ce7363a55760f67687117a7a\",\"name\":\"Redacci\u00f3n General\",\"image\":{\"@type\":\"ImageObject\",\"inLanguage\":\"es\",\"@id\":\"https:\\\/\\\/secure.gravatar.com\\\/avatar\\\/97bd61f1308a28696179d42a05cfb514987ef11bd51bb8c6ad7056f2a513d186?s=96&d=mm&r=g\",\"url\":\"https:\\\/\\\/secure.gravatar.com\\\/avatar\\\/97bd61f1308a28696179d42a05cfb514987ef11bd51bb8c6ad7056f2a513d186?s=96&d=mm&r=g\",\"contentUrl\":\"https:\\\/\\\/secure.gravatar.com\\\/avatar\\\/97bd61f1308a28696179d42a05cfb514987ef11bd51bb8c6ad7056f2a513d186?s=96&d=mm&r=g\",\"caption\":\"Redacci\u00f3n General\"},\"sameAs\":[\"https:\\\/\\\/infobo.digital\\\/\"]}]}<\/script>\n<!-- \/ Yoast SEO plugin. -->","yoast_head_json":{"title":"Se prevee que privados asuman la importaci\u00f3n de combustibles","description":"Gobierno plantea modificar el papel de YPFB en el abastecimiento de combustibles para que el sector privado asuma la importaci\u00f3n","robots":{"index":"index","follow":"follow","max-snippet":"max-snippet:-1","max-image-preview":"max-image-preview:large","max-video-preview":"max-video-preview:-1"},"canonical":"https:\/\/infobo.digital\/?p=7457","og_locale":"es_ES","og_type":"article","og_title":"Se prevee que privados asuman la importaci\u00f3n de combustibles","og_description":"Gobierno plantea modificar el papel de YPFB en el abastecimiento de combustibles para que el sector privado asuma la importaci\u00f3n","og_url":"https:\/\/infobo.digital\/?p=7457","article_publisher":"https:\/\/www.facebook.com\/profile.php?id=61560121555099&mibextid=qi2Omg&rdid=j3LLjPu1LdtSYmlZ","article_published_time":"2026-09-02T22:28:13+00:00","article_modified_time":"2026-09-02T22:28:15+00:00","og_image":[{"width":860,"height":502,"url":"https:\/\/infobo.digital\/wp-content\/uploads\/2026\/09\/noticias-unitel_101-16944140_20260902221257.webp","type":"image\/webp"}],"author":"Redacci\u00f3n General","twitter_card":"summary_large_image","twitter_title":"Se prevee que privados asuman la importaci\u00f3n de combustibles","twitter_description":"Gobierno plantea modificar el papel de YPFB en el abastecimiento de combustibles para que el sector privado asuma la importaci\u00f3n","twitter_image":"https:\/\/infobo.digital\/wp-content\/uploads\/2026\/09\/noticias-unitel_101-16944140_20260902221257.webp","twitter_misc":{"Escrito por":"Redacci\u00f3n General","Tiempo de lectura":"2 minutos"},"schema":{"@context":"https:\/\/schema.org","@graph":[{"@type":"Article","@id":"https:\/\/infobo.digital\/?p=7457#article","isPartOf":{"@id":"https:\/\/infobo.digital\/?p=7457"},"author":{"name":"Redacci\u00f3n General","@id":"https:\/\/infobo.digital\/#\/schema\/person\/ecf650d5ce7363a55760f67687117a7a"},"headline":"Gobierno proyecta que privados asuman la importaci\u00f3n de combustibles y que YPFB vuelva a enfocarse en exploraci\u00f3n y refiner\u00edas","datePublished":"2026-09-02T22:28:13+00:00","dateModified":"2026-09-02T22:28:15+00:00","mainEntityOfPage":{"@id":"https:\/\/infobo.digital\/?p=7457"},"wordCount":396,"publisher":{"@id":"https:\/\/infobo.digital\/#organization"},"image":{"@id":"https:\/\/infobo.digital\/?p=7457#primaryimage"},"thumbnailUrl":"https:\/\/infobo.digital\/wp-content\/uploads\/2026\/09\/noticias-unitel_101-16944140_20260902221257.webp","keywords":["Combustible","Gobierno","importaci\u00f3n","YPFB"],"articleSection":["Econom\u00eda"],"inLanguage":"es"},{"@type":"WebPage","@id":"https:\/\/infobo.digital\/?p=7457","url":"https:\/\/infobo.digital\/?p=7457","name":"Se prevee que privados asuman la importaci\u00f3n de combustibles","isPartOf":{"@id":"https:\/\/infobo.digital\/#website"},"primaryImageOfPage":{"@id":"https:\/\/infobo.digital\/?p=7457#primaryimage"},"image":{"@id":"https:\/\/infobo.digital\/?p=7457#primaryimage"},"thumbnailUrl":"https:\/\/infobo.digital\/wp-content\/uploads\/2026\/09\/noticias-unitel_101-16944140_20260902221257.webp","datePublished":"2026-09-02T22:28:13+00:00","dateModified":"2026-09-02T22:28:15+00:00","description":"Gobierno plantea modificar el papel de YPFB en el abastecimiento de combustibles para que el sector privado asuma la importaci\u00f3n","breadcrumb":{"@id":"https:\/\/infobo.digital\/?p=7457#breadcrumb"},"inLanguage":"es","potentialAction":[{"@type":"ReadAction","target":["https:\/\/infobo.digital\/?p=7457"]}]},{"@type":"ImageObject","inLanguage":"es","@id":"https:\/\/infobo.digital\/?p=7457#primaryimage","url":"https:\/\/infobo.digital\/wp-content\/uploads\/2026\/09\/noticias-unitel_101-16944140_20260902221257.webp","contentUrl":"https:\/\/infobo.digital\/wp-content\/uploads\/2026\/09\/noticias-unitel_101-16944140_20260902221257.webp","width":860,"height":502},{"@type":"BreadcrumbList","@id":"https:\/\/infobo.digital\/?p=7457#breadcrumb","itemListElement":[{"@type":"ListItem","position":1,"name":"Portada","item":"https:\/\/infobo.digital\/"},{"@type":"ListItem","position":2,"name":"Gobierno proyecta que privados asuman la importaci\u00f3n de combustibles y que YPFB vuelva a enfocarse en exploraci\u00f3n y refiner\u00edas"}]},{"@type":"WebSite","@id":"https:\/\/infobo.digital\/#website","url":"https:\/\/infobo.digital\/","name":"Info Bolivia Digital","description":"","publisher":{"@id":"https:\/\/infobo.digital\/#organization"},"potentialAction":[{"@type":"SearchAction","target":{"@type":"EntryPoint","urlTemplate":"https:\/\/infobo.digital\/?s={search_term_string}"},"query-input":{"@type":"PropertyValueSpecification","valueRequired":true,"valueName":"search_term_string"}}],"inLanguage":"es"},{"@type":"Organization","@id":"https:\/\/infobo.digital\/#organization","name":"Info Bolivia Digital","alternateName":"Info Bolivia Digital","url":"https:\/\/infobo.digital\/","logo":{"@type":"ImageObject","inLanguage":"es","@id":"https:\/\/infobo.digital\/#\/schema\/logo\/image\/","url":"https:\/\/infobo.digital\/wp-content\/uploads\/2024\/05\/cropped-logo-1.png","contentUrl":"https:\/\/infobo.digital\/wp-content\/uploads\/2024\/05\/cropped-logo-1.png","width":3000,"height":999,"caption":"Info Bolivia Digital"},"image":{"@id":"https:\/\/infobo.digital\/#\/schema\/logo\/image\/"},"sameAs":["https:\/\/www.facebook.com\/profile.php?id=61560121555099&mibextid=qi2Omg&rdid=j3LLjPu1LdtSYmlZ","https:\/\/www.tiktok.com\/@infodigital.bo?_t=8od23EgGmH8&_r=1"]},{"@type":"Person","@id":"https:\/\/infobo.digital\/#\/schema\/person\/ecf650d5ce7363a55760f67687117a7a","name":"Redacci\u00f3n General","image":{"@type":"ImageObject","inLanguage":"es","@id":"https:\/\/secure.gravatar.com\/avatar\/97bd61f1308a28696179d42a05cfb514987ef11bd51bb8c6ad7056f2a513d186?s=96&d=mm&r=g","url":"https:\/\/secure.gravatar.com\/avatar\/97bd61f1308a28696179d42a05cfb514987ef11bd51bb8c6ad7056f2a513d186?s=96&d=mm&r=g","contentUrl":"https:\/\/secure.gravatar.com\/avatar\/97bd61f1308a28696179d42a05cfb514987ef11bd51bb8c6ad7056f2a513d186?s=96&d=mm&r=g","caption":"Redacci\u00f3n General"},"sameAs":["https:\/\/infobo.digital\/"]}]}},"jetpack_featured_media_url":"https:\/\/infobo.digital\/wp-content\/uploads\/2026\/09\/noticias-unitel_101-16944140_20260902221257.webp","jetpack_sharing_enabled":true,"_links":{"self":[{"href":"https:\/\/infobo.digital\/index.php?rest_route=\/wp\/v2\/posts\/7457","targetHints":{"allow":["GET"]}}],"collection":[{"href":"https:\/\/infobo.digital\/index.php?rest_route=\/wp\/v2\/posts"}],"about":[{"href":"https:\/\/infobo.digital\/index.php?rest_route=\/wp\/v2\/types\/post"}],"author":[{"embeddable":true,"href":"https:\/\/infobo.digital\/index.php?rest_route=\/wp\/v2\/users\/8"}],"replies":[{"embeddable":true,"href":"https:\/\/infobo.digital\/index.php?rest_route=%2Fwp%2Fv2%2Fcomments&post=7457"}],"version-history":[{"count":1,"href":"https:\/\/infobo.digital\/index.php?rest_route=\/wp\/v2\/posts\/7457\/revisions"}],"predecessor-version":[{"id":7459,"href":"https:\/\/infobo.digital\/index.php?rest_route=\/wp\/v2\/posts\/7457\/revisions\/7459"}],"wp:featuredmedia":[{"embeddable":true,"href":"https:\/\/infobo.digital\/index.php?rest_route=\/wp\/v2\/media\/7458"}],"wp:attachment":[{"href":"https:\/\/infobo.digital\/index.php?rest_route=%2Fwp%2Fv2%2Fmedia&parent=7457"}],"wp:term":[{"taxonomy":"category","embeddable":true,"href":"https:\/\/infobo.digital\/index.php?rest_route=%2Fwp%2Fv2%2Fcategories&post=7457"},{"taxonomy":"post_tag","embeddable":true,"href":"https:\/\/infobo.digital\/index.php?rest_route=%2Fwp%2Fv2%2Ftags&post=7457"}],"curies":[{"name":"wp","href":"https:\/\/api.w.org\/{rel}","templated":true}]}}